{"id":2565,"date":"2019-09-01T17:47:15","date_gmt":"2019-09-01T17:47:15","guid":{"rendered":"http:\/\/dublagembrasileira.com.br\/?p=2565"},"modified":"2019-09-02T11:52:47","modified_gmt":"2019-09-02T11:52:47","slug":"publico-comemora-presenca-de-dubladores-no-geekcity-2019","status":"publish","type":"post","link":"https:\/\/dublagembrasileira.com.br\/?p=2565","title":{"rendered":"P\u00fablico prestigia dubladores no GeekCity 2019."},"content":{"rendered":"<h4><em>Guilherme Briggs e Garcia Junior s\u00e3o os destaques no segundo dia de evento\u00a0em Curitiba.<\/em><\/h4>\n<hr \/>\n<p style=\"text-align: justify;\">Chegou ao fim a 3\u00aa edi\u00e7\u00e3o do <strong>GeekCity 2019<\/strong>, evento ocorrido entre os dias 30 de agosto e 1\u00ba de setembro na ExpoUnimed em Curitiba.<strong><br \/>\n<\/strong><\/p>\n<p style=\"text-align: justify;\">O primeiro dia do evento contou com a presen\u00e7a de Paul Zaloom ator que interpretou o personagem Beakman e que foi sucesso nos anos 90.<\/p>\n<p style=\"text-align: justify;\">No segundo dia do evento o destaque ficou por conta da presen\u00e7a do ator Alex Hogh Andersen, da s\u00e9rie <strong>Vikings<\/strong>. O p\u00fablico prestigiou ainda um bate-papo com os dubladores Guilherme Briggs, conhecido por dublar Buzz Lightyers, e Garcia J\u00fanior, famoso por dar voz ao He-Man.<\/p>\n<p style=\"text-align: justify;\">Briggs gentilmente cedeu uma entrevista \u00e0 imprensa antes de entrar no palco principal do evento. Os jornalistas puderam fazer algumas perguntas sobre sua carreira e ele falou um pouco sobre os bastidores da dublagem no Brasil.<\/p>\n<figure id=\"attachment_2568\" aria-describedby=\"caption-attachment-2568\" style=\"width: 704px\" class=\"wp-caption aligncenter\"><img fetchpriority=\"high\" decoding=\"async\" class=\"wp-image-2568 size-full\" src=\"http:\/\/dublagembrasileira.com.br\/wp-content\/uploads\/2019\/09\/geekcity2.jpg\" alt=\"\" width=\"704\" height=\"496\" srcset=\"https:\/\/dublagembrasileira.com.br\/wp-content\/uploads\/2019\/09\/geekcity2.jpg 704w, https:\/\/dublagembrasileira.com.br\/wp-content\/uploads\/2019\/09\/geekcity2-300x211.jpg 300w\" sizes=\"(max-width: 704px) 100vw, 704px\" \/><figcaption id=\"caption-attachment-2568\" class=\"wp-caption-text\">Guilherme Briggs e Vitinho (Cosplay do Doutor Destino).<\/figcaption><\/figure>\n<p style=\"text-align: justify;\">O dublador tamb\u00e9m fez um apelo aos f\u00e3s para n\u00e3o realizarem campanha para que ele interprete personagens pois existem outras pessoas t\u00e3o competentes quanto ele no ramo.<\/p>\n<p style=\"text-align: justify;\">J\u00e1 Garcia Junior, sempre sol\u00edcito, tamb\u00e9m concedeu entrevistas e gravou v\u00eddeos para canais geeks. No palco principal contou um pouco sobre sua trajet\u00f3ria vitoriosa na dublagem e comentou sobre os principais trabalhos realizados por ele na \u00e1rea ao longo desses 42 anos de carreira.<\/p>\n<figure id=\"attachment_2567\" aria-describedby=\"caption-attachment-2567\" style=\"width: 704px\" class=\"wp-caption aligncenter\"><img decoding=\"async\" class=\"wp-image-2567 size-full lazyload\" data-src=\"http:\/\/dublagembrasileira.com.br\/wp-content\/uploads\/2019\/09\/geekcity1.jpg\" alt=\"\" width=\"704\" height=\"496\" data-srcset=\"https:\/\/dublagembrasileira.com.br\/wp-content\/uploads\/2019\/09\/geekcity1.jpg 704w, https:\/\/dublagembrasileira.com.br\/wp-content\/uploads\/2019\/09\/geekcity1-300x211.jpg 300w\" data-sizes=\"(max-width: 704px) 100vw, 704px\" src=\"data:image\/svg+xml;base64,PHN2ZyB3aWR0aD0iMSIgaGVpZ2h0PSIxIiB4bWxucz0iaHR0cDovL3d3dy53My5vcmcvMjAwMC9zdmciPjwvc3ZnPg==\" style=\"--smush-placeholder-width: 704px; --smush-placeholder-aspect-ratio: 704\/496;\" \/><figcaption id=\"caption-attachment-2567\" class=\"wp-caption-text\">Garcia Junior concedendo entrevista no palco principal.<\/figcaption><\/figure>\n<p style=\"text-align: justify;\">Garcia ressaltou que sofreu uma certa repres\u00e1lia, por ser filho de dubladores, v\u00e1rios profissionais acreditavam que ele n\u00e3o teria a mesma capacidade dos pais e por ser crian\u00e7a. Tmb\u00e9m relembrou como era complicado a vida de ator na \u00e9poca, pois passava por uma certa discrimina\u00e7\u00e3o.<\/p>\n","protected":false},"excerpt":{"rendered":"<p>Guilherme Briggs e Garcia Junior s\u00e3o os destaques no segundo dia de evento\u00a0em Curitiba. Chegou ao fim a 3\u00aa edi\u00e7\u00e3o do GeekCity 2019, evento ocorrido entre os dias 30 de agosto e 1\u00ba de setembro na ExpoUnimed em Curitiba. O primeiro dia do evento contou com a presen\u00e7a de Paul Zaloom ator que interpretou o personagem Beakman e que foi sucesso nos anos 90. No segundo dia do evento o destaque ficou por conta da presen\u00e7a do ator Alex Hogh Andersen, da s\u00e9rie Vikings. O p\u00fablico prestigiou ainda um bate-papo com os dubladores Guilherme Briggs, conhecido por dublar Buzz Lightyers, e Garcia J\u00fanior, famoso por dar voz ao He-Man. Briggs gentilmente cedeu uma entrevista \u00e0 imprensa antes de entrar no palco principal do evento. Os jornalistas puderam fazer algumas perguntas sobre sua carreira e ele falou um pouco sobre os bastidores da dublagem no Brasil. O dublador tamb\u00e9m fez um apelo aos f\u00e3s para n\u00e3o realizarem campanha para que ele interprete personagens pois existem outras pessoas t\u00e3o competentes quanto ele no ramo. J\u00e1 Garcia Junior, sempre sol\u00edcito, tamb\u00e9m concedeu entrevistas e gravou v\u00eddeos para canais geeks. No palco principal contou um pouco sobre sua trajet\u00f3ria vitoriosa na dublagem e comentou sobre os principais trabalhos realizados por ele na \u00e1rea ao longo desses 42 anos de carreira. Garcia ressaltou que sofreu uma certa repres\u00e1lia, por ser filho de dubladores, v\u00e1rios profissionais acreditavam que ele n\u00e3o teria a mesma capacidade dos pais e por ser crian\u00e7a. Tmb\u00e9m relembrou como era complicado a vida de ator na \u00e9poca, pois passava por uma certa discrimina\u00e7\u00e3o.<\/p>\n","protected":false},"author":4,"featured_media":2569,"comment_status":"open","ping_status":"open","sticky":false,"template":"","format":"standard","meta":{"_monsterinsights_skip_tracking":false,"_monsterinsights_sitenote_active":false,"_monsterinsights_sitenote_note":"","_monsterinsights_sitenote_category":0,"footnotes":""},"categories":[21,13],"tags":[127,124,33,34,27,66],"class_list":["post-2565","post","type-post","status-publish","format-standard","has-post-thumbnail","hentry","category-acontece","category-noticias","tag-dubla","tag-dublado","tag-dublador","tag-dubladora","tag-dublagem","tag-evento"],"yoast_head":"<!-- This site is optimized with the Yoast SEO plugin v26.1.1 - https:\/\/yoast.com\/wordpress\/plugins\/seo\/ -->\n<title>P\u00fablico prestigia dubladores no GeekCity 2019. | DB - Dublagem Brasileira<\/title>\n<meta name=\"description\" content=\"P\u00fablico prestigia dubladores no GeekCity 2019. Guilherme Briggs e Garcia Junior s\u00e3o os destaques no segundo dia de evento em Curitiba.\" \/>\n<meta name=\"robots\" content=\"index, follow, max-snippet:-1, max-image-preview:large, max-video-preview:-1\" \/>\n<link rel=\"canonical\" href=\"https:\/\/dublagembrasileira.com.br\/?p=2565\" \/>\n<meta property=\"og:locale\" content=\"pt_BR\" \/>\n<meta property=\"og:type\" content=\"article\" \/>\n<meta property=\"og:title\" content=\"P\u00fablico prestigia dubladores no GeekCity 2019. | DB - Dublagem Brasileira\" \/>\n<meta property=\"og:description\" content=\"P\u00fablico prestigia dubladores no GeekCity 2019. Guilherme Briggs e Garcia Junior s\u00e3o os destaques no segundo dia de evento em Curitiba.\" \/>\n<meta property=\"og:url\" content=\"https:\/\/dublagembrasileira.com.br\/?p=2565\" \/>\n<meta property=\"og:site_name\" content=\"DB - Dublagem Brasileira\" \/>\n<meta property=\"article:author\" content=\"https:\/\/www.facebook.com\/dublagembrasileira\" \/>\n<meta property=\"article:published_time\" content=\"2019-09-01T17:47:15+00:00\" \/>\n<meta property=\"article:modified_time\" content=\"2019-09-02T11:52:47+00:00\" \/>\n<meta property=\"og:image\" content=\"https:\/\/dublagembrasileira.com.br\/wp-content\/uploads\/2019\/09\/guilherme_briggs.jpg\" \/>\n\t<meta property=\"og:image:width\" content=\"704\" \/>\n\t<meta property=\"og:image:height\" content=\"496\" \/>\n\t<meta property=\"og:image:type\" content=\"image\/jpeg\" \/>\n<meta name=\"author\" content=\"Reda\u00e7\u00e3o\" \/>\n<meta name=\"twitter:card\" content=\"summary_large_image\" \/>\n<meta name=\"twitter:creator\" content=\"@dbdublagem\" \/>\n<meta name=\"twitter:label1\" content=\"Escrito por\" \/>\n\t<meta name=\"twitter:data1\" content=\"Reda\u00e7\u00e3o\" \/>\n\t<meta name=\"twitter:label2\" content=\"Est. tempo de leitura\" \/>\n\t<meta name=\"twitter:data2\" content=\"2 minutos\" \/>\n<script type=\"application\/ld+json\" class=\"yoast-schema-graph\">{\"@context\":\"https:\/\/schema.org\",\"@graph\":[{\"@type\":\"Article\",\"@id\":\"https:\/\/dublagembrasileira.com.br\/?p=2565#article\",\"isPartOf\":{\"@id\":\"https:\/\/dublagembrasileira.com.br\/?p=2565\"},\"author\":{\"name\":\"Reda\u00e7\u00e3o\",\"@id\":\"https:\/\/dublagembrasileira.com.br\/#\/schema\/person\/a75bac594c0e9a0b96508b7e124f20d1\"},\"headline\":\"P\u00fablico prestigia dubladores no GeekCity 2019.\",\"datePublished\":\"2019-09-01T17:47:15+00:00\",\"dateModified\":\"2019-09-02T11:52:47+00:00\",\"mainEntityOfPage\":{\"@id\":\"https:\/\/dublagembrasileira.com.br\/?p=2565\"},\"wordCount\":311,\"commentCount\":0,\"publisher\":{\"@id\":\"https:\/\/dublagembrasileira.com.br\/#organization\"},\"image\":{\"@id\":\"https:\/\/dublagembrasileira.com.br\/?p=2565#primaryimage\"},\"thumbnailUrl\":\"https:\/\/dublagembrasileira.com.br\/wp-content\/uploads\/2019\/09\/guilherme_briggs.jpg\",\"keywords\":[\"dubla\",\"dublado\",\"dublador\",\"dubladora\",\"dublagem\",\"evento\"],\"articleSection\":[\"Acontece\",\"Not\u00edcias\"],\"inLanguage\":\"pt-BR\",\"potentialAction\":[{\"@type\":\"CommentAction\",\"name\":\"Comment\",\"target\":[\"https:\/\/dublagembrasileira.com.br\/?p=2565#respond\"]}]},{\"@type\":\"WebPage\",\"@id\":\"https:\/\/dublagembrasileira.com.br\/?p=2565\",\"url\":\"https:\/\/dublagembrasileira.com.br\/?p=2565\",\"name\":\"P\u00fablico prestigia dubladores no GeekCity 2019. | DB - Dublagem Brasileira\",\"isPartOf\":{\"@id\":\"https:\/\/dublagembrasileira.com.br\/#website\"},\"primaryImageOfPage\":{\"@id\":\"https:\/\/dublagembrasileira.com.br\/?p=2565#primaryimage\"},\"image\":{\"@id\":\"https:\/\/dublagembrasileira.com.br\/?p=2565#primaryimage\"},\"thumbnailUrl\":\"https:\/\/dublagembrasileira.com.br\/wp-content\/uploads\/2019\/09\/guilherme_briggs.jpg\",\"datePublished\":\"2019-09-01T17:47:15+00:00\",\"dateModified\":\"2019-09-02T11:52:47+00:00\",\"description\":\"P\u00fablico prestigia dubladores no GeekCity 2019. Guilherme Briggs e Garcia Junior s\u00e3o os destaques no segundo dia de evento em Curitiba.\",\"breadcrumb\":{\"@id\":\"https:\/\/dublagembrasileira.com.br\/?p=2565#breadcrumb\"},\"inLanguage\":\"pt-BR\",\"potentialAction\":[{\"@type\":\"ReadAction\",\"target\":[\"https:\/\/dublagembrasileira.com.br\/?p=2565\"]}]},{\"@type\":\"ImageObject\",\"inLanguage\":\"pt-BR\",\"@id\":\"https:\/\/dublagembrasileira.com.br\/?p=2565#primaryimage\",\"url\":\"https:\/\/dublagembrasileira.com.br\/wp-content\/uploads\/2019\/09\/guilherme_briggs.jpg\",\"contentUrl\":\"https:\/\/dublagembrasileira.com.br\/wp-content\/uploads\/2019\/09\/guilherme_briggs.jpg\",\"width\":704,\"height\":496},{\"@type\":\"BreadcrumbList\",\"@id\":\"https:\/\/dublagembrasileira.com.br\/?p=2565#breadcrumb\",\"itemListElement\":[{\"@type\":\"ListItem\",\"position\":1,\"name\":\"In\u00edcio\",\"item\":\"https:\/\/dublagembrasileira.com.br\/\"},{\"@type\":\"ListItem\",\"position\":2,\"name\":\"P\u00fablico prestigia dubladores no GeekCity 2019.\"}]},{\"@type\":\"WebSite\",\"@id\":\"https:\/\/dublagembrasileira.com.br\/#website\",\"url\":\"https:\/\/dublagembrasileira.com.br\/\",\"name\":\"DB - Dublagem Brasileira\",\"description\":\"O seu portal de dublagem.\",\"publisher\":{\"@id\":\"https:\/\/dublagembrasileira.com.br\/#organization\"},\"potentialAction\":[{\"@type\":\"SearchAction\",\"target\":{\"@type\":\"EntryPoint\",\"urlTemplate\":\"https:\/\/dublagembrasileira.com.br\/?s={search_term_string}\"},\"query-input\":{\"@type\":\"PropertyValueSpecification\",\"valueRequired\":true,\"valueName\":\"search_term_string\"}}],\"inLanguage\":\"pt-BR\"},{\"@type\":\"Organization\",\"@id\":\"https:\/\/dublagembrasileira.com.br\/#organization\",\"name\":\"DB - Dublagem Brasileira\",\"url\":\"https:\/\/dublagembrasileira.com.br\/\",\"logo\":{\"@type\":\"ImageObject\",\"inLanguage\":\"pt-BR\",\"@id\":\"https:\/\/dublagembrasileira.com.br\/#\/schema\/logo\/image\/\",\"url\":\"https:\/\/dublagembrasileira.com.br\/wp-content\/uploads\/2019\/07\/cropped-logotipodb.png\",\"contentUrl\":\"https:\/\/dublagembrasileira.com.br\/wp-content\/uploads\/2019\/07\/cropped-logotipodb.png\",\"width\":946,\"height\":589,\"caption\":\"DB - Dublagem Brasileira\"},\"image\":{\"@id\":\"https:\/\/dublagembrasileira.com.br\/#\/schema\/logo\/image\/\"}},{\"@type\":\"Person\",\"@id\":\"https:\/\/dublagembrasileira.com.br\/#\/schema\/person\/a75bac594c0e9a0b96508b7e124f20d1\",\"name\":\"Reda\u00e7\u00e3o\",\"image\":{\"@type\":\"ImageObject\",\"inLanguage\":\"pt-BR\",\"@id\":\"https:\/\/dublagembrasileira.com.br\/#\/schema\/person\/image\/\",\"url\":\"http:\/\/dublagembrasileira.com.br\/wp-content\/uploads\/2025\/06\/admin-96x96.jpg\",\"contentUrl\":\"http:\/\/dublagembrasileira.com.br\/wp-content\/uploads\/2025\/06\/admin-96x96.jpg\",\"caption\":\"Reda\u00e7\u00e3o\"},\"description\":\"Equipe do DB.\",\"sameAs\":[\"https:\/\/www.facebook.com\/dublagembrasileira\",\"https:\/\/www.instagram.com\/dbdublagembrasileira\",\"https:\/\/x.com\/dbdublagem\"],\"url\":\"https:\/\/dublagembrasileira.com.br\/?author=4\"}]}<\/script>\n<!-- \/ Yoast SEO plugin. -->","yoast_head_json":{"title":"P\u00fablico prestigia dubladores no GeekCity 2019. | DB - Dublagem Brasileira","description":"P\u00fablico prestigia dubladores no GeekCity 2019. Guilherme Briggs e Garcia Junior s\u00e3o os destaques no segundo dia de evento em Curitiba.","robots":{"index":"index","follow":"follow","max-snippet":"max-snippet:-1","max-image-preview":"max-image-preview:large","max-video-preview":"max-video-preview:-1"},"canonical":"https:\/\/dublagembrasileira.com.br\/?p=2565","og_locale":"pt_BR","og_type":"article","og_title":"P\u00fablico prestigia dubladores no GeekCity 2019. | DB - Dublagem Brasileira","og_description":"P\u00fablico prestigia dubladores no GeekCity 2019. Guilherme Briggs e Garcia Junior s\u00e3o os destaques no segundo dia de evento em Curitiba.","og_url":"https:\/\/dublagembrasileira.com.br\/?p=2565","og_site_name":"DB - Dublagem Brasileira","article_author":"https:\/\/www.facebook.com\/dublagembrasileira","article_published_time":"2019-09-01T17:47:15+00:00","article_modified_time":"2019-09-02T11:52:47+00:00","og_image":[{"width":704,"height":496,"url":"https:\/\/dublagembrasileira.com.br\/wp-content\/uploads\/2019\/09\/guilherme_briggs.jpg","type":"image\/jpeg"}],"author":"Reda\u00e7\u00e3o","twitter_card":"summary_large_image","twitter_creator":"@dbdublagem","twitter_misc":{"Escrito por":"Reda\u00e7\u00e3o","Est. tempo de leitura":"2 minutos"},"schema":{"@context":"https:\/\/schema.org","@graph":[{"@type":"Article","@id":"https:\/\/dublagembrasileira.com.br\/?p=2565#article","isPartOf":{"@id":"https:\/\/dublagembrasileira.com.br\/?p=2565"},"author":{"name":"Reda\u00e7\u00e3o","@id":"https:\/\/dublagembrasileira.com.br\/#\/schema\/person\/a75bac594c0e9a0b96508b7e124f20d1"},"headline":"P\u00fablico prestigia dubladores no GeekCity 2019.","datePublished":"2019-09-01T17:47:15+00:00","dateModified":"2019-09-02T11:52:47+00:00","mainEntityOfPage":{"@id":"https:\/\/dublagembrasileira.com.br\/?p=2565"},"wordCount":311,"commentCount":0,"publisher":{"@id":"https:\/\/dublagembrasileira.com.br\/#organization"},"image":{"@id":"https:\/\/dublagembrasileira.com.br\/?p=2565#primaryimage"},"thumbnailUrl":"https:\/\/dublagembrasileira.com.br\/wp-content\/uploads\/2019\/09\/guilherme_briggs.jpg","keywords":["dubla","dublado","dublador","dubladora","dublagem","evento"],"articleSection":["Acontece","Not\u00edcias"],"inLanguage":"pt-BR","potentialAction":[{"@type":"CommentAction","name":"Comment","target":["https:\/\/dublagembrasileira.com.br\/?p=2565#respond"]}]},{"@type":"WebPage","@id":"https:\/\/dublagembrasileira.com.br\/?p=2565","url":"https:\/\/dublagembrasileira.com.br\/?p=2565","name":"P\u00fablico prestigia dubladores no GeekCity 2019. | DB - Dublagem Brasileira","isPartOf":{"@id":"https:\/\/dublagembrasileira.com.br\/#website"},"primaryImageOfPage":{"@id":"https:\/\/dublagembrasileira.com.br\/?p=2565#primaryimage"},"image":{"@id":"https:\/\/dublagembrasileira.com.br\/?p=2565#primaryimage"},"thumbnailUrl":"https:\/\/dublagembrasileira.com.br\/wp-content\/uploads\/2019\/09\/guilherme_briggs.jpg","datePublished":"2019-09-01T17:47:15+00:00","dateModified":"2019-09-02T11:52:47+00:00","description":"P\u00fablico prestigia dubladores no GeekCity 2019. Guilherme Briggs e Garcia Junior s\u00e3o os destaques no segundo dia de evento em Curitiba.","breadcrumb":{"@id":"https:\/\/dublagembrasileira.com.br\/?p=2565#breadcrumb"},"inLanguage":"pt-BR","potentialAction":[{"@type":"ReadAction","target":["https:\/\/dublagembrasileira.com.br\/?p=2565"]}]},{"@type":"ImageObject","inLanguage":"pt-BR","@id":"https:\/\/dublagembrasileira.com.br\/?p=2565#primaryimage","url":"https:\/\/dublagembrasileira.com.br\/wp-content\/uploads\/2019\/09\/guilherme_briggs.jpg","contentUrl":"https:\/\/dublagembrasileira.com.br\/wp-content\/uploads\/2019\/09\/guilherme_briggs.jpg","width":704,"height":496},{"@type":"BreadcrumbList","@id":"https:\/\/dublagembrasileira.com.br\/?p=2565#breadcrumb","itemListElement":[{"@type":"ListItem","position":1,"name":"In\u00edcio","item":"https:\/\/dublagembrasileira.com.br\/"},{"@type":"ListItem","position":2,"name":"P\u00fablico prestigia dubladores no GeekCity 2019."}]},{"@type":"WebSite","@id":"https:\/\/dublagembrasileira.com.br\/#website","url":"https:\/\/dublagembrasileira.com.br\/","name":"DB - Dublagem Brasileira","description":"O seu portal de dublagem.","publisher":{"@id":"https:\/\/dublagembrasileira.com.br\/#organization"},"potentialAction":[{"@type":"SearchAction","target":{"@type":"EntryPoint","urlTemplate":"https:\/\/dublagembrasileira.com.br\/?s={search_term_string}"},"query-input":{"@type":"PropertyValueSpecification","valueRequired":true,"valueName":"search_term_string"}}],"inLanguage":"pt-BR"},{"@type":"Organization","@id":"https:\/\/dublagembrasileira.com.br\/#organization","name":"DB - Dublagem Brasileira","url":"https:\/\/dublagembrasileira.com.br\/","logo":{"@type":"ImageObject","inLanguage":"pt-BR","@id":"https:\/\/dublagembrasileira.com.br\/#\/schema\/logo\/image\/","url":"https:\/\/dublagembrasileira.com.br\/wp-content\/uploads\/2019\/07\/cropped-logotipodb.png","contentUrl":"https:\/\/dublagembrasileira.com.br\/wp-content\/uploads\/2019\/07\/cropped-logotipodb.png","width":946,"height":589,"caption":"DB - Dublagem Brasileira"},"image":{"@id":"https:\/\/dublagembrasileira.com.br\/#\/schema\/logo\/image\/"}},{"@type":"Person","@id":"https:\/\/dublagembrasileira.com.br\/#\/schema\/person\/a75bac594c0e9a0b96508b7e124f20d1","name":"Reda\u00e7\u00e3o","image":{"@type":"ImageObject","inLanguage":"pt-BR","@id":"https:\/\/dublagembrasileira.com.br\/#\/schema\/person\/image\/","url":"http:\/\/dublagembrasileira.com.br\/wp-content\/uploads\/2025\/06\/admin-96x96.jpg","contentUrl":"http:\/\/dublagembrasileira.com.br\/wp-content\/uploads\/2025\/06\/admin-96x96.jpg","caption":"Reda\u00e7\u00e3o"},"description":"Equipe do DB.","sameAs":["https:\/\/www.facebook.com\/dublagembrasileira","https:\/\/www.instagram.com\/dbdublagembrasileira","https:\/\/x.com\/dbdublagem"],"url":"https:\/\/dublagembrasileira.com.br\/?author=4"}]}},"rttpg_featured_image_url":{"full":["https:\/\/dublagembrasileira.com.br\/wp-content\/uploads\/2019\/09\/guilherme_briggs.jpg",704,496,false],"landscape":["https:\/\/dublagembrasileira.com.br\/wp-content\/uploads\/2019\/09\/guilherme_briggs.jpg",704,496,false],"portraits":["https:\/\/dublagembrasileira.com.br\/wp-content\/uploads\/2019\/09\/guilherme_briggs.jpg",704,496,false],"thumbnail":["https:\/\/dublagembrasileira.com.br\/wp-content\/uploads\/2019\/09\/guilherme_briggs-150x150.jpg",150,150,true],"medium":["https:\/\/dublagembrasileira.com.br\/wp-content\/uploads\/2019\/09\/guilherme_briggs-300x211.jpg",300,211,true],"large":["https:\/\/dublagembrasileira.com.br\/wp-content\/uploads\/2019\/09\/guilherme_briggs.jpg",640,451,false],"1536x1536":["https:\/\/dublagembrasileira.com.br\/wp-content\/uploads\/2019\/09\/guilherme_briggs.jpg",704,496,false],"2048x2048":["https:\/\/dublagembrasileira.com.br\/wp-content\/uploads\/2019\/09\/guilherme_briggs.jpg",704,496,false],"eggnews-slider-large":["https:\/\/dublagembrasileira.com.br\/wp-content\/uploads\/2019\/09\/guilherme_briggs.jpg",704,496,false],"eggnews-featured-medium":["https:\/\/dublagembrasileira.com.br\/wp-content\/uploads\/2019\/09\/guilherme_briggs-420x307.jpg",420,307,true],"eggnews-featured-long":["https:\/\/dublagembrasileira.com.br\/wp-content\/uploads\/2019\/09\/guilherme_briggs-300x443.jpg",300,443,true],"eggnews-block-medium":["https:\/\/dublagembrasileira.com.br\/wp-content\/uploads\/2019\/09\/guilherme_briggs-464x290.jpg",464,290,true],"eggnews-carousel-image":["https:\/\/dublagembrasileira.com.br\/wp-content\/uploads\/2019\/09\/guilherme_briggs-600x496.jpg",600,496,true],"eggnews-block-thumb":["https:\/\/dublagembrasileira.com.br\/wp-content\/uploads\/2019\/09\/guilherme_briggs-322x230.jpg",322,230,true],"eggnews-single-large":["https:\/\/dublagembrasileira.com.br\/wp-content\/uploads\/2019\/09\/guilherme_briggs.jpg",704,496,false],"crp_thumbnail":["https:\/\/dublagembrasileira.com.br\/wp-content\/uploads\/2019\/09\/guilherme_briggs-150x150.jpg",150,150,true]},"rttpg_author":{"display_name":"Reda\u00e7\u00e3o","author_link":"https:\/\/dublagembrasileira.com.br\/?author=4"},"rttpg_comment":1,"rttpg_category":"<a href=\"https:\/\/dublagembrasileira.com.br\/?cat=21\" rel=\"category\">Acontece<\/a> <a href=\"https:\/\/dublagembrasileira.com.br\/?cat=13\" rel=\"category\">Not\u00edcias<\/a>","rttpg_excerpt":"Guilherme Briggs e Garcia Junior s\u00e3o os destaques no segundo dia de evento\u00a0em Curitiba. Chegou ao fim a 3\u00aa edi\u00e7\u00e3o do GeekCity 2019, evento ocorrido entre os dias 30 de agosto e 1\u00ba de setembro na ExpoUnimed em Curitiba. O primeiro dia do evento contou com a presen\u00e7a de Paul Zaloom ator que interpretou o&hellip;","_links":{"self":[{"href":"https:\/\/dublagembrasileira.com.br\/index.php?rest_route=\/wp\/v2\/posts\/2565","targetHints":{"allow":["GET"]}}],"collection":[{"href":"https:\/\/dublagembrasileira.com.br\/index.php?rest_route=\/wp\/v2\/posts"}],"about":[{"href":"https:\/\/dublagembrasileira.com.br\/index.php?rest_route=\/wp\/v2\/types\/post"}],"author":[{"embeddable":true,"href":"https:\/\/dublagembrasileira.com.br\/index.php?rest_route=\/wp\/v2\/users\/4"}],"replies":[{"embeddable":true,"href":"https:\/\/dublagembrasileira.com.br\/index.php?rest_route=%2Fwp%2Fv2%2Fcomments&post=2565"}],"version-history":[{"count":5,"href":"https:\/\/dublagembrasileira.com.br\/index.php?rest_route=\/wp\/v2\/posts\/2565\/revisions"}],"predecessor-version":[{"id":2574,"href":"https:\/\/dublagembrasileira.com.br\/index.php?rest_route=\/wp\/v2\/posts\/2565\/revisions\/2574"}],"wp:featuredmedia":[{"embeddable":true,"href":"https:\/\/dublagembrasileira.com.br\/index.php?rest_route=\/wp\/v2\/media\/2569"}],"wp:attachment":[{"href":"https:\/\/dublagembrasileira.com.br\/index.php?rest_route=%2Fwp%2Fv2%2Fmedia&parent=2565"}],"wp:term":[{"taxonomy":"category","embeddable":true,"href":"https:\/\/dublagembrasileira.com.br\/index.php?rest_route=%2Fwp%2Fv2%2Fcategories&post=2565"},{"taxonomy":"post_tag","embeddable":true,"href":"https:\/\/dublagembrasileira.com.br\/index.php?rest_route=%2Fwp%2Fv2%2Ftags&post=2565"}],"curies":[{"name":"wp","href":"https:\/\/api.w.org\/{rel}","templated":true}]}}