{"id":2549,"date":"2019-08-30T22:04:21","date_gmt":"2019-08-30T22:04:21","guid":{"rendered":"http:\/\/dublagembrasileira.com.br\/?p=2549"},"modified":"2019-09-02T11:52:29","modified_gmt":"2019-09-02T11:52:29","slug":"domingo-espetacular-apresenta-materia-com-dubladores","status":"publish","type":"post","link":"https:\/\/dublagembrasileira.com.br\/?p=2549","title":{"rendered":"Domingo Espetacular apresenta mat\u00e9ria com dubladores."},"content":{"rendered":"<h4><em>Domingo, Duda Espinoza e Cl\u00e1udio Galvan estar\u00e3o em mat\u00e9ria da TV Record.<\/em><\/h4>\n<hr \/>\n<p style=\"text-align: justify;\">No pr\u00f3ximo final de semana, finalmente vai ao ar no <a href=\"https:\/\/recordtv.r7.com\/domingo-espetacular\"><strong>Domingo Espetacular<\/strong><\/a> a mat\u00e9ria sobre vozes brasileiras anunciada pelos dubladores Duda Espinoza e Cl\u00e1udio Galvan no dia 10 de agosto atrav\u00e9s das redes sociais.<\/p>\n<p style=\"text-align: justify;\">Segundo o setor jornal\u00edstico da TV Record, a edi\u00e7\u00e3o do VT &#8220;Vozes Marcantes&#8221; est\u00e1 finalizada e com previs\u00e3o para ir ao ar no dia 1\u00ba de setembro, por\u00e9m se ocorrer algum imprevisto noticiaremos em tempo aqui no site.<\/p>\n<p style=\"text-align: justify;\">Na mat\u00e9ria, os dubladores concederam depoimentos onde falaram \u00e0 jornalista Fernanda Sanches um pouco sobre a atividade de dublador. Duda \u00e9 conhecido por emprestar a voz ao Capit\u00e3o Am\u00e9rica em <strong>Vingadores: Ultimato<\/strong> e Cl\u00e1udio Galvan por dublar Fifi em <strong>O Bicho Vai Pegar<\/strong>.<\/p>\n<p style=\"text-align: justify;\">O programa <strong>Domingo Espetacular<\/strong>, \u00e9 uma revista eletr\u00f4nica de entretenimento e informa\u00e7\u00e3o, com not\u00edcias, esportes, fofocas e assuntos variados, que vai ao ar aos domingos das 19h \u00e0s 22h.<\/p>\n","protected":false},"excerpt":{"rendered":"<p>Domingo, Duda Espinoza e Cl\u00e1udio Galvan estar\u00e3o em mat\u00e9ria da TV Record. No pr\u00f3ximo final de semana, finalmente vai ao ar no Domingo Espetacular a mat\u00e9ria sobre vozes brasileiras anunciada pelos dubladores Duda Espinoza e Cl\u00e1udio Galvan no dia 10 de agosto atrav\u00e9s das redes sociais. Segundo o setor jornal\u00edstico da TV Record, a edi\u00e7\u00e3o do VT &#8220;Vozes Marcantes&#8221; est\u00e1 finalizada e com previs\u00e3o para ir ao ar no dia 1\u00ba de setembro, por\u00e9m se ocorrer algum imprevisto noticiaremos em tempo aqui no site. Na mat\u00e9ria, os dubladores concederam depoimentos onde falaram \u00e0 jornalista Fernanda Sanches um pouco sobre a atividade de dublador. Duda \u00e9 conhecido por emprestar a voz ao Capit\u00e3o Am\u00e9rica em Vingadores: Ultimato e Cl\u00e1udio Galvan por dublar Fifi em O Bicho Vai Pegar. O programa Domingo Espetacular, \u00e9 uma revista eletr\u00f4nica de entretenimento e informa\u00e7\u00e3o, com not\u00edcias, esportes, fofocas e assuntos variados, que vai ao ar aos domingos das 19h \u00e0s 22h.<\/p>\n","protected":false},"author":4,"featured_media":1979,"comment_status":"open","ping_status":"open","sticky":false,"template":"","format":"standard","meta":{"_monsterinsights_skip_tracking":false,"_monsterinsights_sitenote_active":false,"_monsterinsights_sitenote_note":"","_monsterinsights_sitenote_category":0,"footnotes":""},"categories":[13,8],"tags":[127,124,33,34,27,174,37],"class_list":["post-2549","post","type-post","status-publish","format-standard","has-post-thumbnail","hentry","category-noticias","category-televisao","tag-dubla","tag-dublado","tag-dublador","tag-dubladora","tag-dublagem","tag-jornal","tag-televisao"],"yoast_head":"<!-- This site is optimized with the Yoast SEO plugin v26.1.1 - https:\/\/yoast.com\/wordpress\/plugins\/seo\/ -->\n<title>Domingo Espetacular apresenta mat\u00e9ria com dubladores. | DB - Dublagem Brasileira<\/title>\n<meta name=\"description\" content=\"Domingo Espetacular apresenta mat\u00e9ria com dubladores. Duda Espinoza e Cl\u00e1udio Galvan s\u00e3o destaques em mat\u00e9ria da TV Record.\" \/>\n<meta name=\"robots\" content=\"index, follow, max-snippet:-1, max-image-preview:large, max-video-preview:-1\" \/>\n<link rel=\"canonical\" href=\"https:\/\/dublagembrasileira.com.br\/?p=2549\" \/>\n<meta property=\"og:locale\" content=\"pt_BR\" \/>\n<meta property=\"og:type\" content=\"article\" \/>\n<meta property=\"og:title\" content=\"Domingo Espetacular apresenta mat\u00e9ria com dubladores. | DB - Dublagem Brasileira\" \/>\n<meta property=\"og:description\" content=\"Domingo Espetacular apresenta mat\u00e9ria com dubladores. Duda Espinoza e Cl\u00e1udio Galvan s\u00e3o destaques em mat\u00e9ria da TV Record.\" \/>\n<meta property=\"og:url\" content=\"https:\/\/dublagembrasileira.com.br\/?p=2549\" \/>\n<meta property=\"og:site_name\" content=\"DB - Dublagem Brasileira\" \/>\n<meta property=\"article:author\" content=\"https:\/\/www.facebook.com\/dublagembrasileira\" \/>\n<meta property=\"article:published_time\" content=\"2019-08-30T22:04:21+00:00\" \/>\n<meta property=\"article:modified_time\" content=\"2019-09-02T11:52:29+00:00\" \/>\n<meta property=\"og:image\" content=\"https:\/\/dublagembrasileira.com.br\/wp-content\/uploads\/2019\/08\/duda_galvan.jpg\" \/>\n\t<meta property=\"og:image:width\" content=\"704\" \/>\n\t<meta property=\"og:image:height\" content=\"496\" \/>\n\t<meta property=\"og:image:type\" content=\"image\/jpeg\" \/>\n<meta name=\"author\" content=\"Reda\u00e7\u00e3o\" \/>\n<meta name=\"twitter:card\" content=\"summary_large_image\" \/>\n<meta name=\"twitter:creator\" content=\"@dbdublagem\" \/>\n<meta name=\"twitter:label1\" content=\"Escrito por\" \/>\n\t<meta name=\"twitter:data1\" content=\"Reda\u00e7\u00e3o\" \/>\n\t<meta name=\"twitter:label2\" content=\"Est. tempo de leitura\" \/>\n\t<meta name=\"twitter:data2\" content=\"1 minuto\" \/>\n<script type=\"application\/ld+json\" class=\"yoast-schema-graph\">{\"@context\":\"https:\/\/schema.org\",\"@graph\":[{\"@type\":\"Article\",\"@id\":\"https:\/\/dublagembrasileira.com.br\/?p=2549#article\",\"isPartOf\":{\"@id\":\"https:\/\/dublagembrasileira.com.br\/?p=2549\"},\"author\":{\"name\":\"Reda\u00e7\u00e3o\",\"@id\":\"https:\/\/dublagembrasileira.com.br\/#\/schema\/person\/a75bac594c0e9a0b96508b7e124f20d1\"},\"headline\":\"Domingo Espetacular apresenta mat\u00e9ria com dubladores.\",\"datePublished\":\"2019-08-30T22:04:21+00:00\",\"dateModified\":\"2019-09-02T11:52:29+00:00\",\"mainEntityOfPage\":{\"@id\":\"https:\/\/dublagembrasileira.com.br\/?p=2549\"},\"wordCount\":176,\"commentCount\":0,\"publisher\":{\"@id\":\"https:\/\/dublagembrasileira.com.br\/#organization\"},\"image\":{\"@id\":\"https:\/\/dublagembrasileira.com.br\/?p=2549#primaryimage\"},\"thumbnailUrl\":\"https:\/\/dublagembrasileira.com.br\/wp-content\/uploads\/2019\/08\/duda_galvan.jpg\",\"keywords\":[\"dubla\",\"dublado\",\"dublador\",\"dubladora\",\"dublagem\",\"jornal\",\"televis\u00e3o\"],\"articleSection\":[\"Not\u00edcias\",\"Televis\u00e3o\"],\"inLanguage\":\"pt-BR\",\"potentialAction\":[{\"@type\":\"CommentAction\",\"name\":\"Comment\",\"target\":[\"https:\/\/dublagembrasileira.com.br\/?p=2549#respond\"]}]},{\"@type\":\"WebPage\",\"@id\":\"https:\/\/dublagembrasileira.com.br\/?p=2549\",\"url\":\"https:\/\/dublagembrasileira.com.br\/?p=2549\",\"name\":\"Domingo Espetacular apresenta mat\u00e9ria com dubladores. | DB - Dublagem Brasileira\",\"isPartOf\":{\"@id\":\"https:\/\/dublagembrasileira.com.br\/#website\"},\"primaryImageOfPage\":{\"@id\":\"https:\/\/dublagembrasileira.com.br\/?p=2549#primaryimage\"},\"image\":{\"@id\":\"https:\/\/dublagembrasileira.com.br\/?p=2549#primaryimage\"},\"thumbnailUrl\":\"https:\/\/dublagembrasileira.com.br\/wp-content\/uploads\/2019\/08\/duda_galvan.jpg\",\"datePublished\":\"2019-08-30T22:04:21+00:00\",\"dateModified\":\"2019-09-02T11:52:29+00:00\",\"description\":\"Domingo Espetacular apresenta mat\u00e9ria com dubladores. Duda Espinoza e Cl\u00e1udio Galvan s\u00e3o destaques em mat\u00e9ria da TV Record.\",\"breadcrumb\":{\"@id\":\"https:\/\/dublagembrasileira.com.br\/?p=2549#breadcrumb\"},\"inLanguage\":\"pt-BR\",\"potentialAction\":[{\"@type\":\"ReadAction\",\"target\":[\"https:\/\/dublagembrasileira.com.br\/?p=2549\"]}]},{\"@type\":\"ImageObject\",\"inLanguage\":\"pt-BR\",\"@id\":\"https:\/\/dublagembrasileira.com.br\/?p=2549#primaryimage\",\"url\":\"https:\/\/dublagembrasileira.com.br\/wp-content\/uploads\/2019\/08\/duda_galvan.jpg\",\"contentUrl\":\"https:\/\/dublagembrasileira.com.br\/wp-content\/uploads\/2019\/08\/duda_galvan.jpg\",\"width\":704,\"height\":496},{\"@type\":\"BreadcrumbList\",\"@id\":\"https:\/\/dublagembrasileira.com.br\/?p=2549#breadcrumb\",\"itemListElement\":[{\"@type\":\"ListItem\",\"position\":1,\"name\":\"In\u00edcio\",\"item\":\"https:\/\/dublagembrasileira.com.br\/\"},{\"@type\":\"ListItem\",\"position\":2,\"name\":\"Domingo Espetacular apresenta mat\u00e9ria com dubladores.\"}]},{\"@type\":\"WebSite\",\"@id\":\"https:\/\/dublagembrasileira.com.br\/#website\",\"url\":\"https:\/\/dublagembrasileira.com.br\/\",\"name\":\"DB - Dublagem Brasileira\",\"description\":\"O seu portal de dublagem.\",\"publisher\":{\"@id\":\"https:\/\/dublagembrasileira.com.br\/#organization\"},\"potentialAction\":[{\"@type\":\"SearchAction\",\"target\":{\"@type\":\"EntryPoint\",\"urlTemplate\":\"https:\/\/dublagembrasileira.com.br\/?s={search_term_string}\"},\"query-input\":{\"@type\":\"PropertyValueSpecification\",\"valueRequired\":true,\"valueName\":\"search_term_string\"}}],\"inLanguage\":\"pt-BR\"},{\"@type\":\"Organization\",\"@id\":\"https:\/\/dublagembrasileira.com.br\/#organization\",\"name\":\"DB - Dublagem Brasileira\",\"url\":\"https:\/\/dublagembrasileira.com.br\/\",\"logo\":{\"@type\":\"ImageObject\",\"inLanguage\":\"pt-BR\",\"@id\":\"https:\/\/dublagembrasileira.com.br\/#\/schema\/logo\/image\/\",\"url\":\"https:\/\/dublagembrasileira.com.br\/wp-content\/uploads\/2019\/07\/cropped-logotipodb.png\",\"contentUrl\":\"https:\/\/dublagembrasileira.com.br\/wp-content\/uploads\/2019\/07\/cropped-logotipodb.png\",\"width\":946,\"height\":589,\"caption\":\"DB - Dublagem Brasileira\"},\"image\":{\"@id\":\"https:\/\/dublagembrasileira.com.br\/#\/schema\/logo\/image\/\"}},{\"@type\":\"Person\",\"@id\":\"https:\/\/dublagembrasileira.com.br\/#\/schema\/person\/a75bac594c0e9a0b96508b7e124f20d1\",\"name\":\"Reda\u00e7\u00e3o\",\"image\":{\"@type\":\"ImageObject\",\"inLanguage\":\"pt-BR\",\"@id\":\"https:\/\/dublagembrasileira.com.br\/#\/schema\/person\/image\/\",\"url\":\"http:\/\/dublagembrasileira.com.br\/wp-content\/uploads\/2025\/06\/admin-96x96.jpg\",\"contentUrl\":\"http:\/\/dublagembrasileira.com.br\/wp-content\/uploads\/2025\/06\/admin-96x96.jpg\",\"caption\":\"Reda\u00e7\u00e3o\"},\"description\":\"Equipe do DB.\",\"sameAs\":[\"https:\/\/www.facebook.com\/dublagembrasileira\",\"https:\/\/www.instagram.com\/dbdublagembrasileira\",\"https:\/\/x.com\/dbdublagem\"],\"url\":\"https:\/\/dublagembrasileira.com.br\/?author=4\"}]}<\/script>\n<!-- \/ Yoast SEO plugin. -->","yoast_head_json":{"title":"Domingo Espetacular apresenta mat\u00e9ria com dubladores. | DB - Dublagem Brasileira","description":"Domingo Espetacular apresenta mat\u00e9ria com dubladores. Duda Espinoza e Cl\u00e1udio Galvan s\u00e3o destaques em mat\u00e9ria da TV Record.","robots":{"index":"index","follow":"follow","max-snippet":"max-snippet:-1","max-image-preview":"max-image-preview:large","max-video-preview":"max-video-preview:-1"},"canonical":"https:\/\/dublagembrasileira.com.br\/?p=2549","og_locale":"pt_BR","og_type":"article","og_title":"Domingo Espetacular apresenta mat\u00e9ria com dubladores. | DB - Dublagem Brasileira","og_description":"Domingo Espetacular apresenta mat\u00e9ria com dubladores. Duda Espinoza e Cl\u00e1udio Galvan s\u00e3o destaques em mat\u00e9ria da TV Record.","og_url":"https:\/\/dublagembrasileira.com.br\/?p=2549","og_site_name":"DB - Dublagem Brasileira","article_author":"https:\/\/www.facebook.com\/dublagembrasileira","article_published_time":"2019-08-30T22:04:21+00:00","article_modified_time":"2019-09-02T11:52:29+00:00","og_image":[{"width":704,"height":496,"url":"https:\/\/dublagembrasileira.com.br\/wp-content\/uploads\/2019\/08\/duda_galvan.jpg","type":"image\/jpeg"}],"author":"Reda\u00e7\u00e3o","twitter_card":"summary_large_image","twitter_creator":"@dbdublagem","twitter_misc":{"Escrito por":"Reda\u00e7\u00e3o","Est. tempo de leitura":"1 minuto"},"schema":{"@context":"https:\/\/schema.org","@graph":[{"@type":"Article","@id":"https:\/\/dublagembrasileira.com.br\/?p=2549#article","isPartOf":{"@id":"https:\/\/dublagembrasileira.com.br\/?p=2549"},"author":{"name":"Reda\u00e7\u00e3o","@id":"https:\/\/dublagembrasileira.com.br\/#\/schema\/person\/a75bac594c0e9a0b96508b7e124f20d1"},"headline":"Domingo Espetacular apresenta mat\u00e9ria com dubladores.","datePublished":"2019-08-30T22:04:21+00:00","dateModified":"2019-09-02T11:52:29+00:00","mainEntityOfPage":{"@id":"https:\/\/dublagembrasileira.com.br\/?p=2549"},"wordCount":176,"commentCount":0,"publisher":{"@id":"https:\/\/dublagembrasileira.com.br\/#organization"},"image":{"@id":"https:\/\/dublagembrasileira.com.br\/?p=2549#primaryimage"},"thumbnailUrl":"https:\/\/dublagembrasileira.com.br\/wp-content\/uploads\/2019\/08\/duda_galvan.jpg","keywords":["dubla","dublado","dublador","dubladora","dublagem","jornal","televis\u00e3o"],"articleSection":["Not\u00edcias","Televis\u00e3o"],"inLanguage":"pt-BR","potentialAction":[{"@type":"CommentAction","name":"Comment","target":["https:\/\/dublagembrasileira.com.br\/?p=2549#respond"]}]},{"@type":"WebPage","@id":"https:\/\/dublagembrasileira.com.br\/?p=2549","url":"https:\/\/dublagembrasileira.com.br\/?p=2549","name":"Domingo Espetacular apresenta mat\u00e9ria com dubladores. | DB - Dublagem Brasileira","isPartOf":{"@id":"https:\/\/dublagembrasileira.com.br\/#website"},"primaryImageOfPage":{"@id":"https:\/\/dublagembrasileira.com.br\/?p=2549#primaryimage"},"image":{"@id":"https:\/\/dublagembrasileira.com.br\/?p=2549#primaryimage"},"thumbnailUrl":"https:\/\/dublagembrasileira.com.br\/wp-content\/uploads\/2019\/08\/duda_galvan.jpg","datePublished":"2019-08-30T22:04:21+00:00","dateModified":"2019-09-02T11:52:29+00:00","description":"Domingo Espetacular apresenta mat\u00e9ria com dubladores. Duda Espinoza e Cl\u00e1udio Galvan s\u00e3o destaques em mat\u00e9ria da TV Record.","breadcrumb":{"@id":"https:\/\/dublagembrasileira.com.br\/?p=2549#breadcrumb"},"inLanguage":"pt-BR","potentialAction":[{"@type":"ReadAction","target":["https:\/\/dublagembrasileira.com.br\/?p=2549"]}]},{"@type":"ImageObject","inLanguage":"pt-BR","@id":"https:\/\/dublagembrasileira.com.br\/?p=2549#primaryimage","url":"https:\/\/dublagembrasileira.com.br\/wp-content\/uploads\/2019\/08\/duda_galvan.jpg","contentUrl":"https:\/\/dublagembrasileira.com.br\/wp-content\/uploads\/2019\/08\/duda_galvan.jpg","width":704,"height":496},{"@type":"BreadcrumbList","@id":"https:\/\/dublagembrasileira.com.br\/?p=2549#breadcrumb","itemListElement":[{"@type":"ListItem","position":1,"name":"In\u00edcio","item":"https:\/\/dublagembrasileira.com.br\/"},{"@type":"ListItem","position":2,"name":"Domingo Espetacular apresenta mat\u00e9ria com dubladores."}]},{"@type":"WebSite","@id":"https:\/\/dublagembrasileira.com.br\/#website","url":"https:\/\/dublagembrasileira.com.br\/","name":"DB - Dublagem Brasileira","description":"O seu portal de dublagem.","publisher":{"@id":"https:\/\/dublagembrasileira.com.br\/#organization"},"potentialAction":[{"@type":"SearchAction","target":{"@type":"EntryPoint","urlTemplate":"https:\/\/dublagembrasileira.com.br\/?s={search_term_string}"},"query-input":{"@type":"PropertyValueSpecification","valueRequired":true,"valueName":"search_term_string"}}],"inLanguage":"pt-BR"},{"@type":"Organization","@id":"https:\/\/dublagembrasileira.com.br\/#organization","name":"DB - Dublagem Brasileira","url":"https:\/\/dublagembrasileira.com.br\/","logo":{"@type":"ImageObject","inLanguage":"pt-BR","@id":"https:\/\/dublagembrasileira.com.br\/#\/schema\/logo\/image\/","url":"https:\/\/dublagembrasileira.com.br\/wp-content\/uploads\/2019\/07\/cropped-logotipodb.png","contentUrl":"https:\/\/dublagembrasileira.com.br\/wp-content\/uploads\/2019\/07\/cropped-logotipodb.png","width":946,"height":589,"caption":"DB - Dublagem Brasileira"},"image":{"@id":"https:\/\/dublagembrasileira.com.br\/#\/schema\/logo\/image\/"}},{"@type":"Person","@id":"https:\/\/dublagembrasileira.com.br\/#\/schema\/person\/a75bac594c0e9a0b96508b7e124f20d1","name":"Reda\u00e7\u00e3o","image":{"@type":"ImageObject","inLanguage":"pt-BR","@id":"https:\/\/dublagembrasileira.com.br\/#\/schema\/person\/image\/","url":"http:\/\/dublagembrasileira.com.br\/wp-content\/uploads\/2025\/06\/admin-96x96.jpg","contentUrl":"http:\/\/dublagembrasileira.com.br\/wp-content\/uploads\/2025\/06\/admin-96x96.jpg","caption":"Reda\u00e7\u00e3o"},"description":"Equipe do DB.","sameAs":["https:\/\/www.facebook.com\/dublagembrasileira","https:\/\/www.instagram.com\/dbdublagembrasileira","https:\/\/x.com\/dbdublagem"],"url":"https:\/\/dublagembrasileira.com.br\/?author=4"}]}},"rttpg_featured_image_url":{"full":["https:\/\/dublagembrasileira.com.br\/wp-content\/uploads\/2019\/08\/duda_galvan.jpg",704,496,false],"landscape":["https:\/\/dublagembrasileira.com.br\/wp-content\/uploads\/2019\/08\/duda_galvan.jpg",704,496,false],"portraits":["https:\/\/dublagembrasileira.com.br\/wp-content\/uploads\/2019\/08\/duda_galvan.jpg",704,496,false],"thumbnail":["https:\/\/dublagembrasileira.com.br\/wp-content\/uploads\/2019\/08\/duda_galvan-150x150.jpg",150,150,true],"medium":["https:\/\/dublagembrasileira.com.br\/wp-content\/uploads\/2019\/08\/duda_galvan-300x211.jpg",300,211,true],"large":["https:\/\/dublagembrasileira.com.br\/wp-content\/uploads\/2019\/08\/duda_galvan.jpg",640,451,false],"1536x1536":["https:\/\/dublagembrasileira.com.br\/wp-content\/uploads\/2019\/08\/duda_galvan.jpg",704,496,false],"2048x2048":["https:\/\/dublagembrasileira.com.br\/wp-content\/uploads\/2019\/08\/duda_galvan.jpg",704,496,false],"eggnews-slider-large":["https:\/\/dublagembrasileira.com.br\/wp-content\/uploads\/2019\/08\/duda_galvan.jpg",704,496,false],"eggnews-featured-medium":["https:\/\/dublagembrasileira.com.br\/wp-content\/uploads\/2019\/08\/duda_galvan-420x307.jpg",420,307,true],"eggnews-featured-long":["https:\/\/dublagembrasileira.com.br\/wp-content\/uploads\/2019\/08\/duda_galvan-300x443.jpg",300,443,true],"eggnews-block-medium":["https:\/\/dublagembrasileira.com.br\/wp-content\/uploads\/2019\/08\/duda_galvan-464x290.jpg",464,290,true],"eggnews-carousel-image":["https:\/\/dublagembrasileira.com.br\/wp-content\/uploads\/2019\/08\/duda_galvan-600x496.jpg",600,496,true],"eggnews-block-thumb":["https:\/\/dublagembrasileira.com.br\/wp-content\/uploads\/2019\/08\/duda_galvan-322x230.jpg",322,230,true],"eggnews-single-large":["https:\/\/dublagembrasileira.com.br\/wp-content\/uploads\/2019\/08\/duda_galvan.jpg",704,496,false],"crp_thumbnail":["https:\/\/dublagembrasileira.com.br\/wp-content\/uploads\/2019\/08\/duda_galvan-150x150.jpg",150,150,true]},"rttpg_author":{"display_name":"Reda\u00e7\u00e3o","author_link":"https:\/\/dublagembrasileira.com.br\/?author=4"},"rttpg_comment":0,"rttpg_category":"<a href=\"https:\/\/dublagembrasileira.com.br\/?cat=13\" rel=\"category\">Not\u00edcias<\/a> <a href=\"https:\/\/dublagembrasileira.com.br\/?cat=8\" rel=\"category\">Televis\u00e3o<\/a>","rttpg_excerpt":"Domingo, Duda Espinoza e Cl\u00e1udio Galvan estar\u00e3o em mat\u00e9ria da TV Record. No pr\u00f3ximo final de semana, finalmente vai ao ar no Domingo Espetacular a mat\u00e9ria sobre vozes brasileiras anunciada pelos dubladores Duda Espinoza e Cl\u00e1udio Galvan no dia 10 de agosto atrav\u00e9s das redes sociais. Segundo o setor jornal\u00edstico da TV Record, a edi\u00e7\u00e3o&hellip;","_links":{"self":[{"href":"https:\/\/dublagembrasileira.com.br\/index.php?rest_route=\/wp\/v2\/posts\/2549","targetHints":{"allow":["GET"]}}],"collection":[{"href":"https:\/\/dublagembrasileira.com.br\/index.php?rest_route=\/wp\/v2\/posts"}],"about":[{"href":"https:\/\/dublagembrasileira.com.br\/index.php?rest_route=\/wp\/v2\/types\/post"}],"author":[{"embeddable":true,"href":"https:\/\/dublagembrasileira.com.br\/index.php?rest_route=\/wp\/v2\/users\/4"}],"replies":[{"embeddable":true,"href":"https:\/\/dublagembrasileira.com.br\/index.php?rest_route=%2Fwp%2Fv2%2Fcomments&post=2549"}],"version-history":[{"count":4,"href":"https:\/\/dublagembrasileira.com.br\/index.php?rest_route=\/wp\/v2\/posts\/2549\/revisions"}],"predecessor-version":[{"id":2553,"href":"https:\/\/dublagembrasileira.com.br\/index.php?rest_route=\/wp\/v2\/posts\/2549\/revisions\/2553"}],"wp:featuredmedia":[{"embeddable":true,"href":"https:\/\/dublagembrasileira.com.br\/index.php?rest_route=\/wp\/v2\/media\/1979"}],"wp:attachment":[{"href":"https:\/\/dublagembrasileira.com.br\/index.php?rest_route=%2Fwp%2Fv2%2Fmedia&parent=2549"}],"wp:term":[{"taxonomy":"category","embeddable":true,"href":"https:\/\/dublagembrasileira.com.br\/index.php?rest_route=%2Fwp%2Fv2%2Fcategories&post=2549"},{"taxonomy":"post_tag","embeddable":true,"href":"https:\/\/dublagembrasileira.com.br\/index.php?rest_route=%2Fwp%2Fv2%2Ftags&post=2549"}],"curies":[{"name":"wp","href":"https:\/\/api.w.org\/{rel}","templated":true}]}}