{"id":2460,"date":"2019-08-28T12:11:07","date_gmt":"2019-08-28T12:11:07","guid":{"rendered":"http:\/\/dublagembrasileira.com.br\/?p=2460"},"modified":"2019-09-02T11:51:08","modified_gmt":"2019-09-02T11:51:08","slug":"dubladores-gravam-episodio-especial-do-chaves","status":"publish","type":"post","link":"https:\/\/dublagembrasileira.com.br\/?p=2460","title":{"rendered":"Dubladores gravam epis\u00f3dio especial do Chaves."},"content":{"rendered":"<h4><em>Campanha &#8220;SBT do Bem&#8221; traz dubladores atuais do seriado mexicano para uma nova grava\u00e7\u00e3o.<\/em><\/h4>\n<hr \/>\n<p style=\"text-align: justify;\">Para comemorar os 35 anos da estreia de Chaves no Brasil, o SBT colocou no ar na manh\u00e3 do \u00faltimo s\u00e1bado, um epis\u00f3dio especial\u00a0 onde o personagem \u00e9 apagado digitalmente de algumas cenas.<\/p>\n<p style=\"text-align: justify;\">A ideia foi realizada para uma campanha chamada\u00a0&#8220;SBT do Bem&#8221;,\u00a0 onde uma ag\u00eancia de publicidade desenvolveu uma hist\u00f3ria para alertar o p\u00fablico sobre o abandono infantil, apagando o protagonista da tela. Para isso, a empresa contratada utilizou a t\u00e9cnica de rotoscopia removendo Chaves de algumas cenas, que foram editadas e transformadas em uma nova trama.<\/p>\n<p style=\"text-align: justify;\">Chaves n\u00e3o foi o \u00fanico a ser \u201capagado\u201d, o mesmo tamb\u00e9m aconteceu \u00e0 personagem Chiquinha, apesar de ficarmos informados na hist\u00f3ria que ela mora junto com seu pai, o Seu Madruga.<\/p>\n<p style=\"text-align: justify;\">A s\u00e9rie estreou no Brasil em 1984 dentro do programa <strong>TV Poww!<\/strong> Onde recebeu a dublagem da Maga. A dire\u00e7\u00e3o inicialmente ficou a cargo de Marcelo Gastaldi e a tradu\u00e7\u00e3o foi de M\u00e1rio L\u00facio de Freitas.<\/p>\n<p style=\"text-align: justify;\">A dublagem do epis\u00f3dio especial foi realizada pelo elenco de vozes que recentemente fez a adapta\u00e7\u00e3o para portugu\u00eas das hist\u00f3rias in\u00e9ditas para o Multishow.<\/p>\n<p style=\"text-align: justify;\">Seu Madruga continua recebendo a voz do Carlos Seidl, Marta Volpiani dubla a Dona Florinda. Entre as vozes novas est\u00e3o\u00a0Vinicius Souza que faz a voz do Quico, Daniel M\u00fcller que encerra o epis\u00f3dio com uma declara\u00e7\u00e3o do Chaves e <span class=\"st\">Gustavo Berriel\u00a0 completa o elenco fazendo o Sr. Barriga.<\/span><\/p>\n<p style=\"text-align: center;\"><strong>Assista ao epis\u00f3dio abaixo:<\/strong><\/p>\n<p style=\"text-align: center;\"><iframe data-src=\"https:\/\/www.youtube.com\/embed\/Dgk5875LRyE\" width=\"800\" height=\"450\" frameborder=\"0\" allowfullscreen=\"allowfullscreen\" src=\"data:image\/svg+xml;base64,PHN2ZyB3aWR0aD0iMSIgaGVpZ2h0PSIxIiB4bWxucz0iaHR0cDovL3d3dy53My5vcmcvMjAwMC9zdmciPjwvc3ZnPg==\" data-load-mode=\"1\"><span style=\"display: inline-block; width: 0px; overflow: hidden; line-height: 0;\" data-mce-type=\"bookmark\" class=\"mce_SELRES_start lazyload\">\ufeff<\/span><\/iframe><\/p>\n","protected":false},"excerpt":{"rendered":"<p>Campanha &#8220;SBT do Bem&#8221; traz dubladores atuais do seriado mexicano para uma nova grava\u00e7\u00e3o. Para comemorar os 35 anos da estreia de Chaves no Brasil, o SBT colocou no ar na manh\u00e3 do \u00faltimo s\u00e1bado, um epis\u00f3dio especial\u00a0 onde o personagem \u00e9 apagado digitalmente de algumas cenas. A ideia foi realizada para uma campanha chamada\u00a0&#8220;SBT do Bem&#8221;,\u00a0 onde uma ag\u00eancia de publicidade desenvolveu uma hist\u00f3ria para alertar o p\u00fablico sobre o abandono infantil, apagando o protagonista da tela. Para isso, a empresa contratada utilizou a t\u00e9cnica de rotoscopia removendo Chaves de algumas cenas, que foram editadas e transformadas em uma nova trama. Chaves n\u00e3o foi o \u00fanico a ser \u201capagado\u201d, o mesmo tamb\u00e9m aconteceu \u00e0 personagem Chiquinha, apesar de ficarmos informados na hist\u00f3ria que ela mora junto com seu pai, o Seu Madruga. A s\u00e9rie estreou no Brasil em 1984 dentro do programa TV Poww! Onde recebeu a dublagem da Maga. A dire\u00e7\u00e3o inicialmente ficou a cargo de Marcelo Gastaldi e a tradu\u00e7\u00e3o foi de M\u00e1rio L\u00facio de Freitas. A dublagem do epis\u00f3dio especial foi realizada pelo elenco de vozes que recentemente fez a adapta\u00e7\u00e3o para portugu\u00eas das hist\u00f3rias in\u00e9ditas para o Multishow. Seu Madruga continua recebendo a voz do Carlos Seidl, Marta Volpiani dubla a Dona Florinda. Entre as vozes novas est\u00e3o\u00a0Vinicius Souza que faz a voz do Quico, Daniel M\u00fcller que encerra o epis\u00f3dio com uma declara\u00e7\u00e3o do Chaves e Gustavo Berriel\u00a0 completa o elenco fazendo o Sr. Barriga. Assista ao epis\u00f3dio abaixo: \ufeff<\/p>\n","protected":false},"author":1,"featured_media":2461,"comment_status":"open","ping_status":"open","sticky":false,"template":"","format":"standard","meta":{"_monsterinsights_skip_tracking":false,"_monsterinsights_sitenote_active":false,"_monsterinsights_sitenote_note":"","_monsterinsights_sitenote_category":0,"footnotes":""},"categories":[13,3,8],"tags":[173,127,124,33,34,27,36,37],"class_list":["post-2460","post","type-post","status-publish","format-standard","has-post-thumbnail","hentry","category-noticias","category-series","category-televisao","tag-chaves","tag-dubla","tag-dublado","tag-dublador","tag-dubladora","tag-dublagem","tag-serie","tag-televisao"],"yoast_head":"<!-- This site is optimized with the Yoast SEO plugin v26.1.1 - https:\/\/yoast.com\/wordpress\/plugins\/seo\/ -->\n<title>Dubladores gravam epis\u00f3dio especial do Chaves. | DB - Dublagem Brasileira<\/title>\n<meta name=\"description\" content=\"Dubladores gravam epis\u00f3dio especial do Chaves. Campanha &quot;SBT do Bem&quot; traz dubladores atuais do seriado mexicano para uma nova grava\u00e7\u00e3o.\" \/>\n<meta name=\"robots\" content=\"index, follow, max-snippet:-1, max-image-preview:large, max-video-preview:-1\" \/>\n<link rel=\"canonical\" href=\"https:\/\/dublagembrasileira.com.br\/?p=2460\" \/>\n<meta property=\"og:locale\" content=\"pt_BR\" \/>\n<meta property=\"og:type\" content=\"article\" \/>\n<meta property=\"og:title\" content=\"Dubladores gravam epis\u00f3dio especial do Chaves. | DB - Dublagem Brasileira\" \/>\n<meta property=\"og:description\" content=\"Dubladores gravam epis\u00f3dio especial do Chaves. Campanha &quot;SBT do Bem&quot; traz dubladores atuais do seriado mexicano para uma nova grava\u00e7\u00e3o.\" \/>\n<meta property=\"og:url\" content=\"https:\/\/dublagembrasileira.com.br\/?p=2460\" \/>\n<meta property=\"og:site_name\" content=\"DB - Dublagem Brasileira\" \/>\n<meta property=\"article:published_time\" content=\"2019-08-28T12:11:07+00:00\" \/>\n<meta property=\"article:modified_time\" content=\"2019-09-02T11:51:08+00:00\" \/>\n<meta property=\"og:image\" content=\"https:\/\/dublagembrasileira.com.br\/wp-content\/uploads\/2019\/08\/chaves-1.jpg\" \/>\n\t<meta property=\"og:image:width\" content=\"704\" \/>\n\t<meta property=\"og:image:height\" content=\"496\" \/>\n\t<meta property=\"og:image:type\" content=\"image\/jpeg\" \/>\n<meta name=\"author\" content=\"Iza\u00edas Correia\" \/>\n<meta name=\"twitter:card\" content=\"summary_large_image\" \/>\n<meta name=\"twitter:label1\" content=\"Escrito por\" \/>\n\t<meta name=\"twitter:data1\" content=\"Iza\u00edas Correia\" \/>\n\t<meta name=\"twitter:label2\" content=\"Est. tempo de leitura\" \/>\n\t<meta name=\"twitter:data2\" content=\"1 minuto\" \/>\n<script type=\"application\/ld+json\" class=\"yoast-schema-graph\">{\"@context\":\"https:\/\/schema.org\",\"@graph\":[{\"@type\":\"Article\",\"@id\":\"https:\/\/dublagembrasileira.com.br\/?p=2460#article\",\"isPartOf\":{\"@id\":\"https:\/\/dublagembrasileira.com.br\/?p=2460\"},\"author\":{\"name\":\"Iza\u00edas Correia\",\"@id\":\"https:\/\/dublagembrasileira.com.br\/#\/schema\/person\/6298fd46a47d1ef447a90b2fc9f2b215\"},\"headline\":\"Dubladores gravam epis\u00f3dio especial do Chaves.\",\"datePublished\":\"2019-08-28T12:11:07+00:00\",\"dateModified\":\"2019-09-02T11:51:08+00:00\",\"mainEntityOfPage\":{\"@id\":\"https:\/\/dublagembrasileira.com.br\/?p=2460\"},\"wordCount\":275,\"commentCount\":0,\"publisher\":{\"@id\":\"https:\/\/dublagembrasileira.com.br\/#organization\"},\"image\":{\"@id\":\"https:\/\/dublagembrasileira.com.br\/?p=2460#primaryimage\"},\"thumbnailUrl\":\"https:\/\/dublagembrasileira.com.br\/wp-content\/uploads\/2019\/08\/chaves-1.jpg\",\"keywords\":[\"chaves\",\"dubla\",\"dublado\",\"dublador\",\"dubladora\",\"dublagem\",\"s\u00e9rie\",\"televis\u00e3o\"],\"articleSection\":[\"Not\u00edcias\",\"S\u00e9ries\",\"Televis\u00e3o\"],\"inLanguage\":\"pt-BR\",\"potentialAction\":[{\"@type\":\"CommentAction\",\"name\":\"Comment\",\"target\":[\"https:\/\/dublagembrasileira.com.br\/?p=2460#respond\"]}]},{\"@type\":\"WebPage\",\"@id\":\"https:\/\/dublagembrasileira.com.br\/?p=2460\",\"url\":\"https:\/\/dublagembrasileira.com.br\/?p=2460\",\"name\":\"Dubladores gravam epis\u00f3dio especial do Chaves. | DB - Dublagem Brasileira\",\"isPartOf\":{\"@id\":\"https:\/\/dublagembrasileira.com.br\/#website\"},\"primaryImageOfPage\":{\"@id\":\"https:\/\/dublagembrasileira.com.br\/?p=2460#primaryimage\"},\"image\":{\"@id\":\"https:\/\/dublagembrasileira.com.br\/?p=2460#primaryimage\"},\"thumbnailUrl\":\"https:\/\/dublagembrasileira.com.br\/wp-content\/uploads\/2019\/08\/chaves-1.jpg\",\"datePublished\":\"2019-08-28T12:11:07+00:00\",\"dateModified\":\"2019-09-02T11:51:08+00:00\",\"description\":\"Dubladores gravam epis\u00f3dio especial do Chaves. Campanha \\\"SBT do Bem\\\" traz dubladores atuais do seriado mexicano para uma nova grava\u00e7\u00e3o.\",\"breadcrumb\":{\"@id\":\"https:\/\/dublagembrasileira.com.br\/?p=2460#breadcrumb\"},\"inLanguage\":\"pt-BR\",\"potentialAction\":[{\"@type\":\"ReadAction\",\"target\":[\"https:\/\/dublagembrasileira.com.br\/?p=2460\"]}]},{\"@type\":\"ImageObject\",\"inLanguage\":\"pt-BR\",\"@id\":\"https:\/\/dublagembrasileira.com.br\/?p=2460#primaryimage\",\"url\":\"https:\/\/dublagembrasileira.com.br\/wp-content\/uploads\/2019\/08\/chaves-1.jpg\",\"contentUrl\":\"https:\/\/dublagembrasileira.com.br\/wp-content\/uploads\/2019\/08\/chaves-1.jpg\",\"width\":704,\"height\":496},{\"@type\":\"BreadcrumbList\",\"@id\":\"https:\/\/dublagembrasileira.com.br\/?p=2460#breadcrumb\",\"itemListElement\":[{\"@type\":\"ListItem\",\"position\":1,\"name\":\"In\u00edcio\",\"item\":\"https:\/\/dublagembrasileira.com.br\/\"},{\"@type\":\"ListItem\",\"position\":2,\"name\":\"Dubladores gravam epis\u00f3dio especial do Chaves.\"}]},{\"@type\":\"WebSite\",\"@id\":\"https:\/\/dublagembrasileira.com.br\/#website\",\"url\":\"https:\/\/dublagembrasileira.com.br\/\",\"name\":\"DB - Dublagem Brasileira\",\"description\":\"O seu portal de dublagem.\",\"publisher\":{\"@id\":\"https:\/\/dublagembrasileira.com.br\/#organization\"},\"potentialAction\":[{\"@type\":\"SearchAction\",\"target\":{\"@type\":\"EntryPoint\",\"urlTemplate\":\"https:\/\/dublagembrasileira.com.br\/?s={search_term_string}\"},\"query-input\":{\"@type\":\"PropertyValueSpecification\",\"valueRequired\":true,\"valueName\":\"search_term_string\"}}],\"inLanguage\":\"pt-BR\"},{\"@type\":\"Organization\",\"@id\":\"https:\/\/dublagembrasileira.com.br\/#organization\",\"name\":\"DB - Dublagem Brasileira\",\"url\":\"https:\/\/dublagembrasileira.com.br\/\",\"logo\":{\"@type\":\"ImageObject\",\"inLanguage\":\"pt-BR\",\"@id\":\"https:\/\/dublagembrasileira.com.br\/#\/schema\/logo\/image\/\",\"url\":\"https:\/\/dublagembrasileira.com.br\/wp-content\/uploads\/2019\/07\/cropped-logotipodb.png\",\"contentUrl\":\"https:\/\/dublagembrasileira.com.br\/wp-content\/uploads\/2019\/07\/cropped-logotipodb.png\",\"width\":946,\"height\":589,\"caption\":\"DB - Dublagem Brasileira\"},\"image\":{\"@id\":\"https:\/\/dublagembrasileira.com.br\/#\/schema\/logo\/image\/\"}},{\"@type\":\"Person\",\"@id\":\"https:\/\/dublagembrasileira.com.br\/#\/schema\/person\/6298fd46a47d1ef447a90b2fc9f2b215\",\"name\":\"Iza\u00edas Correia\",\"image\":{\"@type\":\"ImageObject\",\"inLanguage\":\"pt-BR\",\"@id\":\"https:\/\/dublagembrasileira.com.br\/#\/schema\/person\/image\/\",\"url\":\"http:\/\/dublagembrasileira.com.br\/wp-content\/uploads\/2025\/06\/cropped-izaiascorreia-96x96.jpg\",\"contentUrl\":\"http:\/\/dublagembrasileira.com.br\/wp-content\/uploads\/2025\/06\/cropped-izaiascorreia-96x96.jpg\",\"caption\":\"Iza\u00edas Correia\"},\"description\":\"Professor, roteirista e web-designer, respons\u00e1vel pelo site InfanTv. Tamb\u00e9m \u00e9 pesquisador da dublagem brasileira.\",\"url\":\"https:\/\/dublagembrasileira.com.br\/?author=1\"}]}<\/script>\n<!-- \/ Yoast SEO plugin. -->","yoast_head_json":{"title":"Dubladores gravam epis\u00f3dio especial do Chaves. | DB - Dublagem Brasileira","description":"Dubladores gravam epis\u00f3dio especial do Chaves. Campanha \"SBT do Bem\" traz dubladores atuais do seriado mexicano para uma nova grava\u00e7\u00e3o.","robots":{"index":"index","follow":"follow","max-snippet":"max-snippet:-1","max-image-preview":"max-image-preview:large","max-video-preview":"max-video-preview:-1"},"canonical":"https:\/\/dublagembrasileira.com.br\/?p=2460","og_locale":"pt_BR","og_type":"article","og_title":"Dubladores gravam epis\u00f3dio especial do Chaves. | DB - Dublagem Brasileira","og_description":"Dubladores gravam epis\u00f3dio especial do Chaves. Campanha \"SBT do Bem\" traz dubladores atuais do seriado mexicano para uma nova grava\u00e7\u00e3o.","og_url":"https:\/\/dublagembrasileira.com.br\/?p=2460","og_site_name":"DB - Dublagem Brasileira","article_published_time":"2019-08-28T12:11:07+00:00","article_modified_time":"2019-09-02T11:51:08+00:00","og_image":[{"width":704,"height":496,"url":"https:\/\/dublagembrasileira.com.br\/wp-content\/uploads\/2019\/08\/chaves-1.jpg","type":"image\/jpeg"}],"author":"Iza\u00edas Correia","twitter_card":"summary_large_image","twitter_misc":{"Escrito por":"Iza\u00edas Correia","Est. tempo de leitura":"1 minuto"},"schema":{"@context":"https:\/\/schema.org","@graph":[{"@type":"Article","@id":"https:\/\/dublagembrasileira.com.br\/?p=2460#article","isPartOf":{"@id":"https:\/\/dublagembrasileira.com.br\/?p=2460"},"author":{"name":"Iza\u00edas Correia","@id":"https:\/\/dublagembrasileira.com.br\/#\/schema\/person\/6298fd46a47d1ef447a90b2fc9f2b215"},"headline":"Dubladores gravam epis\u00f3dio especial do Chaves.","datePublished":"2019-08-28T12:11:07+00:00","dateModified":"2019-09-02T11:51:08+00:00","mainEntityOfPage":{"@id":"https:\/\/dublagembrasileira.com.br\/?p=2460"},"wordCount":275,"commentCount":0,"publisher":{"@id":"https:\/\/dublagembrasileira.com.br\/#organization"},"image":{"@id":"https:\/\/dublagembrasileira.com.br\/?p=2460#primaryimage"},"thumbnailUrl":"https:\/\/dublagembrasileira.com.br\/wp-content\/uploads\/2019\/08\/chaves-1.jpg","keywords":["chaves","dubla","dublado","dublador","dubladora","dublagem","s\u00e9rie","televis\u00e3o"],"articleSection":["Not\u00edcias","S\u00e9ries","Televis\u00e3o"],"inLanguage":"pt-BR","potentialAction":[{"@type":"CommentAction","name":"Comment","target":["https:\/\/dublagembrasileira.com.br\/?p=2460#respond"]}]},{"@type":"WebPage","@id":"https:\/\/dublagembrasileira.com.br\/?p=2460","url":"https:\/\/dublagembrasileira.com.br\/?p=2460","name":"Dubladores gravam epis\u00f3dio especial do Chaves. | DB - Dublagem Brasileira","isPartOf":{"@id":"https:\/\/dublagembrasileira.com.br\/#website"},"primaryImageOfPage":{"@id":"https:\/\/dublagembrasileira.com.br\/?p=2460#primaryimage"},"image":{"@id":"https:\/\/dublagembrasileira.com.br\/?p=2460#primaryimage"},"thumbnailUrl":"https:\/\/dublagembrasileira.com.br\/wp-content\/uploads\/2019\/08\/chaves-1.jpg","datePublished":"2019-08-28T12:11:07+00:00","dateModified":"2019-09-02T11:51:08+00:00","description":"Dubladores gravam epis\u00f3dio especial do Chaves. Campanha \"SBT do Bem\" traz dubladores atuais do seriado mexicano para uma nova grava\u00e7\u00e3o.","breadcrumb":{"@id":"https:\/\/dublagembrasileira.com.br\/?p=2460#breadcrumb"},"inLanguage":"pt-BR","potentialAction":[{"@type":"ReadAction","target":["https:\/\/dublagembrasileira.com.br\/?p=2460"]}]},{"@type":"ImageObject","inLanguage":"pt-BR","@id":"https:\/\/dublagembrasileira.com.br\/?p=2460#primaryimage","url":"https:\/\/dublagembrasileira.com.br\/wp-content\/uploads\/2019\/08\/chaves-1.jpg","contentUrl":"https:\/\/dublagembrasileira.com.br\/wp-content\/uploads\/2019\/08\/chaves-1.jpg","width":704,"height":496},{"@type":"BreadcrumbList","@id":"https:\/\/dublagembrasileira.com.br\/?p=2460#breadcrumb","itemListElement":[{"@type":"ListItem","position":1,"name":"In\u00edcio","item":"https:\/\/dublagembrasileira.com.br\/"},{"@type":"ListItem","position":2,"name":"Dubladores gravam epis\u00f3dio especial do Chaves."}]},{"@type":"WebSite","@id":"https:\/\/dublagembrasileira.com.br\/#website","url":"https:\/\/dublagembrasileira.com.br\/","name":"DB - Dublagem Brasileira","description":"O seu portal de dublagem.","publisher":{"@id":"https:\/\/dublagembrasileira.com.br\/#organization"},"potentialAction":[{"@type":"SearchAction","target":{"@type":"EntryPoint","urlTemplate":"https:\/\/dublagembrasileira.com.br\/?s={search_term_string}"},"query-input":{"@type":"PropertyValueSpecification","valueRequired":true,"valueName":"search_term_string"}}],"inLanguage":"pt-BR"},{"@type":"Organization","@id":"https:\/\/dublagembrasileira.com.br\/#organization","name":"DB - Dublagem Brasileira","url":"https:\/\/dublagembrasileira.com.br\/","logo":{"@type":"ImageObject","inLanguage":"pt-BR","@id":"https:\/\/dublagembrasileira.com.br\/#\/schema\/logo\/image\/","url":"https:\/\/dublagembrasileira.com.br\/wp-content\/uploads\/2019\/07\/cropped-logotipodb.png","contentUrl":"https:\/\/dublagembrasileira.com.br\/wp-content\/uploads\/2019\/07\/cropped-logotipodb.png","width":946,"height":589,"caption":"DB - Dublagem Brasileira"},"image":{"@id":"https:\/\/dublagembrasileira.com.br\/#\/schema\/logo\/image\/"}},{"@type":"Person","@id":"https:\/\/dublagembrasileira.com.br\/#\/schema\/person\/6298fd46a47d1ef447a90b2fc9f2b215","name":"Iza\u00edas Correia","image":{"@type":"ImageObject","inLanguage":"pt-BR","@id":"https:\/\/dublagembrasileira.com.br\/#\/schema\/person\/image\/","url":"http:\/\/dublagembrasileira.com.br\/wp-content\/uploads\/2025\/06\/cropped-izaiascorreia-96x96.jpg","contentUrl":"http:\/\/dublagembrasileira.com.br\/wp-content\/uploads\/2025\/06\/cropped-izaiascorreia-96x96.jpg","caption":"Iza\u00edas Correia"},"description":"Professor, roteirista e web-designer, respons\u00e1vel pelo site InfanTv. Tamb\u00e9m \u00e9 pesquisador da dublagem brasileira.","url":"https:\/\/dublagembrasileira.com.br\/?author=1"}]}},"rttpg_featured_image_url":{"full":["https:\/\/dublagembrasileira.com.br\/wp-content\/uploads\/2019\/08\/chaves-1.jpg",704,496,false],"landscape":["https:\/\/dublagembrasileira.com.br\/wp-content\/uploads\/2019\/08\/chaves-1.jpg",704,496,false],"portraits":["https:\/\/dublagembrasileira.com.br\/wp-content\/uploads\/2019\/08\/chaves-1.jpg",704,496,false],"thumbnail":["https:\/\/dublagembrasileira.com.br\/wp-content\/uploads\/2019\/08\/chaves-1-150x150.jpg",150,150,true],"medium":["https:\/\/dublagembrasileira.com.br\/wp-content\/uploads\/2019\/08\/chaves-1-300x211.jpg",300,211,true],"large":["https:\/\/dublagembrasileira.com.br\/wp-content\/uploads\/2019\/08\/chaves-1.jpg",640,451,false],"1536x1536":["https:\/\/dublagembrasileira.com.br\/wp-content\/uploads\/2019\/08\/chaves-1.jpg",704,496,false],"2048x2048":["https:\/\/dublagembrasileira.com.br\/wp-content\/uploads\/2019\/08\/chaves-1.jpg",704,496,false],"eggnews-slider-large":["https:\/\/dublagembrasileira.com.br\/wp-content\/uploads\/2019\/08\/chaves-1.jpg",704,496,false],"eggnews-featured-medium":["https:\/\/dublagembrasileira.com.br\/wp-content\/uploads\/2019\/08\/chaves-1-420x307.jpg",420,307,true],"eggnews-featured-long":["https:\/\/dublagembrasileira.com.br\/wp-content\/uploads\/2019\/08\/chaves-1-300x443.jpg",300,443,true],"eggnews-block-medium":["https:\/\/dublagembrasileira.com.br\/wp-content\/uploads\/2019\/08\/chaves-1-464x290.jpg",464,290,true],"eggnews-carousel-image":["https:\/\/dublagembrasileira.com.br\/wp-content\/uploads\/2019\/08\/chaves-1-600x496.jpg",600,496,true],"eggnews-block-thumb":["https:\/\/dublagembrasileira.com.br\/wp-content\/uploads\/2019\/08\/chaves-1-322x230.jpg",322,230,true],"eggnews-single-large":["https:\/\/dublagembrasileira.com.br\/wp-content\/uploads\/2019\/08\/chaves-1.jpg",704,496,false],"crp_thumbnail":["https:\/\/dublagembrasileira.com.br\/wp-content\/uploads\/2019\/08\/chaves-1-150x150.jpg",150,150,true]},"rttpg_author":{"display_name":"Iza\u00edas Correia","author_link":"https:\/\/dublagembrasileira.com.br\/?author=1"},"rttpg_comment":0,"rttpg_category":"<a href=\"https:\/\/dublagembrasileira.com.br\/?cat=13\" rel=\"category\">Not\u00edcias<\/a> <a href=\"https:\/\/dublagembrasileira.com.br\/?cat=3\" rel=\"category\">S\u00e9ries<\/a> <a href=\"https:\/\/dublagembrasileira.com.br\/?cat=8\" rel=\"category\">Televis\u00e3o<\/a>","rttpg_excerpt":"Campanha &#8220;SBT do Bem&#8221; traz dubladores atuais do seriado mexicano para uma nova grava\u00e7\u00e3o. Para comemorar os 35 anos da estreia de Chaves no Brasil, o SBT colocou no ar na manh\u00e3 do \u00faltimo s\u00e1bado, um epis\u00f3dio especial\u00a0 onde o personagem \u00e9 apagado digitalmente de algumas cenas. A ideia foi realizada para uma campanha chamada\u00a0&#8220;SBT&hellip;","_links":{"self":[{"href":"https:\/\/dublagembrasileira.com.br\/index.php?rest_route=\/wp\/v2\/posts\/2460","targetHints":{"allow":["GET"]}}],"collection":[{"href":"https:\/\/dublagembrasileira.com.br\/index.php?rest_route=\/wp\/v2\/posts"}],"about":[{"href":"https:\/\/dublagembrasileira.com.br\/index.php?rest_route=\/wp\/v2\/types\/post"}],"author":[{"embeddable":true,"href":"https:\/\/dublagembrasileira.com.br\/index.php?rest_route=\/wp\/v2\/users\/1"}],"replies":[{"embeddable":true,"href":"https:\/\/dublagembrasileira.com.br\/index.php?rest_route=%2Fwp%2Fv2%2Fcomments&post=2460"}],"version-history":[{"count":7,"href":"https:\/\/dublagembrasileira.com.br\/index.php?rest_route=\/wp\/v2\/posts\/2460\/revisions"}],"predecessor-version":[{"id":2480,"href":"https:\/\/dublagembrasileira.com.br\/index.php?rest_route=\/wp\/v2\/posts\/2460\/revisions\/2480"}],"wp:featuredmedia":[{"embeddable":true,"href":"https:\/\/dublagembrasileira.com.br\/index.php?rest_route=\/wp\/v2\/media\/2461"}],"wp:attachment":[{"href":"https:\/\/dublagembrasileira.com.br\/index.php?rest_route=%2Fwp%2Fv2%2Fmedia&parent=2460"}],"wp:term":[{"taxonomy":"category","embeddable":true,"href":"https:\/\/dublagembrasileira.com.br\/index.php?rest_route=%2Fwp%2Fv2%2Fcategories&post=2460"},{"taxonomy":"post_tag","embeddable":true,"href":"https:\/\/dublagembrasileira.com.br\/index.php?rest_route=%2Fwp%2Fv2%2Ftags&post=2460"}],"curies":[{"name":"wp","href":"https:\/\/api.w.org\/{rel}","templated":true}]}}