{"id":24577,"date":"2023-06-20T21:37:19","date_gmt":"2023-06-20T21:37:19","guid":{"rendered":"https:\/\/dublagembrasileira.com.br\/?p=24577"},"modified":"2023-07-20T21:56:48","modified_gmt":"2023-07-20T21:56:48","slug":"lauro-fabiano-voz-do-dumbledore-de-harry-potter-morre-aos-85-anos","status":"publish","type":"post","link":"https:\/\/dublagembrasileira.com.br\/?p=24577","title":{"rendered":"Lauro Fabiano, voz do Dumbledore de\u00a0Harry Potter, morre aos 85 anos."},"content":{"rendered":"<div class=\"elementor-element elementor-element-2f702e88 elementor-widget elementor-widget-text-editor\" data-id=\"2f702e88\" data-element_type=\"widget\" data-widget_type=\"text-editor.default\">\n<div class=\"elementor-widget-container\">\n<div class=\"elementor-text-editor elementor-clearfix\">\n<div class=\"elementor-element elementor-element-2f702e88 elementor-widget elementor-widget-text-editor\" data-id=\"2f702e88\" data-element_type=\"widget\" data-widget_type=\"text-editor.default\">\n<div class=\"elementor-widget-container\">\n<div class=\"elementor-text-editor elementor-clearfix\">\n<div class=\"elementor-element elementor-element-2f702e88 elementor-widget elementor-widget-text-editor\" data-id=\"2f702e88\" data-element_type=\"widget\" data-widget_type=\"text-editor.default\">\n<div class=\"elementor-widget-container\">\n<div class=\"elementor-text-editor elementor-clearfix\">\n<h4><i>Tamb\u00e9m protagonizou as s\u00e9ries Tiro Certo e Silver Hawks.<\/i><\/h4>\n<hr \/>\n<p>O\u00a0 dublador e radialista Lauro Fabiano morreu na madrugada desta quinta-feira (1) aos 85 anos. A causa da morte n\u00e3o foi revelada oficialmente, mas de acordo com informa\u00e7\u00f5es da Tupi FM, Fabiano lutava contra uma doen\u00e7a respirat\u00f3ria h\u00e1 alguns meses.<\/p>\n<p>Em 1953, por seu sucesso no r\u00e1dio foi convidado ao lado de dois colegas com quem muito trabalhou: S\u00f4nia Barreto e Castro Gonzaga; para participar da dublagem de <strong>As Aventuras de Peter Pan<\/strong>, da Disney, ent\u00e3o com apenas 16 anos. Como profissional come\u00e7ou em 1959 na Riosom, logo depois se tornando diretor de dublagem, e um tempo mais tarde narrador na empresa.<\/p>\n<p>Foi o narrador do desenho <a href=\"https:\/\/dublagembrasileira.com.br\/?p=20753\"><strong>Madeline<\/strong><\/a>, Sinistro de NOTT em <a href=\"https:\/\/dublagembrasileira.com.br\/?p=22230\"><strong>Super Robin Hood<\/strong><\/a>, Philip Banks (James Avery) em <strong>Um Maluco no Peda\u00e7o<\/strong>, Namor em <a href=\"https:\/\/dublagembrasileira.com.br\/?p=17092\"><strong>Namor<\/strong><\/a> (1966), Det. Sgt. Rick Hunter (Dred Dryer) em <a href=\"https:\/\/dublagembrasileira.com.br\/?p=15634\"><strong>Tiro Certo<\/strong><\/a>, Shane Goose em <a href=\"https:\/\/dublagembrasileira.com.br\/?p=13869\"><strong>Galaxy Rangers<\/strong><\/a><\/p>\n<\/div>\n<\/div>\n<\/div>\n<\/div>\n<\/div>\n<\/div>\n<\/div>\n<\/div>\n<\/div>\n","protected":false},"excerpt":{"rendered":"<p>Tamb\u00e9m protagonizou as s\u00e9ries Tiro Certo e Silver Hawks. O\u00a0 dublador e radialista Lauro Fabiano morreu na madrugada desta quinta-feira (1) aos 85 anos. A causa da morte n\u00e3o foi revelada oficialmente, mas de acordo com informa\u00e7\u00f5es da Tupi FM, Fabiano lutava contra uma doen\u00e7a respirat\u00f3ria h\u00e1 alguns meses. Em 1953, por seu sucesso no r\u00e1dio foi convidado ao lado de dois colegas com quem muito trabalhou: S\u00f4nia Barreto e Castro Gonzaga; para participar da dublagem de As Aventuras de Peter Pan, da Disney, ent\u00e3o com apenas 16 anos. Como profissional come\u00e7ou em 1959 na Riosom, logo depois se tornando diretor de dublagem, e um tempo mais tarde narrador na empresa. Foi o narrador do desenho Madeline, Sinistro de NOTT em Super Robin Hood, Philip Banks (James Avery) em Um Maluco no Peda\u00e7o, Namor em Namor (1966), Det. Sgt. Rick Hunter (Dred Dryer) em Tiro Certo, Shane Goose em Galaxy Rangers<\/p>\n","protected":false},"author":1,"featured_media":24579,"comment_status":"open","ping_status":"open","sticky":false,"template":"","format":"standard","meta":{"_monsterinsights_skip_tracking":false,"_monsterinsights_sitenote_active":false,"_monsterinsights_sitenote_note":"","_monsterinsights_sitenote_category":0,"footnotes":""},"categories":[13,22],"tags":[33,152,72],"class_list":["post-24577","post","type-post","status-publish","format-standard","has-post-thumbnail","hentry","category-noticias","category-vida-real","tag-dublador","tag-falecimento","tag-morte"],"yoast_head":"<!-- This site is optimized with the Yoast SEO plugin v26.1.1 - https:\/\/yoast.com\/wordpress\/plugins\/seo\/ -->\n<title>Lauro Fabiano, voz do Dumbledore de\u00a0Harry Potter, morre aos 85 anos. | DB - Dublagem Brasileira<\/title>\n<meta name=\"description\" content=\"Conhecido por dar voz ao ic\u00f4nico\u00a0Alvo Dumbledore, de\u00a0Harry Potter.\" \/>\n<meta name=\"robots\" content=\"index, follow, max-snippet:-1, max-image-preview:large, max-video-preview:-1\" \/>\n<link rel=\"canonical\" href=\"https:\/\/dublagembrasileira.com.br\/?p=24577\" \/>\n<meta property=\"og:locale\" content=\"pt_BR\" \/>\n<meta property=\"og:type\" content=\"article\" \/>\n<meta property=\"og:title\" content=\"Lauro Fabiano, voz do Dumbledore de\u00a0Harry Potter, morre aos 85 anos. | DB - Dublagem Brasileira\" \/>\n<meta property=\"og:description\" content=\"Conhecido por dar voz ao ic\u00f4nico\u00a0Alvo Dumbledore, de\u00a0Harry Potter.\" \/>\n<meta property=\"og:url\" content=\"https:\/\/dublagembrasileira.com.br\/?p=24577\" \/>\n<meta property=\"og:site_name\" content=\"DB - Dublagem Brasileira\" \/>\n<meta property=\"article:published_time\" content=\"2023-06-20T21:37:19+00:00\" \/>\n<meta property=\"article:modified_time\" content=\"2023-07-20T21:56:48+00:00\" \/>\n<meta property=\"og:image\" content=\"https:\/\/dublagembrasileira.com.br\/wp-content\/uploads\/2023\/07\/laurofabiano2.jpg\" \/>\n\t<meta property=\"og:image:width\" content=\"722\" \/>\n\t<meta property=\"og:image:height\" content=\"544\" \/>\n\t<meta property=\"og:image:type\" content=\"image\/jpeg\" \/>\n<meta name=\"author\" content=\"Iza\u00edas Correia\" \/>\n<meta name=\"twitter:card\" content=\"summary_large_image\" \/>\n<meta name=\"twitter:label1\" content=\"Escrito por\" \/>\n\t<meta name=\"twitter:data1\" content=\"Iza\u00edas Correia\" \/>\n\t<meta name=\"twitter:label2\" content=\"Est. tempo de leitura\" \/>\n\t<meta name=\"twitter:data2\" content=\"1 minuto\" \/>\n<script type=\"application\/ld+json\" class=\"yoast-schema-graph\">{\"@context\":\"https:\/\/schema.org\",\"@graph\":[{\"@type\":\"Article\",\"@id\":\"https:\/\/dublagembrasileira.com.br\/?p=24577#article\",\"isPartOf\":{\"@id\":\"https:\/\/dublagembrasileira.com.br\/?p=24577\"},\"author\":{\"name\":\"Iza\u00edas Correia\",\"@id\":\"https:\/\/dublagembrasileira.com.br\/#\/schema\/person\/6298fd46a47d1ef447a90b2fc9f2b215\"},\"headline\":\"Lauro Fabiano, voz do Dumbledore de\u00a0Harry Potter, morre aos 85 anos.\",\"datePublished\":\"2023-06-20T21:37:19+00:00\",\"dateModified\":\"2023-07-20T21:56:48+00:00\",\"mainEntityOfPage\":{\"@id\":\"https:\/\/dublagembrasileira.com.br\/?p=24577\"},\"wordCount\":167,\"commentCount\":0,\"publisher\":{\"@id\":\"https:\/\/dublagembrasileira.com.br\/#organization\"},\"image\":{\"@id\":\"https:\/\/dublagembrasileira.com.br\/?p=24577#primaryimage\"},\"thumbnailUrl\":\"https:\/\/dublagembrasileira.com.br\/wp-content\/uploads\/2023\/07\/laurofabiano2.jpg\",\"keywords\":[\"dublador\",\"falecimento\",\"morte\"],\"articleSection\":[\"Not\u00edcias\",\"Vida Real\"],\"inLanguage\":\"pt-BR\",\"potentialAction\":[{\"@type\":\"CommentAction\",\"name\":\"Comment\",\"target\":[\"https:\/\/dublagembrasileira.com.br\/?p=24577#respond\"]}]},{\"@type\":\"WebPage\",\"@id\":\"https:\/\/dublagembrasileira.com.br\/?p=24577\",\"url\":\"https:\/\/dublagembrasileira.com.br\/?p=24577\",\"name\":\"Lauro Fabiano, voz do Dumbledore de\u00a0Harry Potter, morre aos 85 anos. | DB - Dublagem Brasileira\",\"isPartOf\":{\"@id\":\"https:\/\/dublagembrasileira.com.br\/#website\"},\"primaryImageOfPage\":{\"@id\":\"https:\/\/dublagembrasileira.com.br\/?p=24577#primaryimage\"},\"image\":{\"@id\":\"https:\/\/dublagembrasileira.com.br\/?p=24577#primaryimage\"},\"thumbnailUrl\":\"https:\/\/dublagembrasileira.com.br\/wp-content\/uploads\/2023\/07\/laurofabiano2.jpg\",\"datePublished\":\"2023-06-20T21:37:19+00:00\",\"dateModified\":\"2023-07-20T21:56:48+00:00\",\"description\":\"Conhecido por dar voz ao ic\u00f4nico\u00a0Alvo Dumbledore, de\u00a0Harry Potter.\",\"breadcrumb\":{\"@id\":\"https:\/\/dublagembrasileira.com.br\/?p=24577#breadcrumb\"},\"inLanguage\":\"pt-BR\",\"potentialAction\":[{\"@type\":\"ReadAction\",\"target\":[\"https:\/\/dublagembrasileira.com.br\/?p=24577\"]}]},{\"@type\":\"ImageObject\",\"inLanguage\":\"pt-BR\",\"@id\":\"https:\/\/dublagembrasileira.com.br\/?p=24577#primaryimage\",\"url\":\"https:\/\/dublagembrasileira.com.br\/wp-content\/uploads\/2023\/07\/laurofabiano2.jpg\",\"contentUrl\":\"https:\/\/dublagembrasileira.com.br\/wp-content\/uploads\/2023\/07\/laurofabiano2.jpg\",\"width\":722,\"height\":544},{\"@type\":\"BreadcrumbList\",\"@id\":\"https:\/\/dublagembrasileira.com.br\/?p=24577#breadcrumb\",\"itemListElement\":[{\"@type\":\"ListItem\",\"position\":1,\"name\":\"In\u00edcio\",\"item\":\"https:\/\/dublagembrasileira.com.br\/\"},{\"@type\":\"ListItem\",\"position\":2,\"name\":\"Lauro Fabiano, voz do Dumbledore de\u00a0Harry Potter, morre aos 85 anos.\"}]},{\"@type\":\"WebSite\",\"@id\":\"https:\/\/dublagembrasileira.com.br\/#website\",\"url\":\"https:\/\/dublagembrasileira.com.br\/\",\"name\":\"DB - Dublagem Brasileira\",\"description\":\"O seu portal de dublagem.\",\"publisher\":{\"@id\":\"https:\/\/dublagembrasileira.com.br\/#organization\"},\"potentialAction\":[{\"@type\":\"SearchAction\",\"target\":{\"@type\":\"EntryPoint\",\"urlTemplate\":\"https:\/\/dublagembrasileira.com.br\/?s={search_term_string}\"},\"query-input\":{\"@type\":\"PropertyValueSpecification\",\"valueRequired\":true,\"valueName\":\"search_term_string\"}}],\"inLanguage\":\"pt-BR\"},{\"@type\":\"Organization\",\"@id\":\"https:\/\/dublagembrasileira.com.br\/#organization\",\"name\":\"DB - Dublagem Brasileira\",\"url\":\"https:\/\/dublagembrasileira.com.br\/\",\"logo\":{\"@type\":\"ImageObject\",\"inLanguage\":\"pt-BR\",\"@id\":\"https:\/\/dublagembrasileira.com.br\/#\/schema\/logo\/image\/\",\"url\":\"https:\/\/dublagembrasileira.com.br\/wp-content\/uploads\/2019\/07\/cropped-logotipodb.png\",\"contentUrl\":\"https:\/\/dublagembrasileira.com.br\/wp-content\/uploads\/2019\/07\/cropped-logotipodb.png\",\"width\":946,\"height\":589,\"caption\":\"DB - Dublagem Brasileira\"},\"image\":{\"@id\":\"https:\/\/dublagembrasileira.com.br\/#\/schema\/logo\/image\/\"}},{\"@type\":\"Person\",\"@id\":\"https:\/\/dublagembrasileira.com.br\/#\/schema\/person\/6298fd46a47d1ef447a90b2fc9f2b215\",\"name\":\"Iza\u00edas Correia\",\"image\":{\"@type\":\"ImageObject\",\"inLanguage\":\"pt-BR\",\"@id\":\"https:\/\/dublagembrasileira.com.br\/#\/schema\/person\/image\/\",\"url\":\"http:\/\/dublagembrasileira.com.br\/wp-content\/uploads\/2025\/06\/cropped-izaiascorreia-96x96.jpg\",\"contentUrl\":\"http:\/\/dublagembrasileira.com.br\/wp-content\/uploads\/2025\/06\/cropped-izaiascorreia-96x96.jpg\",\"caption\":\"Iza\u00edas Correia\"},\"description\":\"Professor, roteirista e web-designer, respons\u00e1vel pelo site InfanTv. Tamb\u00e9m \u00e9 pesquisador da dublagem brasileira.\",\"url\":\"https:\/\/dublagembrasileira.com.br\/?author=1\"}]}<\/script>\n<!-- \/ Yoast SEO plugin. -->","yoast_head_json":{"title":"Lauro Fabiano, voz do Dumbledore de\u00a0Harry Potter, morre aos 85 anos. | DB - Dublagem Brasileira","description":"Conhecido por dar voz ao ic\u00f4nico\u00a0Alvo Dumbledore, de\u00a0Harry Potter.","robots":{"index":"index","follow":"follow","max-snippet":"max-snippet:-1","max-image-preview":"max-image-preview:large","max-video-preview":"max-video-preview:-1"},"canonical":"https:\/\/dublagembrasileira.com.br\/?p=24577","og_locale":"pt_BR","og_type":"article","og_title":"Lauro Fabiano, voz do Dumbledore de\u00a0Harry Potter, morre aos 85 anos. | DB - Dublagem Brasileira","og_description":"Conhecido por dar voz ao ic\u00f4nico\u00a0Alvo Dumbledore, de\u00a0Harry Potter.","og_url":"https:\/\/dublagembrasileira.com.br\/?p=24577","og_site_name":"DB - Dublagem Brasileira","article_published_time":"2023-06-20T21:37:19+00:00","article_modified_time":"2023-07-20T21:56:48+00:00","og_image":[{"width":722,"height":544,"url":"https:\/\/dublagembrasileira.com.br\/wp-content\/uploads\/2023\/07\/laurofabiano2.jpg","type":"image\/jpeg"}],"author":"Iza\u00edas Correia","twitter_card":"summary_large_image","twitter_misc":{"Escrito por":"Iza\u00edas Correia","Est. tempo de leitura":"1 minuto"},"schema":{"@context":"https:\/\/schema.org","@graph":[{"@type":"Article","@id":"https:\/\/dublagembrasileira.com.br\/?p=24577#article","isPartOf":{"@id":"https:\/\/dublagembrasileira.com.br\/?p=24577"},"author":{"name":"Iza\u00edas Correia","@id":"https:\/\/dublagembrasileira.com.br\/#\/schema\/person\/6298fd46a47d1ef447a90b2fc9f2b215"},"headline":"Lauro Fabiano, voz do Dumbledore de\u00a0Harry Potter, morre aos 85 anos.","datePublished":"2023-06-20T21:37:19+00:00","dateModified":"2023-07-20T21:56:48+00:00","mainEntityOfPage":{"@id":"https:\/\/dublagembrasileira.com.br\/?p=24577"},"wordCount":167,"commentCount":0,"publisher":{"@id":"https:\/\/dublagembrasileira.com.br\/#organization"},"image":{"@id":"https:\/\/dublagembrasileira.com.br\/?p=24577#primaryimage"},"thumbnailUrl":"https:\/\/dublagembrasileira.com.br\/wp-content\/uploads\/2023\/07\/laurofabiano2.jpg","keywords":["dublador","falecimento","morte"],"articleSection":["Not\u00edcias","Vida Real"],"inLanguage":"pt-BR","potentialAction":[{"@type":"CommentAction","name":"Comment","target":["https:\/\/dublagembrasileira.com.br\/?p=24577#respond"]}]},{"@type":"WebPage","@id":"https:\/\/dublagembrasileira.com.br\/?p=24577","url":"https:\/\/dublagembrasileira.com.br\/?p=24577","name":"Lauro Fabiano, voz do Dumbledore de\u00a0Harry Potter, morre aos 85 anos. | DB - Dublagem Brasileira","isPartOf":{"@id":"https:\/\/dublagembrasileira.com.br\/#website"},"primaryImageOfPage":{"@id":"https:\/\/dublagembrasileira.com.br\/?p=24577#primaryimage"},"image":{"@id":"https:\/\/dublagembrasileira.com.br\/?p=24577#primaryimage"},"thumbnailUrl":"https:\/\/dublagembrasileira.com.br\/wp-content\/uploads\/2023\/07\/laurofabiano2.jpg","datePublished":"2023-06-20T21:37:19+00:00","dateModified":"2023-07-20T21:56:48+00:00","description":"Conhecido por dar voz ao ic\u00f4nico\u00a0Alvo Dumbledore, de\u00a0Harry Potter.","breadcrumb":{"@id":"https:\/\/dublagembrasileira.com.br\/?p=24577#breadcrumb"},"inLanguage":"pt-BR","potentialAction":[{"@type":"ReadAction","target":["https:\/\/dublagembrasileira.com.br\/?p=24577"]}]},{"@type":"ImageObject","inLanguage":"pt-BR","@id":"https:\/\/dublagembrasileira.com.br\/?p=24577#primaryimage","url":"https:\/\/dublagembrasileira.com.br\/wp-content\/uploads\/2023\/07\/laurofabiano2.jpg","contentUrl":"https:\/\/dublagembrasileira.com.br\/wp-content\/uploads\/2023\/07\/laurofabiano2.jpg","width":722,"height":544},{"@type":"BreadcrumbList","@id":"https:\/\/dublagembrasileira.com.br\/?p=24577#breadcrumb","itemListElement":[{"@type":"ListItem","position":1,"name":"In\u00edcio","item":"https:\/\/dublagembrasileira.com.br\/"},{"@type":"ListItem","position":2,"name":"Lauro Fabiano, voz do Dumbledore de\u00a0Harry Potter, morre aos 85 anos."}]},{"@type":"WebSite","@id":"https:\/\/dublagembrasileira.com.br\/#website","url":"https:\/\/dublagembrasileira.com.br\/","name":"DB - Dublagem Brasileira","description":"O seu portal de dublagem.","publisher":{"@id":"https:\/\/dublagembrasileira.com.br\/#organization"},"potentialAction":[{"@type":"SearchAction","target":{"@type":"EntryPoint","urlTemplate":"https:\/\/dublagembrasileira.com.br\/?s={search_term_string}"},"query-input":{"@type":"PropertyValueSpecification","valueRequired":true,"valueName":"search_term_string"}}],"inLanguage":"pt-BR"},{"@type":"Organization","@id":"https:\/\/dublagembrasileira.com.br\/#organization","name":"DB - Dublagem Brasileira","url":"https:\/\/dublagembrasileira.com.br\/","logo":{"@type":"ImageObject","inLanguage":"pt-BR","@id":"https:\/\/dublagembrasileira.com.br\/#\/schema\/logo\/image\/","url":"https:\/\/dublagembrasileira.com.br\/wp-content\/uploads\/2019\/07\/cropped-logotipodb.png","contentUrl":"https:\/\/dublagembrasileira.com.br\/wp-content\/uploads\/2019\/07\/cropped-logotipodb.png","width":946,"height":589,"caption":"DB - Dublagem Brasileira"},"image":{"@id":"https:\/\/dublagembrasileira.com.br\/#\/schema\/logo\/image\/"}},{"@type":"Person","@id":"https:\/\/dublagembrasileira.com.br\/#\/schema\/person\/6298fd46a47d1ef447a90b2fc9f2b215","name":"Iza\u00edas Correia","image":{"@type":"ImageObject","inLanguage":"pt-BR","@id":"https:\/\/dublagembrasileira.com.br\/#\/schema\/person\/image\/","url":"http:\/\/dublagembrasileira.com.br\/wp-content\/uploads\/2025\/06\/cropped-izaiascorreia-96x96.jpg","contentUrl":"http:\/\/dublagembrasileira.com.br\/wp-content\/uploads\/2025\/06\/cropped-izaiascorreia-96x96.jpg","caption":"Iza\u00edas Correia"},"description":"Professor, roteirista e web-designer, respons\u00e1vel pelo site InfanTv. Tamb\u00e9m \u00e9 pesquisador da dublagem brasileira.","url":"https:\/\/dublagembrasileira.com.br\/?author=1"}]}},"rttpg_featured_image_url":{"full":["https:\/\/dublagembrasileira.com.br\/wp-content\/uploads\/2023\/07\/laurofabiano2.jpg",722,544,false],"landscape":["https:\/\/dublagembrasileira.com.br\/wp-content\/uploads\/2023\/07\/laurofabiano2.jpg",722,544,false],"portraits":["https:\/\/dublagembrasileira.com.br\/wp-content\/uploads\/2023\/07\/laurofabiano2.jpg",722,544,false],"thumbnail":["https:\/\/dublagembrasileira.com.br\/wp-content\/uploads\/2023\/07\/laurofabiano2-150x150.jpg",150,150,true],"medium":["https:\/\/dublagembrasileira.com.br\/wp-content\/uploads\/2023\/07\/laurofabiano2-300x226.jpg",300,226,true],"large":["https:\/\/dublagembrasileira.com.br\/wp-content\/uploads\/2023\/07\/laurofabiano2.jpg",640,482,false],"1536x1536":["https:\/\/dublagembrasileira.com.br\/wp-content\/uploads\/2023\/07\/laurofabiano2.jpg",722,544,false],"2048x2048":["https:\/\/dublagembrasileira.com.br\/wp-content\/uploads\/2023\/07\/laurofabiano2.jpg",722,544,false],"eggnews-slider-large":["https:\/\/dublagembrasileira.com.br\/wp-content\/uploads\/2023\/07\/laurofabiano2.jpg",722,544,false],"eggnews-featured-medium":["https:\/\/dublagembrasileira.com.br\/wp-content\/uploads\/2023\/07\/laurofabiano2-420x307.jpg",420,307,true],"eggnews-featured-long":["https:\/\/dublagembrasileira.com.br\/wp-content\/uploads\/2023\/07\/laurofabiano2-300x443.jpg",300,443,true],"eggnews-block-medium":["https:\/\/dublagembrasileira.com.br\/wp-content\/uploads\/2023\/07\/laurofabiano2-464x290.jpg",464,290,true],"eggnews-carousel-image":["https:\/\/dublagembrasileira.com.br\/wp-content\/uploads\/2023\/07\/laurofabiano2-600x500.jpg",600,500,true],"eggnews-block-thumb":["https:\/\/dublagembrasileira.com.br\/wp-content\/uploads\/2023\/07\/laurofabiano2-322x230.jpg",322,230,true],"eggnews-single-large":["https:\/\/dublagembrasileira.com.br\/wp-content\/uploads\/2023\/07\/laurofabiano2.jpg",722,544,false],"crp_thumbnail":["https:\/\/dublagembrasileira.com.br\/wp-content\/uploads\/2023\/07\/laurofabiano2-150x150.jpg",150,150,true]},"rttpg_author":{"display_name":"Iza\u00edas Correia","author_link":"https:\/\/dublagembrasileira.com.br\/?author=1"},"rttpg_comment":0,"rttpg_category":"<a href=\"https:\/\/dublagembrasileira.com.br\/?cat=13\" rel=\"category\">Not\u00edcias<\/a> <a href=\"https:\/\/dublagembrasileira.com.br\/?cat=22\" rel=\"category\">Vida Real<\/a>","rttpg_excerpt":"Tamb\u00e9m protagonizou as s\u00e9ries Tiro Certo e Silver Hawks. O\u00a0 dublador e radialista Lauro Fabiano morreu na madrugada desta quinta-feira (1) aos 85 anos. A causa da morte n\u00e3o foi revelada oficialmente, mas de acordo com informa\u00e7\u00f5es da Tupi FM, Fabiano lutava contra uma doen\u00e7a respirat\u00f3ria h\u00e1 alguns meses. Em 1953, por seu sucesso no&hellip;","_links":{"self":[{"href":"https:\/\/dublagembrasileira.com.br\/index.php?rest_route=\/wp\/v2\/posts\/24577","targetHints":{"allow":["GET"]}}],"collection":[{"href":"https:\/\/dublagembrasileira.com.br\/index.php?rest_route=\/wp\/v2\/posts"}],"about":[{"href":"https:\/\/dublagembrasileira.com.br\/index.php?rest_route=\/wp\/v2\/types\/post"}],"author":[{"embeddable":true,"href":"https:\/\/dublagembrasileira.com.br\/index.php?rest_route=\/wp\/v2\/users\/1"}],"replies":[{"embeddable":true,"href":"https:\/\/dublagembrasileira.com.br\/index.php?rest_route=%2Fwp%2Fv2%2Fcomments&post=24577"}],"version-history":[{"count":5,"href":"https:\/\/dublagembrasileira.com.br\/index.php?rest_route=\/wp\/v2\/posts\/24577\/revisions"}],"predecessor-version":[{"id":24584,"href":"https:\/\/dublagembrasileira.com.br\/index.php?rest_route=\/wp\/v2\/posts\/24577\/revisions\/24584"}],"wp:featuredmedia":[{"embeddable":true,"href":"https:\/\/dublagembrasileira.com.br\/index.php?rest_route=\/wp\/v2\/media\/24579"}],"wp:attachment":[{"href":"https:\/\/dublagembrasileira.com.br\/index.php?rest_route=%2Fwp%2Fv2%2Fmedia&parent=24577"}],"wp:term":[{"taxonomy":"category","embeddable":true,"href":"https:\/\/dublagembrasileira.com.br\/index.php?rest_route=%2Fwp%2Fv2%2Fcategories&post=24577"},{"taxonomy":"post_tag","embeddable":true,"href":"https:\/\/dublagembrasileira.com.br\/index.php?rest_route=%2Fwp%2Fv2%2Ftags&post=24577"}],"curies":[{"name":"wp","href":"https:\/\/api.w.org\/{rel}","templated":true}]}}