{"id":24571,"date":"2023-06-25T21:14:59","date_gmt":"2023-06-25T21:14:59","guid":{"rendered":"https:\/\/dublagembrasileira.com.br\/?p=24571"},"modified":"2023-07-20T21:36:05","modified_gmt":"2023-07-20T21:36:05","slug":"morre-roberto-macedo-voz-dos-protagonistas-de-miami-vice-e-caras-e-caretas","status":"publish","type":"post","link":"https:\/\/dublagembrasileira.com.br\/?p=24571","title":{"rendered":"Morre Roberto Macedo, voz dos protagonistas de Miami Vice e Caras e Caretas."},"content":{"rendered":"<div class=\"elementor-element elementor-element-2f702e88 elementor-widget elementor-widget-text-editor\" data-id=\"2f702e88\" data-element_type=\"widget\" data-widget_type=\"text-editor.default\">\n<div class=\"elementor-widget-container\">\n<div class=\"elementor-text-editor elementor-clearfix\">\n<h4><i>Tamb\u00e9m conhecido por dar voz ao Doutor Octopus em Homem-Aranha 2 (2004).<\/i><\/h4>\n<hr \/>\n<\/div>\n<\/div>\n<\/div>\n<p>O dublador Roberto Macedo faleceu hoje aos 83 anos. O falecimento do dublador, foi confirmado pelo Retiro dos Artistas.<\/p>\n<p>Na dublagem, ingressou em Novembro de 1976 na Herbert Richers, e desde ent\u00e3o seguiu carreira. Permaneceu na Herbert por 32 anos, quando se retirou da mesma em Outubro de 2008, quando a empresa estava caminhando para a fal\u00eancia. Roberto passou por todas as principais empresas de dublagem do pa\u00eds, como Wan Macher, Peri Filmes, VTI, Delart, Telecine, \u00c1udio News, Cinev\u00eddeo, entre outras.<\/p>\n<p>Foi respons\u00e1vel por dar voz a grandes personagens em filmes e s\u00e9ries. Foi a voz de Trem Noturno Lane (Ernie Hudson) em <a href=\"https:\/\/dublagembrasileira.com.br\/?p=22567\"><strong>Deloucacia de Pol\u00edcia<\/strong><\/a>, Chefe em <a href=\"https:\/\/dublagembrasileira.com.br\/?p=20739\"><strong>Carmen San Diego<\/strong><\/a>, Geoffre\u00a0em <a href=\"https:\/\/dublagembrasileira.com.br\/?p=20351\"><strong>Um Maluco no Peda\u00e7o<\/strong><\/a>, Douglas Douglas em <a href=\"https:\/\/dublagembrasileira.com.br\/?p=18104\"><strong>Freakazoid<\/strong><\/a>, Dr. Benjamin Jeffcoate (Derek McGrath) em <a href=\"https:\/\/dublagembrasileira.com.br\/?p=17402\"><strong>Her\u00f3i Por Acaso<\/strong><\/a>, Det. Ricardo Tubbs (Philip Michael Thomas) em\u00a0<a href=\"https:\/\/dublagembrasileira.com.br\/?p=14852\"><strong>Miami Vice<\/strong><\/a>, Steven Keaton (Michael Gross) em <a href=\"https:\/\/dublagembrasileira.com.br\/?p=15559\"><strong>Caras e Caretas<\/strong><\/a>.<\/p>\n<p>Roberto se afastou no final dos anos 2000 por problemas de sa\u00fade, mas retornou \u00e0 dublagem um tempo depois. No in\u00edcio dos anos de 2010, se afastou definitivamente da dublagem. Em 2022, Roberto sofreu um AVC, e foi morar no Retiro dos Art\u00edstas.<\/p>\n","protected":false},"excerpt":{"rendered":"<p>Tamb\u00e9m conhecido por dar voz ao Doutor Octopus em Homem-Aranha 2 (2004). O dublador Roberto Macedo faleceu hoje aos 83 anos. O falecimento do dublador, foi confirmado pelo Retiro dos Artistas. Na dublagem, ingressou em Novembro de 1976 na Herbert Richers, e desde ent\u00e3o seguiu carreira. Permaneceu na Herbert por 32 anos, quando se retirou da mesma em Outubro de 2008, quando a empresa estava caminhando para a fal\u00eancia. Roberto passou por todas as principais empresas de dublagem do pa\u00eds, como Wan Macher, Peri Filmes, VTI, Delart, Telecine, \u00c1udio News, Cinev\u00eddeo, entre outras. Foi respons\u00e1vel por dar voz a grandes personagens em filmes e s\u00e9ries. Foi a voz de Trem Noturno Lane (Ernie Hudson) em Deloucacia de Pol\u00edcia, Chefe em Carmen San Diego, Geoffre\u00a0em Um Maluco no Peda\u00e7o, Douglas Douglas em Freakazoid, Dr. Benjamin Jeffcoate (Derek McGrath) em Her\u00f3i Por Acaso, Det. Ricardo Tubbs (Philip Michael Thomas) em\u00a0Miami Vice, Steven Keaton (Michael Gross) em Caras e Caretas. Roberto se afastou no final dos anos 2000 por problemas de sa\u00fade, mas retornou \u00e0 dublagem um tempo depois. No in\u00edcio dos anos de 2010, se afastou definitivamente da dublagem. Em 2022, Roberto sofreu um AVC, e foi morar no Retiro dos Art\u00edstas.<\/p>\n","protected":false},"author":1,"featured_media":24573,"comment_status":"open","ping_status":"open","sticky":false,"template":"","format":"standard","meta":{"_monsterinsights_skip_tracking":false,"_monsterinsights_sitenote_active":false,"_monsterinsights_sitenote_note":"","_monsterinsights_sitenote_category":0,"footnotes":""},"categories":[13,22],"tags":[33,152,72],"class_list":["post-24571","post","type-post","status-publish","format-standard","has-post-thumbnail","hentry","category-noticias","category-vida-real","tag-dublador","tag-falecimento","tag-morte"],"yoast_head":"<!-- This site is optimized with the Yoast SEO plugin v26.1.1 - https:\/\/yoast.com\/wordpress\/plugins\/seo\/ -->\n<title>Morre Roberto Macedo, voz dos protagonistas de Miami Vice e Caras e Caretas. | DB - Dublagem Brasileira<\/title>\n<meta name=\"description\" content=\"Tamb\u00e9m conhecido por dar voz ao Doutor Octopus em Homem-Aranha 2 (2004).\" \/>\n<meta name=\"robots\" content=\"index, follow, max-snippet:-1, max-image-preview:large, max-video-preview:-1\" \/>\n<link rel=\"canonical\" href=\"https:\/\/dublagembrasileira.com.br\/?p=24571\" \/>\n<meta property=\"og:locale\" content=\"pt_BR\" \/>\n<meta property=\"og:type\" content=\"article\" \/>\n<meta property=\"og:title\" content=\"Morre Roberto Macedo, voz dos protagonistas de Miami Vice e Caras e Caretas. | DB - Dublagem Brasileira\" \/>\n<meta property=\"og:description\" content=\"Tamb\u00e9m conhecido por dar voz ao Doutor Octopus em Homem-Aranha 2 (2004).\" \/>\n<meta property=\"og:url\" content=\"https:\/\/dublagembrasileira.com.br\/?p=24571\" \/>\n<meta property=\"og:site_name\" content=\"DB - Dublagem Brasileira\" \/>\n<meta property=\"article:published_time\" content=\"2023-06-25T21:14:59+00:00\" \/>\n<meta property=\"article:modified_time\" content=\"2023-07-20T21:36:05+00:00\" \/>\n<meta property=\"og:image\" content=\"https:\/\/dublagembrasileira.com.br\/wp-content\/uploads\/2023\/07\/robertomacedo.jpg\" \/>\n\t<meta property=\"og:image:width\" content=\"722\" \/>\n\t<meta property=\"og:image:height\" content=\"544\" \/>\n\t<meta property=\"og:image:type\" content=\"image\/jpeg\" \/>\n<meta name=\"author\" content=\"Iza\u00edas Correia\" \/>\n<meta name=\"twitter:card\" content=\"summary_large_image\" \/>\n<meta name=\"twitter:label1\" content=\"Escrito por\" \/>\n\t<meta name=\"twitter:data1\" content=\"Iza\u00edas Correia\" \/>\n\t<meta name=\"twitter:label2\" content=\"Est. tempo de leitura\" \/>\n\t<meta name=\"twitter:data2\" content=\"1 minuto\" \/>\n<script type=\"application\/ld+json\" class=\"yoast-schema-graph\">{\"@context\":\"https:\/\/schema.org\",\"@graph\":[{\"@type\":\"Article\",\"@id\":\"https:\/\/dublagembrasileira.com.br\/?p=24571#article\",\"isPartOf\":{\"@id\":\"https:\/\/dublagembrasileira.com.br\/?p=24571\"},\"author\":{\"name\":\"Iza\u00edas Correia\",\"@id\":\"https:\/\/dublagembrasileira.com.br\/#\/schema\/person\/6298fd46a47d1ef447a90b2fc9f2b215\"},\"headline\":\"Morre Roberto Macedo, voz dos protagonistas de Miami Vice e Caras e Caretas.\",\"datePublished\":\"2023-06-25T21:14:59+00:00\",\"dateModified\":\"2023-07-20T21:36:05+00:00\",\"mainEntityOfPage\":{\"@id\":\"https:\/\/dublagembrasileira.com.br\/?p=24571\"},\"wordCount\":218,\"commentCount\":0,\"publisher\":{\"@id\":\"https:\/\/dublagembrasileira.com.br\/#organization\"},\"image\":{\"@id\":\"https:\/\/dublagembrasileira.com.br\/?p=24571#primaryimage\"},\"thumbnailUrl\":\"https:\/\/dublagembrasileira.com.br\/wp-content\/uploads\/2023\/07\/robertomacedo.jpg\",\"keywords\":[\"dublador\",\"falecimento\",\"morte\"],\"articleSection\":[\"Not\u00edcias\",\"Vida Real\"],\"inLanguage\":\"pt-BR\",\"potentialAction\":[{\"@type\":\"CommentAction\",\"name\":\"Comment\",\"target\":[\"https:\/\/dublagembrasileira.com.br\/?p=24571#respond\"]}]},{\"@type\":\"WebPage\",\"@id\":\"https:\/\/dublagembrasileira.com.br\/?p=24571\",\"url\":\"https:\/\/dublagembrasileira.com.br\/?p=24571\",\"name\":\"Morre Roberto Macedo, voz dos protagonistas de Miami Vice e Caras e Caretas. | DB - Dublagem Brasileira\",\"isPartOf\":{\"@id\":\"https:\/\/dublagembrasileira.com.br\/#website\"},\"primaryImageOfPage\":{\"@id\":\"https:\/\/dublagembrasileira.com.br\/?p=24571#primaryimage\"},\"image\":{\"@id\":\"https:\/\/dublagembrasileira.com.br\/?p=24571#primaryimage\"},\"thumbnailUrl\":\"https:\/\/dublagembrasileira.com.br\/wp-content\/uploads\/2023\/07\/robertomacedo.jpg\",\"datePublished\":\"2023-06-25T21:14:59+00:00\",\"dateModified\":\"2023-07-20T21:36:05+00:00\",\"description\":\"Tamb\u00e9m conhecido por dar voz ao Doutor Octopus em Homem-Aranha 2 (2004).\",\"breadcrumb\":{\"@id\":\"https:\/\/dublagembrasileira.com.br\/?p=24571#breadcrumb\"},\"inLanguage\":\"pt-BR\",\"potentialAction\":[{\"@type\":\"ReadAction\",\"target\":[\"https:\/\/dublagembrasileira.com.br\/?p=24571\"]}]},{\"@type\":\"ImageObject\",\"inLanguage\":\"pt-BR\",\"@id\":\"https:\/\/dublagembrasileira.com.br\/?p=24571#primaryimage\",\"url\":\"https:\/\/dublagembrasileira.com.br\/wp-content\/uploads\/2023\/07\/robertomacedo.jpg\",\"contentUrl\":\"https:\/\/dublagembrasileira.com.br\/wp-content\/uploads\/2023\/07\/robertomacedo.jpg\",\"width\":722,\"height\":544},{\"@type\":\"BreadcrumbList\",\"@id\":\"https:\/\/dublagembrasileira.com.br\/?p=24571#breadcrumb\",\"itemListElement\":[{\"@type\":\"ListItem\",\"position\":1,\"name\":\"In\u00edcio\",\"item\":\"https:\/\/dublagembrasileira.com.br\/\"},{\"@type\":\"ListItem\",\"position\":2,\"name\":\"Morre Roberto Macedo, voz dos protagonistas de Miami Vice e Caras e Caretas.\"}]},{\"@type\":\"WebSite\",\"@id\":\"https:\/\/dublagembrasileira.com.br\/#website\",\"url\":\"https:\/\/dublagembrasileira.com.br\/\",\"name\":\"DB - Dublagem Brasileira\",\"description\":\"O seu portal de dublagem.\",\"publisher\":{\"@id\":\"https:\/\/dublagembrasileira.com.br\/#organization\"},\"potentialAction\":[{\"@type\":\"SearchAction\",\"target\":{\"@type\":\"EntryPoint\",\"urlTemplate\":\"https:\/\/dublagembrasileira.com.br\/?s={search_term_string}\"},\"query-input\":{\"@type\":\"PropertyValueSpecification\",\"valueRequired\":true,\"valueName\":\"search_term_string\"}}],\"inLanguage\":\"pt-BR\"},{\"@type\":\"Organization\",\"@id\":\"https:\/\/dublagembrasileira.com.br\/#organization\",\"name\":\"DB - Dublagem Brasileira\",\"url\":\"https:\/\/dublagembrasileira.com.br\/\",\"logo\":{\"@type\":\"ImageObject\",\"inLanguage\":\"pt-BR\",\"@id\":\"https:\/\/dublagembrasileira.com.br\/#\/schema\/logo\/image\/\",\"url\":\"https:\/\/dublagembrasileira.com.br\/wp-content\/uploads\/2019\/07\/cropped-logotipodb.png\",\"contentUrl\":\"https:\/\/dublagembrasileira.com.br\/wp-content\/uploads\/2019\/07\/cropped-logotipodb.png\",\"width\":946,\"height\":589,\"caption\":\"DB - Dublagem Brasileira\"},\"image\":{\"@id\":\"https:\/\/dublagembrasileira.com.br\/#\/schema\/logo\/image\/\"}},{\"@type\":\"Person\",\"@id\":\"https:\/\/dublagembrasileira.com.br\/#\/schema\/person\/6298fd46a47d1ef447a90b2fc9f2b215\",\"name\":\"Iza\u00edas Correia\",\"image\":{\"@type\":\"ImageObject\",\"inLanguage\":\"pt-BR\",\"@id\":\"https:\/\/dublagembrasileira.com.br\/#\/schema\/person\/image\/\",\"url\":\"http:\/\/dublagembrasileira.com.br\/wp-content\/uploads\/2025\/06\/cropped-izaiascorreia-96x96.jpg\",\"contentUrl\":\"http:\/\/dublagembrasileira.com.br\/wp-content\/uploads\/2025\/06\/cropped-izaiascorreia-96x96.jpg\",\"caption\":\"Iza\u00edas Correia\"},\"description\":\"Professor, roteirista e web-designer, respons\u00e1vel pelo site InfanTv. Tamb\u00e9m \u00e9 pesquisador da dublagem brasileira.\",\"url\":\"https:\/\/dublagembrasileira.com.br\/?author=1\"}]}<\/script>\n<!-- \/ Yoast SEO plugin. -->","yoast_head_json":{"title":"Morre Roberto Macedo, voz dos protagonistas de Miami Vice e Caras e Caretas. | DB - Dublagem Brasileira","description":"Tamb\u00e9m conhecido por dar voz ao Doutor Octopus em Homem-Aranha 2 (2004).","robots":{"index":"index","follow":"follow","max-snippet":"max-snippet:-1","max-image-preview":"max-image-preview:large","max-video-preview":"max-video-preview:-1"},"canonical":"https:\/\/dublagembrasileira.com.br\/?p=24571","og_locale":"pt_BR","og_type":"article","og_title":"Morre Roberto Macedo, voz dos protagonistas de Miami Vice e Caras e Caretas. | DB - Dublagem Brasileira","og_description":"Tamb\u00e9m conhecido por dar voz ao Doutor Octopus em Homem-Aranha 2 (2004).","og_url":"https:\/\/dublagembrasileira.com.br\/?p=24571","og_site_name":"DB - Dublagem Brasileira","article_published_time":"2023-06-25T21:14:59+00:00","article_modified_time":"2023-07-20T21:36:05+00:00","og_image":[{"width":722,"height":544,"url":"https:\/\/dublagembrasileira.com.br\/wp-content\/uploads\/2023\/07\/robertomacedo.jpg","type":"image\/jpeg"}],"author":"Iza\u00edas Correia","twitter_card":"summary_large_image","twitter_misc":{"Escrito por":"Iza\u00edas Correia","Est. tempo de leitura":"1 minuto"},"schema":{"@context":"https:\/\/schema.org","@graph":[{"@type":"Article","@id":"https:\/\/dublagembrasileira.com.br\/?p=24571#article","isPartOf":{"@id":"https:\/\/dublagembrasileira.com.br\/?p=24571"},"author":{"name":"Iza\u00edas Correia","@id":"https:\/\/dublagembrasileira.com.br\/#\/schema\/person\/6298fd46a47d1ef447a90b2fc9f2b215"},"headline":"Morre Roberto Macedo, voz dos protagonistas de Miami Vice e Caras e Caretas.","datePublished":"2023-06-25T21:14:59+00:00","dateModified":"2023-07-20T21:36:05+00:00","mainEntityOfPage":{"@id":"https:\/\/dublagembrasileira.com.br\/?p=24571"},"wordCount":218,"commentCount":0,"publisher":{"@id":"https:\/\/dublagembrasileira.com.br\/#organization"},"image":{"@id":"https:\/\/dublagembrasileira.com.br\/?p=24571#primaryimage"},"thumbnailUrl":"https:\/\/dublagembrasileira.com.br\/wp-content\/uploads\/2023\/07\/robertomacedo.jpg","keywords":["dublador","falecimento","morte"],"articleSection":["Not\u00edcias","Vida Real"],"inLanguage":"pt-BR","potentialAction":[{"@type":"CommentAction","name":"Comment","target":["https:\/\/dublagembrasileira.com.br\/?p=24571#respond"]}]},{"@type":"WebPage","@id":"https:\/\/dublagembrasileira.com.br\/?p=24571","url":"https:\/\/dublagembrasileira.com.br\/?p=24571","name":"Morre Roberto Macedo, voz dos protagonistas de Miami Vice e Caras e Caretas. | DB - Dublagem Brasileira","isPartOf":{"@id":"https:\/\/dublagembrasileira.com.br\/#website"},"primaryImageOfPage":{"@id":"https:\/\/dublagembrasileira.com.br\/?p=24571#primaryimage"},"image":{"@id":"https:\/\/dublagembrasileira.com.br\/?p=24571#primaryimage"},"thumbnailUrl":"https:\/\/dublagembrasileira.com.br\/wp-content\/uploads\/2023\/07\/robertomacedo.jpg","datePublished":"2023-06-25T21:14:59+00:00","dateModified":"2023-07-20T21:36:05+00:00","description":"Tamb\u00e9m conhecido por dar voz ao Doutor Octopus em Homem-Aranha 2 (2004).","breadcrumb":{"@id":"https:\/\/dublagembrasileira.com.br\/?p=24571#breadcrumb"},"inLanguage":"pt-BR","potentialAction":[{"@type":"ReadAction","target":["https:\/\/dublagembrasileira.com.br\/?p=24571"]}]},{"@type":"ImageObject","inLanguage":"pt-BR","@id":"https:\/\/dublagembrasileira.com.br\/?p=24571#primaryimage","url":"https:\/\/dublagembrasileira.com.br\/wp-content\/uploads\/2023\/07\/robertomacedo.jpg","contentUrl":"https:\/\/dublagembrasileira.com.br\/wp-content\/uploads\/2023\/07\/robertomacedo.jpg","width":722,"height":544},{"@type":"BreadcrumbList","@id":"https:\/\/dublagembrasileira.com.br\/?p=24571#breadcrumb","itemListElement":[{"@type":"ListItem","position":1,"name":"In\u00edcio","item":"https:\/\/dublagembrasileira.com.br\/"},{"@type":"ListItem","position":2,"name":"Morre Roberto Macedo, voz dos protagonistas de Miami Vice e Caras e Caretas."}]},{"@type":"WebSite","@id":"https:\/\/dublagembrasileira.com.br\/#website","url":"https:\/\/dublagembrasileira.com.br\/","name":"DB - Dublagem Brasileira","description":"O seu portal de dublagem.","publisher":{"@id":"https:\/\/dublagembrasileira.com.br\/#organization"},"potentialAction":[{"@type":"SearchAction","target":{"@type":"EntryPoint","urlTemplate":"https:\/\/dublagembrasileira.com.br\/?s={search_term_string}"},"query-input":{"@type":"PropertyValueSpecification","valueRequired":true,"valueName":"search_term_string"}}],"inLanguage":"pt-BR"},{"@type":"Organization","@id":"https:\/\/dublagembrasileira.com.br\/#organization","name":"DB - Dublagem Brasileira","url":"https:\/\/dublagembrasileira.com.br\/","logo":{"@type":"ImageObject","inLanguage":"pt-BR","@id":"https:\/\/dublagembrasileira.com.br\/#\/schema\/logo\/image\/","url":"https:\/\/dublagembrasileira.com.br\/wp-content\/uploads\/2019\/07\/cropped-logotipodb.png","contentUrl":"https:\/\/dublagembrasileira.com.br\/wp-content\/uploads\/2019\/07\/cropped-logotipodb.png","width":946,"height":589,"caption":"DB - Dublagem Brasileira"},"image":{"@id":"https:\/\/dublagembrasileira.com.br\/#\/schema\/logo\/image\/"}},{"@type":"Person","@id":"https:\/\/dublagembrasileira.com.br\/#\/schema\/person\/6298fd46a47d1ef447a90b2fc9f2b215","name":"Iza\u00edas Correia","image":{"@type":"ImageObject","inLanguage":"pt-BR","@id":"https:\/\/dublagembrasileira.com.br\/#\/schema\/person\/image\/","url":"http:\/\/dublagembrasileira.com.br\/wp-content\/uploads\/2025\/06\/cropped-izaiascorreia-96x96.jpg","contentUrl":"http:\/\/dublagembrasileira.com.br\/wp-content\/uploads\/2025\/06\/cropped-izaiascorreia-96x96.jpg","caption":"Iza\u00edas Correia"},"description":"Professor, roteirista e web-designer, respons\u00e1vel pelo site InfanTv. Tamb\u00e9m \u00e9 pesquisador da dublagem brasileira.","url":"https:\/\/dublagembrasileira.com.br\/?author=1"}]}},"rttpg_featured_image_url":{"full":["https:\/\/dublagembrasileira.com.br\/wp-content\/uploads\/2023\/07\/robertomacedo.jpg",722,544,false],"landscape":["https:\/\/dublagembrasileira.com.br\/wp-content\/uploads\/2023\/07\/robertomacedo.jpg",722,544,false],"portraits":["https:\/\/dublagembrasileira.com.br\/wp-content\/uploads\/2023\/07\/robertomacedo.jpg",722,544,false],"thumbnail":["https:\/\/dublagembrasileira.com.br\/wp-content\/uploads\/2023\/07\/robertomacedo-150x150.jpg",150,150,true],"medium":["https:\/\/dublagembrasileira.com.br\/wp-content\/uploads\/2023\/07\/robertomacedo-300x226.jpg",300,226,true],"large":["https:\/\/dublagembrasileira.com.br\/wp-content\/uploads\/2023\/07\/robertomacedo.jpg",640,482,false],"1536x1536":["https:\/\/dublagembrasileira.com.br\/wp-content\/uploads\/2023\/07\/robertomacedo.jpg",722,544,false],"2048x2048":["https:\/\/dublagembrasileira.com.br\/wp-content\/uploads\/2023\/07\/robertomacedo.jpg",722,544,false],"eggnews-slider-large":["https:\/\/dublagembrasileira.com.br\/wp-content\/uploads\/2023\/07\/robertomacedo.jpg",722,544,false],"eggnews-featured-medium":["https:\/\/dublagembrasileira.com.br\/wp-content\/uploads\/2023\/07\/robertomacedo-420x307.jpg",420,307,true],"eggnews-featured-long":["https:\/\/dublagembrasileira.com.br\/wp-content\/uploads\/2023\/07\/robertomacedo-300x443.jpg",300,443,true],"eggnews-block-medium":["https:\/\/dublagembrasileira.com.br\/wp-content\/uploads\/2023\/07\/robertomacedo-464x290.jpg",464,290,true],"eggnews-carousel-image":["https:\/\/dublagembrasileira.com.br\/wp-content\/uploads\/2023\/07\/robertomacedo-600x500.jpg",600,500,true],"eggnews-block-thumb":["https:\/\/dublagembrasileira.com.br\/wp-content\/uploads\/2023\/07\/robertomacedo-322x230.jpg",322,230,true],"eggnews-single-large":["https:\/\/dublagembrasileira.com.br\/wp-content\/uploads\/2023\/07\/robertomacedo.jpg",722,544,false],"crp_thumbnail":["https:\/\/dublagembrasileira.com.br\/wp-content\/uploads\/2023\/07\/robertomacedo-150x150.jpg",150,150,true]},"rttpg_author":{"display_name":"Iza\u00edas Correia","author_link":"https:\/\/dublagembrasileira.com.br\/?author=1"},"rttpg_comment":0,"rttpg_category":"<a href=\"https:\/\/dublagembrasileira.com.br\/?cat=13\" rel=\"category\">Not\u00edcias<\/a> <a href=\"https:\/\/dublagembrasileira.com.br\/?cat=22\" rel=\"category\">Vida Real<\/a>","rttpg_excerpt":"Tamb\u00e9m conhecido por dar voz ao Doutor Octopus em Homem-Aranha 2 (2004). O dublador Roberto Macedo faleceu hoje aos 83 anos. O falecimento do dublador, foi confirmado pelo Retiro dos Artistas. Na dublagem, ingressou em Novembro de 1976 na Herbert Richers, e desde ent\u00e3o seguiu carreira. Permaneceu na Herbert por 32 anos, quando se retirou&hellip;","_links":{"self":[{"href":"https:\/\/dublagembrasileira.com.br\/index.php?rest_route=\/wp\/v2\/posts\/24571","targetHints":{"allow":["GET"]}}],"collection":[{"href":"https:\/\/dublagembrasileira.com.br\/index.php?rest_route=\/wp\/v2\/posts"}],"about":[{"href":"https:\/\/dublagembrasileira.com.br\/index.php?rest_route=\/wp\/v2\/types\/post"}],"author":[{"embeddable":true,"href":"https:\/\/dublagembrasileira.com.br\/index.php?rest_route=\/wp\/v2\/users\/1"}],"replies":[{"embeddable":true,"href":"https:\/\/dublagembrasileira.com.br\/index.php?rest_route=%2Fwp%2Fv2%2Fcomments&post=24571"}],"version-history":[{"count":3,"href":"https:\/\/dublagembrasileira.com.br\/index.php?rest_route=\/wp\/v2\/posts\/24571\/revisions"}],"predecessor-version":[{"id":24576,"href":"https:\/\/dublagembrasileira.com.br\/index.php?rest_route=\/wp\/v2\/posts\/24571\/revisions\/24576"}],"wp:featuredmedia":[{"embeddable":true,"href":"https:\/\/dublagembrasileira.com.br\/index.php?rest_route=\/wp\/v2\/media\/24573"}],"wp:attachment":[{"href":"https:\/\/dublagembrasileira.com.br\/index.php?rest_route=%2Fwp%2Fv2%2Fmedia&parent=24571"}],"wp:term":[{"taxonomy":"category","embeddable":true,"href":"https:\/\/dublagembrasileira.com.br\/index.php?rest_route=%2Fwp%2Fv2%2Fcategories&post=24571"},{"taxonomy":"post_tag","embeddable":true,"href":"https:\/\/dublagembrasileira.com.br\/index.php?rest_route=%2Fwp%2Fv2%2Ftags&post=24571"}],"curies":[{"name":"wp","href":"https:\/\/api.w.org\/{rel}","templated":true}]}}