{"id":24514,"date":"2023-04-05T13:00:00","date_gmt":"2023-04-05T13:00:00","guid":{"rendered":"https:\/\/dublagembrasileira.com.br\/?p=24514"},"modified":"2023-07-20T21:02:39","modified_gmt":"2023-07-20T21:02:39","slug":"morre-geisa-vidal-a-voz-brasileira-da-glenn-close","status":"publish","type":"post","link":"https:\/\/dublagembrasileira.com.br\/?p=24514","title":{"rendered":"Morre Geisa Vidal, a voz brasileira da Glenn Close."},"content":{"rendered":"<div class=\"elementor-element elementor-element-2f702e88 elementor-widget elementor-widget-text-editor\" data-id=\"2f702e88\" data-element_type=\"widget\" data-widget_type=\"text-editor.default\">\n<div class=\"elementor-widget-container\">\n<div class=\"elementor-text-editor elementor-clearfix\">\n<h4><i>Dubladora morava em casa de repouso em Uberl\u00e2ndia.<\/i><\/h4>\n<hr \/>\n<\/div>\n<\/div>\n<\/div>\n<p>Morreu na noite de ter\u00e7a-feira (4), aos 81 anos, a\u00a0dubladora<strong> Geisa Vidal<\/strong>. Nascida no Rio de Janeiro, Geisa morava em uma casa de repouso em\u00a0Uberl\u00e2ndia, onde recebia tratamento contra Alzheimer diagnosticado em 2018. Ela deixa o filho, Nelson Porto, e tr\u00eas netos.<\/p>\n<p>Geisa era cantora l\u00edrica, advogada e professora, mas foi na dublagem que alcan\u00e7ou maior reconhecimento. Ela foi a respons\u00e1vel por fazer as vozes na vers\u00e3o brasileira das personagens das atrizes Glenn Close &#8211; como em Guardi\u00f5es da Gal\u00e1xia (2014) e na s\u00e9rie Os Simpsons &#8211; e Emma Thompson &#8211; como em Homens, Mulheres e Filhos (2014), entre outros.<\/p>\n<p>Nos \u00faltimos anos, Vidal tamb\u00e9m assumiu a dublagem da personagem M, da atriz brit\u00e2nica Judi Dench, em seis filmes da s\u00e9rie 007. Ela ainda atuou em v\u00e1rios outros t\u00edtulos como <strong><a href=\"https:\/\/dublagembrasileira.com.br\/?p=20351\">Um Maluco no Peda\u00e7o<\/a>, <a href=\"https:\/\/dublagembrasileira.com.br\/?p=19713\">Nova York Contra o Crime<\/a>, <a href=\"https:\/\/dublagembrasileira.com.br\/?p=13819\">I Love Lucy<\/a>\u00a0e <a href=\"https:\/\/dublagembrasileira.com.br\/?p=5861\">Arquivo X<\/a>.<\/strong><\/p>\n","protected":false},"excerpt":{"rendered":"<p>Dubladora morava em casa de repouso em Uberl\u00e2ndia. Morreu na noite de ter\u00e7a-feira (4), aos 81 anos, a\u00a0dubladora Geisa Vidal. Nascida no Rio de Janeiro, Geisa morava em uma casa de repouso em\u00a0Uberl\u00e2ndia, onde recebia tratamento contra Alzheimer diagnosticado em 2018. Ela deixa o filho, Nelson Porto, e tr\u00eas netos. Geisa era cantora l\u00edrica, advogada e professora, mas foi na dublagem que alcan\u00e7ou maior reconhecimento. Ela foi a respons\u00e1vel por fazer as vozes na vers\u00e3o brasileira das personagens das atrizes Glenn Close &#8211; como em Guardi\u00f5es da Gal\u00e1xia (2014) e na s\u00e9rie Os Simpsons &#8211; e Emma Thompson &#8211; como em Homens, Mulheres e Filhos (2014), entre outros. Nos \u00faltimos anos, Vidal tamb\u00e9m assumiu a dublagem da personagem M, da atriz brit\u00e2nica Judi Dench, em seis filmes da s\u00e9rie 007. Ela ainda atuou em v\u00e1rios outros t\u00edtulos como Um Maluco no Peda\u00e7o, Nova York Contra o Crime, I Love Lucy\u00a0e Arquivo X.<\/p>\n","protected":false},"author":4,"featured_media":24515,"comment_status":"open","ping_status":"open","sticky":false,"template":"","format":"standard","meta":{"_monsterinsights_skip_tracking":false,"_monsterinsights_sitenote_active":false,"_monsterinsights_sitenote_note":"","_monsterinsights_sitenote_category":0,"footnotes":""},"categories":[13,22],"tags":[34,152,72],"class_list":["post-24514","post","type-post","status-publish","format-standard","has-post-thumbnail","hentry","category-noticias","category-vida-real","tag-dubladora","tag-falecimento","tag-morte"],"yoast_head":"<!-- This site is optimized with the Yoast SEO plugin v26.1.1 - https:\/\/yoast.com\/wordpress\/plugins\/seo\/ -->\n<title>Morre Geisa Vidal, a voz brasileira da Glenn Close. | DB - Dublagem Brasileira<\/title>\n<meta name=\"description\" content=\"Dubladora morava em casa de repouso em Uberl\u00e2ndia.\" \/>\n<meta name=\"robots\" content=\"index, follow, max-snippet:-1, max-image-preview:large, max-video-preview:-1\" \/>\n<link rel=\"canonical\" href=\"https:\/\/dublagembrasileira.com.br\/?p=24514\" \/>\n<meta property=\"og:locale\" content=\"pt_BR\" \/>\n<meta property=\"og:type\" content=\"article\" \/>\n<meta property=\"og:title\" content=\"Morre Geisa Vidal, a voz brasileira da Glenn Close. | DB - Dublagem Brasileira\" \/>\n<meta property=\"og:description\" content=\"Dubladora morava em casa de repouso em Uberl\u00e2ndia.\" \/>\n<meta property=\"og:url\" content=\"https:\/\/dublagembrasileira.com.br\/?p=24514\" \/>\n<meta property=\"og:site_name\" content=\"DB - Dublagem Brasileira\" \/>\n<meta property=\"article:author\" content=\"https:\/\/www.facebook.com\/dublagembrasileira\" \/>\n<meta property=\"article:published_time\" content=\"2023-04-05T13:00:00+00:00\" \/>\n<meta property=\"article:modified_time\" content=\"2023-07-20T21:02:39+00:00\" \/>\n<meta property=\"og:image\" content=\"https:\/\/dublagembrasileira.com.br\/wp-content\/uploads\/2023\/07\/geisavidal.jpg\" \/>\n\t<meta property=\"og:image:width\" content=\"722\" \/>\n\t<meta property=\"og:image:height\" content=\"544\" \/>\n\t<meta property=\"og:image:type\" content=\"image\/jpeg\" \/>\n<meta name=\"author\" content=\"Reda\u00e7\u00e3o\" \/>\n<meta name=\"twitter:card\" content=\"summary_large_image\" \/>\n<meta name=\"twitter:creator\" content=\"@dbdublagem\" \/>\n<meta name=\"twitter:label1\" content=\"Escrito por\" \/>\n\t<meta name=\"twitter:data1\" content=\"Reda\u00e7\u00e3o\" \/>\n\t<meta name=\"twitter:label2\" content=\"Est. tempo de leitura\" \/>\n\t<meta name=\"twitter:data2\" content=\"1 minuto\" \/>\n<script type=\"application\/ld+json\" class=\"yoast-schema-graph\">{\"@context\":\"https:\/\/schema.org\",\"@graph\":[{\"@type\":\"Article\",\"@id\":\"https:\/\/dublagembrasileira.com.br\/?p=24514#article\",\"isPartOf\":{\"@id\":\"https:\/\/dublagembrasileira.com.br\/?p=24514\"},\"author\":{\"name\":\"Reda\u00e7\u00e3o\",\"@id\":\"https:\/\/dublagembrasileira.com.br\/#\/schema\/person\/a75bac594c0e9a0b96508b7e124f20d1\"},\"headline\":\"Morre Geisa Vidal, a voz brasileira da Glenn Close.\",\"datePublished\":\"2023-04-05T13:00:00+00:00\",\"dateModified\":\"2023-07-20T21:02:39+00:00\",\"mainEntityOfPage\":{\"@id\":\"https:\/\/dublagembrasileira.com.br\/?p=24514\"},\"wordCount\":175,\"commentCount\":0,\"publisher\":{\"@id\":\"https:\/\/dublagembrasileira.com.br\/#organization\"},\"image\":{\"@id\":\"https:\/\/dublagembrasileira.com.br\/?p=24514#primaryimage\"},\"thumbnailUrl\":\"https:\/\/dublagembrasileira.com.br\/wp-content\/uploads\/2023\/07\/geisavidal.jpg\",\"keywords\":[\"dubladora\",\"falecimento\",\"morte\"],\"articleSection\":[\"Not\u00edcias\",\"Vida Real\"],\"inLanguage\":\"pt-BR\",\"potentialAction\":[{\"@type\":\"CommentAction\",\"name\":\"Comment\",\"target\":[\"https:\/\/dublagembrasileira.com.br\/?p=24514#respond\"]}]},{\"@type\":\"WebPage\",\"@id\":\"https:\/\/dublagembrasileira.com.br\/?p=24514\",\"url\":\"https:\/\/dublagembrasileira.com.br\/?p=24514\",\"name\":\"Morre Geisa Vidal, a voz brasileira da Glenn Close. | DB - Dublagem Brasileira\",\"isPartOf\":{\"@id\":\"https:\/\/dublagembrasileira.com.br\/#website\"},\"primaryImageOfPage\":{\"@id\":\"https:\/\/dublagembrasileira.com.br\/?p=24514#primaryimage\"},\"image\":{\"@id\":\"https:\/\/dublagembrasileira.com.br\/?p=24514#primaryimage\"},\"thumbnailUrl\":\"https:\/\/dublagembrasileira.com.br\/wp-content\/uploads\/2023\/07\/geisavidal.jpg\",\"datePublished\":\"2023-04-05T13:00:00+00:00\",\"dateModified\":\"2023-07-20T21:02:39+00:00\",\"description\":\"Dubladora morava em casa de repouso em Uberl\u00e2ndia.\",\"breadcrumb\":{\"@id\":\"https:\/\/dublagembrasileira.com.br\/?p=24514#breadcrumb\"},\"inLanguage\":\"pt-BR\",\"potentialAction\":[{\"@type\":\"ReadAction\",\"target\":[\"https:\/\/dublagembrasileira.com.br\/?p=24514\"]}]},{\"@type\":\"ImageObject\",\"inLanguage\":\"pt-BR\",\"@id\":\"https:\/\/dublagembrasileira.com.br\/?p=24514#primaryimage\",\"url\":\"https:\/\/dublagembrasileira.com.br\/wp-content\/uploads\/2023\/07\/geisavidal.jpg\",\"contentUrl\":\"https:\/\/dublagembrasileira.com.br\/wp-content\/uploads\/2023\/07\/geisavidal.jpg\",\"width\":722,\"height\":544},{\"@type\":\"BreadcrumbList\",\"@id\":\"https:\/\/dublagembrasileira.com.br\/?p=24514#breadcrumb\",\"itemListElement\":[{\"@type\":\"ListItem\",\"position\":1,\"name\":\"In\u00edcio\",\"item\":\"https:\/\/dublagembrasileira.com.br\/\"},{\"@type\":\"ListItem\",\"position\":2,\"name\":\"Morre Geisa Vidal, a voz brasileira da Glenn Close.\"}]},{\"@type\":\"WebSite\",\"@id\":\"https:\/\/dublagembrasileira.com.br\/#website\",\"url\":\"https:\/\/dublagembrasileira.com.br\/\",\"name\":\"DB - Dublagem Brasileira\",\"description\":\"O seu portal de dublagem.\",\"publisher\":{\"@id\":\"https:\/\/dublagembrasileira.com.br\/#organization\"},\"potentialAction\":[{\"@type\":\"SearchAction\",\"target\":{\"@type\":\"EntryPoint\",\"urlTemplate\":\"https:\/\/dublagembrasileira.com.br\/?s={search_term_string}\"},\"query-input\":{\"@type\":\"PropertyValueSpecification\",\"valueRequired\":true,\"valueName\":\"search_term_string\"}}],\"inLanguage\":\"pt-BR\"},{\"@type\":\"Organization\",\"@id\":\"https:\/\/dublagembrasileira.com.br\/#organization\",\"name\":\"DB - Dublagem Brasileira\",\"url\":\"https:\/\/dublagembrasileira.com.br\/\",\"logo\":{\"@type\":\"ImageObject\",\"inLanguage\":\"pt-BR\",\"@id\":\"https:\/\/dublagembrasileira.com.br\/#\/schema\/logo\/image\/\",\"url\":\"https:\/\/dublagembrasileira.com.br\/wp-content\/uploads\/2019\/07\/cropped-logotipodb.png\",\"contentUrl\":\"https:\/\/dublagembrasileira.com.br\/wp-content\/uploads\/2019\/07\/cropped-logotipodb.png\",\"width\":946,\"height\":589,\"caption\":\"DB - Dublagem Brasileira\"},\"image\":{\"@id\":\"https:\/\/dublagembrasileira.com.br\/#\/schema\/logo\/image\/\"}},{\"@type\":\"Person\",\"@id\":\"https:\/\/dublagembrasileira.com.br\/#\/schema\/person\/a75bac594c0e9a0b96508b7e124f20d1\",\"name\":\"Reda\u00e7\u00e3o\",\"image\":{\"@type\":\"ImageObject\",\"inLanguage\":\"pt-BR\",\"@id\":\"https:\/\/dublagembrasileira.com.br\/#\/schema\/person\/image\/\",\"url\":\"http:\/\/dublagembrasileira.com.br\/wp-content\/uploads\/2025\/06\/admin-96x96.jpg\",\"contentUrl\":\"http:\/\/dublagembrasileira.com.br\/wp-content\/uploads\/2025\/06\/admin-96x96.jpg\",\"caption\":\"Reda\u00e7\u00e3o\"},\"description\":\"Equipe do DB.\",\"sameAs\":[\"https:\/\/www.facebook.com\/dublagembrasileira\",\"https:\/\/www.instagram.com\/dbdublagembrasileira\",\"https:\/\/x.com\/dbdublagem\"],\"url\":\"https:\/\/dublagembrasileira.com.br\/?author=4\"}]}<\/script>\n<!-- \/ Yoast SEO plugin. -->","yoast_head_json":{"title":"Morre Geisa Vidal, a voz brasileira da Glenn Close. | DB - Dublagem Brasileira","description":"Dubladora morava em casa de repouso em Uberl\u00e2ndia.","robots":{"index":"index","follow":"follow","max-snippet":"max-snippet:-1","max-image-preview":"max-image-preview:large","max-video-preview":"max-video-preview:-1"},"canonical":"https:\/\/dublagembrasileira.com.br\/?p=24514","og_locale":"pt_BR","og_type":"article","og_title":"Morre Geisa Vidal, a voz brasileira da Glenn Close. | DB - Dublagem Brasileira","og_description":"Dubladora morava em casa de repouso em Uberl\u00e2ndia.","og_url":"https:\/\/dublagembrasileira.com.br\/?p=24514","og_site_name":"DB - Dublagem Brasileira","article_author":"https:\/\/www.facebook.com\/dublagembrasileira","article_published_time":"2023-04-05T13:00:00+00:00","article_modified_time":"2023-07-20T21:02:39+00:00","og_image":[{"width":722,"height":544,"url":"https:\/\/dublagembrasileira.com.br\/wp-content\/uploads\/2023\/07\/geisavidal.jpg","type":"image\/jpeg"}],"author":"Reda\u00e7\u00e3o","twitter_card":"summary_large_image","twitter_creator":"@dbdublagem","twitter_misc":{"Escrito por":"Reda\u00e7\u00e3o","Est. tempo de leitura":"1 minuto"},"schema":{"@context":"https:\/\/schema.org","@graph":[{"@type":"Article","@id":"https:\/\/dublagembrasileira.com.br\/?p=24514#article","isPartOf":{"@id":"https:\/\/dublagembrasileira.com.br\/?p=24514"},"author":{"name":"Reda\u00e7\u00e3o","@id":"https:\/\/dublagembrasileira.com.br\/#\/schema\/person\/a75bac594c0e9a0b96508b7e124f20d1"},"headline":"Morre Geisa Vidal, a voz brasileira da Glenn Close.","datePublished":"2023-04-05T13:00:00+00:00","dateModified":"2023-07-20T21:02:39+00:00","mainEntityOfPage":{"@id":"https:\/\/dublagembrasileira.com.br\/?p=24514"},"wordCount":175,"commentCount":0,"publisher":{"@id":"https:\/\/dublagembrasileira.com.br\/#organization"},"image":{"@id":"https:\/\/dublagembrasileira.com.br\/?p=24514#primaryimage"},"thumbnailUrl":"https:\/\/dublagembrasileira.com.br\/wp-content\/uploads\/2023\/07\/geisavidal.jpg","keywords":["dubladora","falecimento","morte"],"articleSection":["Not\u00edcias","Vida Real"],"inLanguage":"pt-BR","potentialAction":[{"@type":"CommentAction","name":"Comment","target":["https:\/\/dublagembrasileira.com.br\/?p=24514#respond"]}]},{"@type":"WebPage","@id":"https:\/\/dublagembrasileira.com.br\/?p=24514","url":"https:\/\/dublagembrasileira.com.br\/?p=24514","name":"Morre Geisa Vidal, a voz brasileira da Glenn Close. | DB - Dublagem Brasileira","isPartOf":{"@id":"https:\/\/dublagembrasileira.com.br\/#website"},"primaryImageOfPage":{"@id":"https:\/\/dublagembrasileira.com.br\/?p=24514#primaryimage"},"image":{"@id":"https:\/\/dublagembrasileira.com.br\/?p=24514#primaryimage"},"thumbnailUrl":"https:\/\/dublagembrasileira.com.br\/wp-content\/uploads\/2023\/07\/geisavidal.jpg","datePublished":"2023-04-05T13:00:00+00:00","dateModified":"2023-07-20T21:02:39+00:00","description":"Dubladora morava em casa de repouso em Uberl\u00e2ndia.","breadcrumb":{"@id":"https:\/\/dublagembrasileira.com.br\/?p=24514#breadcrumb"},"inLanguage":"pt-BR","potentialAction":[{"@type":"ReadAction","target":["https:\/\/dublagembrasileira.com.br\/?p=24514"]}]},{"@type":"ImageObject","inLanguage":"pt-BR","@id":"https:\/\/dublagembrasileira.com.br\/?p=24514#primaryimage","url":"https:\/\/dublagembrasileira.com.br\/wp-content\/uploads\/2023\/07\/geisavidal.jpg","contentUrl":"https:\/\/dublagembrasileira.com.br\/wp-content\/uploads\/2023\/07\/geisavidal.jpg","width":722,"height":544},{"@type":"BreadcrumbList","@id":"https:\/\/dublagembrasileira.com.br\/?p=24514#breadcrumb","itemListElement":[{"@type":"ListItem","position":1,"name":"In\u00edcio","item":"https:\/\/dublagembrasileira.com.br\/"},{"@type":"ListItem","position":2,"name":"Morre Geisa Vidal, a voz brasileira da Glenn Close."}]},{"@type":"WebSite","@id":"https:\/\/dublagembrasileira.com.br\/#website","url":"https:\/\/dublagembrasileira.com.br\/","name":"DB - Dublagem Brasileira","description":"O seu portal de dublagem.","publisher":{"@id":"https:\/\/dublagembrasileira.com.br\/#organization"},"potentialAction":[{"@type":"SearchAction","target":{"@type":"EntryPoint","urlTemplate":"https:\/\/dublagembrasileira.com.br\/?s={search_term_string}"},"query-input":{"@type":"PropertyValueSpecification","valueRequired":true,"valueName":"search_term_string"}}],"inLanguage":"pt-BR"},{"@type":"Organization","@id":"https:\/\/dublagembrasileira.com.br\/#organization","name":"DB - Dublagem Brasileira","url":"https:\/\/dublagembrasileira.com.br\/","logo":{"@type":"ImageObject","inLanguage":"pt-BR","@id":"https:\/\/dublagembrasileira.com.br\/#\/schema\/logo\/image\/","url":"https:\/\/dublagembrasileira.com.br\/wp-content\/uploads\/2019\/07\/cropped-logotipodb.png","contentUrl":"https:\/\/dublagembrasileira.com.br\/wp-content\/uploads\/2019\/07\/cropped-logotipodb.png","width":946,"height":589,"caption":"DB - Dublagem Brasileira"},"image":{"@id":"https:\/\/dublagembrasileira.com.br\/#\/schema\/logo\/image\/"}},{"@type":"Person","@id":"https:\/\/dublagembrasileira.com.br\/#\/schema\/person\/a75bac594c0e9a0b96508b7e124f20d1","name":"Reda\u00e7\u00e3o","image":{"@type":"ImageObject","inLanguage":"pt-BR","@id":"https:\/\/dublagembrasileira.com.br\/#\/schema\/person\/image\/","url":"http:\/\/dublagembrasileira.com.br\/wp-content\/uploads\/2025\/06\/admin-96x96.jpg","contentUrl":"http:\/\/dublagembrasileira.com.br\/wp-content\/uploads\/2025\/06\/admin-96x96.jpg","caption":"Reda\u00e7\u00e3o"},"description":"Equipe do DB.","sameAs":["https:\/\/www.facebook.com\/dublagembrasileira","https:\/\/www.instagram.com\/dbdublagembrasileira","https:\/\/x.com\/dbdublagem"],"url":"https:\/\/dublagembrasileira.com.br\/?author=4"}]}},"rttpg_featured_image_url":{"full":["https:\/\/dublagembrasileira.com.br\/wp-content\/uploads\/2023\/07\/geisavidal.jpg",722,544,false],"landscape":["https:\/\/dublagembrasileira.com.br\/wp-content\/uploads\/2023\/07\/geisavidal.jpg",722,544,false],"portraits":["https:\/\/dublagembrasileira.com.br\/wp-content\/uploads\/2023\/07\/geisavidal.jpg",722,544,false],"thumbnail":["https:\/\/dublagembrasileira.com.br\/wp-content\/uploads\/2023\/07\/geisavidal-150x150.jpg",150,150,true],"medium":["https:\/\/dublagembrasileira.com.br\/wp-content\/uploads\/2023\/07\/geisavidal-300x226.jpg",300,226,true],"large":["https:\/\/dublagembrasileira.com.br\/wp-content\/uploads\/2023\/07\/geisavidal.jpg",640,482,false],"1536x1536":["https:\/\/dublagembrasileira.com.br\/wp-content\/uploads\/2023\/07\/geisavidal.jpg",722,544,false],"2048x2048":["https:\/\/dublagembrasileira.com.br\/wp-content\/uploads\/2023\/07\/geisavidal.jpg",722,544,false],"eggnews-slider-large":["https:\/\/dublagembrasileira.com.br\/wp-content\/uploads\/2023\/07\/geisavidal.jpg",722,544,false],"eggnews-featured-medium":["https:\/\/dublagembrasileira.com.br\/wp-content\/uploads\/2023\/07\/geisavidal-420x307.jpg",420,307,true],"eggnews-featured-long":["https:\/\/dublagembrasileira.com.br\/wp-content\/uploads\/2023\/07\/geisavidal-300x443.jpg",300,443,true],"eggnews-block-medium":["https:\/\/dublagembrasileira.com.br\/wp-content\/uploads\/2023\/07\/geisavidal-464x290.jpg",464,290,true],"eggnews-carousel-image":["https:\/\/dublagembrasileira.com.br\/wp-content\/uploads\/2023\/07\/geisavidal-600x500.jpg",600,500,true],"eggnews-block-thumb":["https:\/\/dublagembrasileira.com.br\/wp-content\/uploads\/2023\/07\/geisavidal-322x230.jpg",322,230,true],"eggnews-single-large":["https:\/\/dublagembrasileira.com.br\/wp-content\/uploads\/2023\/07\/geisavidal.jpg",722,544,false],"crp_thumbnail":["https:\/\/dublagembrasileira.com.br\/wp-content\/uploads\/2023\/07\/geisavidal-150x150.jpg",150,150,true]},"rttpg_author":{"display_name":"Reda\u00e7\u00e3o","author_link":"https:\/\/dublagembrasileira.com.br\/?author=4"},"rttpg_comment":0,"rttpg_category":"<a href=\"https:\/\/dublagembrasileira.com.br\/?cat=13\" rel=\"category\">Not\u00edcias<\/a> <a href=\"https:\/\/dublagembrasileira.com.br\/?cat=22\" rel=\"category\">Vida Real<\/a>","rttpg_excerpt":"Dubladora morava em casa de repouso em Uberl\u00e2ndia. Morreu na noite de ter\u00e7a-feira (4), aos 81 anos, a\u00a0dubladora Geisa Vidal. Nascida no Rio de Janeiro, Geisa morava em uma casa de repouso em\u00a0Uberl\u00e2ndia, onde recebia tratamento contra Alzheimer diagnosticado em 2018. Ela deixa o filho, Nelson Porto, e tr\u00eas netos. Geisa era cantora l\u00edrica, advogada&hellip;","_links":{"self":[{"href":"https:\/\/dublagembrasileira.com.br\/index.php?rest_route=\/wp\/v2\/posts\/24514","targetHints":{"allow":["GET"]}}],"collection":[{"href":"https:\/\/dublagembrasileira.com.br\/index.php?rest_route=\/wp\/v2\/posts"}],"about":[{"href":"https:\/\/dublagembrasileira.com.br\/index.php?rest_route=\/wp\/v2\/types\/post"}],"author":[{"embeddable":true,"href":"https:\/\/dublagembrasileira.com.br\/index.php?rest_route=\/wp\/v2\/users\/4"}],"replies":[{"embeddable":true,"href":"https:\/\/dublagembrasileira.com.br\/index.php?rest_route=%2Fwp%2Fv2%2Fcomments&post=24514"}],"version-history":[{"count":1,"href":"https:\/\/dublagembrasileira.com.br\/index.php?rest_route=\/wp\/v2\/posts\/24514\/revisions"}],"predecessor-version":[{"id":24516,"href":"https:\/\/dublagembrasileira.com.br\/index.php?rest_route=\/wp\/v2\/posts\/24514\/revisions\/24516"}],"wp:featuredmedia":[{"embeddable":true,"href":"https:\/\/dublagembrasileira.com.br\/index.php?rest_route=\/wp\/v2\/media\/24515"}],"wp:attachment":[{"href":"https:\/\/dublagembrasileira.com.br\/index.php?rest_route=%2Fwp%2Fv2%2Fmedia&parent=24514"}],"wp:term":[{"taxonomy":"category","embeddable":true,"href":"https:\/\/dublagembrasileira.com.br\/index.php?rest_route=%2Fwp%2Fv2%2Fcategories&post=24514"},{"taxonomy":"post_tag","embeddable":true,"href":"https:\/\/dublagembrasileira.com.br\/index.php?rest_route=%2Fwp%2Fv2%2Ftags&post=24514"}],"curies":[{"name":"wp","href":"https:\/\/api.w.org\/{rel}","templated":true}]}}