{"id":2440,"date":"2019-08-27T12:51:58","date_gmt":"2019-08-27T12:51:58","guid":{"rendered":"http:\/\/dublagembrasileira.com.br\/?p=2440"},"modified":"2019-09-02T11:51:49","modified_gmt":"2019-09-02T11:51:49","slug":"versao-dublada-conversa-com-sergio-cantu","status":"publish","type":"post","link":"https:\/\/dublagembrasileira.com.br\/?p=2440","title":{"rendered":"Vers\u00e3o Dublada conversa com S\u00e9rgio Cant\u00fa."},"content":{"rendered":"<h4><em>Ygor Guidoux bate um papo com o diretor da dublagem da franquia Os Vingadores.<\/em><\/h4>\n<hr \/>\n<p style=\"text-align: justify;\">O convidado de hoje (27) no canal <strong><a href=\"https:\/\/www.youtube.com\/channel\/UCPXz4DE-PCnnx-6k8mvXOEg\">Vers\u00e3o Dublada<\/a><\/strong> \u00e9 S\u00e9rgio Cant\u00fa, que se encarregou de dirigir a dublagem dos<strong> Vingadores<\/strong> na Delart. <span class=\"st\">Ygor Guidoux, dono do canal,<\/span> conversou sobre momentos marcantes na carreira do dublador.<\/p>\n<p style=\"text-align: justify;\">Cant\u00fa falou sobre seus principais personagens e o processo para composi\u00e7\u00e3o deles. Entre os nomes comentados est\u00e3o o Luizinho de <strong>TV Quack Quack<\/strong>, Wizardmon (<strong>Digimon<\/strong>) e Adam Brody em <strong>O.C.<\/strong>. Exp\u00f4s ainda a dificuldade de dublar Shia Labeouf em <strong>Transformers<\/strong> e sobre antigo filme <strong>Radio Flyer<\/strong> onde Cant\u00fa dublou ainda crian\u00e7a ao lado de Marcos Souza.<\/p>\n<p style=\"text-align: justify;\">Tamb\u00e9m relatou sobre o processo de dire\u00e7\u00e3o de dublagem de <strong>Vingadores<\/strong> e fez uma lista dos seus cinco personagens favoritos.<\/p>\n<p style=\"text-align: justify;\">S\u00e9rgio Cant\u00fa \u00e9 conhecido por dublar Destrutor (<strong>X-Men: Evolution<\/strong>), Aqualad (<strong>Os Jovens Tit\u00e3s<\/strong>),\u00a0 L (<strong>Death Note<\/strong>), Patrick (<strong>Dawson&#8217;s Creek<\/strong>), Homem-Aranha nos filmes <strong>O Espetacular Homem-Aranha <\/strong>e <strong>O Espetacular Homem-Aranha 2: A Amea\u00e7a de Electro, <\/strong>al\u00e9m de Sheldon Cooper (<strong>The Big Bang Theory<\/strong>), trabalho pelo qual foi indicado ao Pr\u00eamio Yamato na categoria Melhor Dublador de Protagonista.<\/p>\n<p style=\"text-align: justify;\"><strong>Confira o v\u00eddeo abaixo:<\/strong><\/p>\n<p style=\"text-align: justify;\"><iframe data-src=\"https:\/\/www.youtube.com\/embed\/l6kLJdAkL_A\" width=\"800\" height=\"450\" frameborder=\"0\" allowfullscreen=\"allowfullscreen\" src=\"data:image\/svg+xml;base64,PHN2ZyB3aWR0aD0iMSIgaGVpZ2h0PSIxIiB4bWxucz0iaHR0cDovL3d3dy53My5vcmcvMjAwMC9zdmciPjwvc3ZnPg==\" data-load-mode=\"1\"><span style=\"display: inline-block; width: 0px; overflow: hidden; line-height: 0;\" data-mce-type=\"bookmark\" class=\"mce_SELRES_start lazyload\">\ufeff<\/span><\/iframe><\/p>\n","protected":false},"excerpt":{"rendered":"<p>Ygor Guidoux bate um papo com o diretor da dublagem da franquia Os Vingadores. O convidado de hoje (27) no canal Vers\u00e3o Dublada \u00e9 S\u00e9rgio Cant\u00fa, que se encarregou de dirigir a dublagem dos Vingadores na Delart. Ygor Guidoux, dono do canal, conversou sobre momentos marcantes na carreira do dublador. Cant\u00fa falou sobre seus principais personagens e o processo para composi\u00e7\u00e3o deles. Entre os nomes comentados est\u00e3o o Luizinho de TV Quack Quack, Wizardmon (Digimon) e Adam Brody em O.C.. Exp\u00f4s ainda a dificuldade de dublar Shia Labeouf em Transformers e sobre antigo filme Radio Flyer onde Cant\u00fa dublou ainda crian\u00e7a ao lado de Marcos Souza. Tamb\u00e9m relatou sobre o processo de dire\u00e7\u00e3o de dublagem de Vingadores e fez uma lista dos seus cinco personagens favoritos. S\u00e9rgio Cant\u00fa \u00e9 conhecido por dublar Destrutor (X-Men: Evolution), Aqualad (Os Jovens Tit\u00e3s),\u00a0 L (Death Note), Patrick (Dawson&#8217;s Creek), Homem-Aranha nos filmes O Espetacular Homem-Aranha e O Espetacular Homem-Aranha 2: A Amea\u00e7a de Electro, al\u00e9m de Sheldon Cooper (The Big Bang Theory), trabalho pelo qual foi indicado ao Pr\u00eamio Yamato na categoria Melhor Dublador de Protagonista. Confira o v\u00eddeo abaixo: \ufeff<\/p>\n","protected":false},"author":4,"featured_media":2441,"comment_status":"open","ping_status":"open","sticky":false,"template":"","format":"standard","meta":{"_monsterinsights_skip_tracking":false,"_monsterinsights_sitenote_active":false,"_monsterinsights_sitenote_note":"","_monsterinsights_sitenote_category":0,"footnotes":""},"categories":[13,9],"tags":[83,127,124,33,34,27,84],"class_list":["post-2440","post","type-post","status-publish","format-standard","has-post-thumbnail","hentry","category-noticias","category-outras-midias","tag-canal","tag-dubla","tag-dublado","tag-dublador","tag-dubladora","tag-dublagem","tag-youtube"],"yoast_head":"<!-- This site is optimized with the Yoast SEO plugin v26.1.1 - https:\/\/yoast.com\/wordpress\/plugins\/seo\/ -->\n<title>Vers\u00e3o Dublada conversa com S\u00e9rgio Cant\u00fa. | DB - Dublagem Brasileira<\/title>\n<meta name=\"description\" content=\"Vers\u00e3o Dublada conversa com S\u00e9rgio Cant\u00fa. Ygor Guidoux bate um papo com o diretor da dublagem da franquia Os Vingadores.\" \/>\n<meta name=\"robots\" content=\"index, follow, max-snippet:-1, max-image-preview:large, max-video-preview:-1\" \/>\n<link rel=\"canonical\" href=\"https:\/\/dublagembrasileira.com.br\/?p=2440\" \/>\n<meta property=\"og:locale\" content=\"pt_BR\" \/>\n<meta property=\"og:type\" content=\"article\" \/>\n<meta property=\"og:title\" content=\"Vers\u00e3o Dublada conversa com S\u00e9rgio Cant\u00fa. | DB - Dublagem Brasileira\" \/>\n<meta property=\"og:description\" content=\"Vers\u00e3o Dublada conversa com S\u00e9rgio Cant\u00fa. Ygor Guidoux bate um papo com o diretor da dublagem da franquia Os Vingadores.\" \/>\n<meta property=\"og:url\" content=\"https:\/\/dublagembrasileira.com.br\/?p=2440\" \/>\n<meta property=\"og:site_name\" content=\"DB - Dublagem Brasileira\" \/>\n<meta property=\"article:author\" content=\"https:\/\/www.facebook.com\/dublagembrasileira\" \/>\n<meta property=\"article:published_time\" content=\"2019-08-27T12:51:58+00:00\" \/>\n<meta property=\"article:modified_time\" content=\"2019-09-02T11:51:49+00:00\" \/>\n<meta property=\"og:image\" content=\"https:\/\/dublagembrasileira.com.br\/wp-content\/uploads\/2019\/08\/sergio_cantu.jpg\" \/>\n\t<meta property=\"og:image:width\" content=\"704\" \/>\n\t<meta property=\"og:image:height\" content=\"496\" \/>\n\t<meta property=\"og:image:type\" content=\"image\/jpeg\" \/>\n<meta name=\"author\" content=\"Reda\u00e7\u00e3o\" \/>\n<meta name=\"twitter:card\" content=\"summary_large_image\" \/>\n<meta name=\"twitter:creator\" content=\"@dbdublagem\" \/>\n<meta name=\"twitter:label1\" content=\"Escrito por\" \/>\n\t<meta name=\"twitter:data1\" content=\"Reda\u00e7\u00e3o\" \/>\n\t<meta name=\"twitter:label2\" content=\"Est. tempo de leitura\" \/>\n\t<meta name=\"twitter:data2\" content=\"1 minuto\" \/>\n<script type=\"application\/ld+json\" class=\"yoast-schema-graph\">{\"@context\":\"https:\/\/schema.org\",\"@graph\":[{\"@type\":\"Article\",\"@id\":\"https:\/\/dublagembrasileira.com.br\/?p=2440#article\",\"isPartOf\":{\"@id\":\"https:\/\/dublagembrasileira.com.br\/?p=2440\"},\"author\":{\"name\":\"Reda\u00e7\u00e3o\",\"@id\":\"https:\/\/dublagembrasileira.com.br\/#\/schema\/person\/a75bac594c0e9a0b96508b7e124f20d1\"},\"headline\":\"Vers\u00e3o Dublada conversa com S\u00e9rgio Cant\u00fa.\",\"datePublished\":\"2019-08-27T12:51:58+00:00\",\"dateModified\":\"2019-09-02T11:51:49+00:00\",\"mainEntityOfPage\":{\"@id\":\"https:\/\/dublagembrasileira.com.br\/?p=2440\"},\"wordCount\":205,\"commentCount\":0,\"publisher\":{\"@id\":\"https:\/\/dublagembrasileira.com.br\/#organization\"},\"image\":{\"@id\":\"https:\/\/dublagembrasileira.com.br\/?p=2440#primaryimage\"},\"thumbnailUrl\":\"https:\/\/dublagembrasileira.com.br\/wp-content\/uploads\/2019\/08\/sergio_cantu.jpg\",\"keywords\":[\"canal\",\"dubla\",\"dublado\",\"dublador\",\"dubladora\",\"dublagem\",\"youtube\"],\"articleSection\":[\"Not\u00edcias\",\"Outras m\u00eddias\"],\"inLanguage\":\"pt-BR\",\"potentialAction\":[{\"@type\":\"CommentAction\",\"name\":\"Comment\",\"target\":[\"https:\/\/dublagembrasileira.com.br\/?p=2440#respond\"]}]},{\"@type\":\"WebPage\",\"@id\":\"https:\/\/dublagembrasileira.com.br\/?p=2440\",\"url\":\"https:\/\/dublagembrasileira.com.br\/?p=2440\",\"name\":\"Vers\u00e3o Dublada conversa com S\u00e9rgio Cant\u00fa. | DB - Dublagem Brasileira\",\"isPartOf\":{\"@id\":\"https:\/\/dublagembrasileira.com.br\/#website\"},\"primaryImageOfPage\":{\"@id\":\"https:\/\/dublagembrasileira.com.br\/?p=2440#primaryimage\"},\"image\":{\"@id\":\"https:\/\/dublagembrasileira.com.br\/?p=2440#primaryimage\"},\"thumbnailUrl\":\"https:\/\/dublagembrasileira.com.br\/wp-content\/uploads\/2019\/08\/sergio_cantu.jpg\",\"datePublished\":\"2019-08-27T12:51:58+00:00\",\"dateModified\":\"2019-09-02T11:51:49+00:00\",\"description\":\"Vers\u00e3o Dublada conversa com S\u00e9rgio Cant\u00fa. Ygor Guidoux bate um papo com o diretor da dublagem da franquia Os Vingadores.\",\"breadcrumb\":{\"@id\":\"https:\/\/dublagembrasileira.com.br\/?p=2440#breadcrumb\"},\"inLanguage\":\"pt-BR\",\"potentialAction\":[{\"@type\":\"ReadAction\",\"target\":[\"https:\/\/dublagembrasileira.com.br\/?p=2440\"]}]},{\"@type\":\"ImageObject\",\"inLanguage\":\"pt-BR\",\"@id\":\"https:\/\/dublagembrasileira.com.br\/?p=2440#primaryimage\",\"url\":\"https:\/\/dublagembrasileira.com.br\/wp-content\/uploads\/2019\/08\/sergio_cantu.jpg\",\"contentUrl\":\"https:\/\/dublagembrasileira.com.br\/wp-content\/uploads\/2019\/08\/sergio_cantu.jpg\",\"width\":704,\"height\":496},{\"@type\":\"BreadcrumbList\",\"@id\":\"https:\/\/dublagembrasileira.com.br\/?p=2440#breadcrumb\",\"itemListElement\":[{\"@type\":\"ListItem\",\"position\":1,\"name\":\"In\u00edcio\",\"item\":\"https:\/\/dublagembrasileira.com.br\/\"},{\"@type\":\"ListItem\",\"position\":2,\"name\":\"Vers\u00e3o Dublada conversa com S\u00e9rgio Cant\u00fa.\"}]},{\"@type\":\"WebSite\",\"@id\":\"https:\/\/dublagembrasileira.com.br\/#website\",\"url\":\"https:\/\/dublagembrasileira.com.br\/\",\"name\":\"DB - Dublagem Brasileira\",\"description\":\"O seu portal de dublagem.\",\"publisher\":{\"@id\":\"https:\/\/dublagembrasileira.com.br\/#organization\"},\"potentialAction\":[{\"@type\":\"SearchAction\",\"target\":{\"@type\":\"EntryPoint\",\"urlTemplate\":\"https:\/\/dublagembrasileira.com.br\/?s={search_term_string}\"},\"query-input\":{\"@type\":\"PropertyValueSpecification\",\"valueRequired\":true,\"valueName\":\"search_term_string\"}}],\"inLanguage\":\"pt-BR\"},{\"@type\":\"Organization\",\"@id\":\"https:\/\/dublagembrasileira.com.br\/#organization\",\"name\":\"DB - Dublagem Brasileira\",\"url\":\"https:\/\/dublagembrasileira.com.br\/\",\"logo\":{\"@type\":\"ImageObject\",\"inLanguage\":\"pt-BR\",\"@id\":\"https:\/\/dublagembrasileira.com.br\/#\/schema\/logo\/image\/\",\"url\":\"https:\/\/dublagembrasileira.com.br\/wp-content\/uploads\/2019\/07\/cropped-logotipodb.png\",\"contentUrl\":\"https:\/\/dublagembrasileira.com.br\/wp-content\/uploads\/2019\/07\/cropped-logotipodb.png\",\"width\":946,\"height\":589,\"caption\":\"DB - Dublagem Brasileira\"},\"image\":{\"@id\":\"https:\/\/dublagembrasileira.com.br\/#\/schema\/logo\/image\/\"}},{\"@type\":\"Person\",\"@id\":\"https:\/\/dublagembrasileira.com.br\/#\/schema\/person\/a75bac594c0e9a0b96508b7e124f20d1\",\"name\":\"Reda\u00e7\u00e3o\",\"image\":{\"@type\":\"ImageObject\",\"inLanguage\":\"pt-BR\",\"@id\":\"https:\/\/dublagembrasileira.com.br\/#\/schema\/person\/image\/\",\"url\":\"http:\/\/dublagembrasileira.com.br\/wp-content\/uploads\/2025\/06\/admin-96x96.jpg\",\"contentUrl\":\"http:\/\/dublagembrasileira.com.br\/wp-content\/uploads\/2025\/06\/admin-96x96.jpg\",\"caption\":\"Reda\u00e7\u00e3o\"},\"description\":\"Equipe do DB.\",\"sameAs\":[\"https:\/\/www.facebook.com\/dublagembrasileira\",\"https:\/\/www.instagram.com\/dbdublagembrasileira\",\"https:\/\/x.com\/dbdublagem\"],\"url\":\"https:\/\/dublagembrasileira.com.br\/?author=4\"}]}<\/script>\n<!-- \/ Yoast SEO plugin. -->","yoast_head_json":{"title":"Vers\u00e3o Dublada conversa com S\u00e9rgio Cant\u00fa. | DB - Dublagem Brasileira","description":"Vers\u00e3o Dublada conversa com S\u00e9rgio Cant\u00fa. Ygor Guidoux bate um papo com o diretor da dublagem da franquia Os Vingadores.","robots":{"index":"index","follow":"follow","max-snippet":"max-snippet:-1","max-image-preview":"max-image-preview:large","max-video-preview":"max-video-preview:-1"},"canonical":"https:\/\/dublagembrasileira.com.br\/?p=2440","og_locale":"pt_BR","og_type":"article","og_title":"Vers\u00e3o Dublada conversa com S\u00e9rgio Cant\u00fa. | DB - Dublagem Brasileira","og_description":"Vers\u00e3o Dublada conversa com S\u00e9rgio Cant\u00fa. Ygor Guidoux bate um papo com o diretor da dublagem da franquia Os Vingadores.","og_url":"https:\/\/dublagembrasileira.com.br\/?p=2440","og_site_name":"DB - Dublagem Brasileira","article_author":"https:\/\/www.facebook.com\/dublagembrasileira","article_published_time":"2019-08-27T12:51:58+00:00","article_modified_time":"2019-09-02T11:51:49+00:00","og_image":[{"width":704,"height":496,"url":"https:\/\/dublagembrasileira.com.br\/wp-content\/uploads\/2019\/08\/sergio_cantu.jpg","type":"image\/jpeg"}],"author":"Reda\u00e7\u00e3o","twitter_card":"summary_large_image","twitter_creator":"@dbdublagem","twitter_misc":{"Escrito por":"Reda\u00e7\u00e3o","Est. tempo de leitura":"1 minuto"},"schema":{"@context":"https:\/\/schema.org","@graph":[{"@type":"Article","@id":"https:\/\/dublagembrasileira.com.br\/?p=2440#article","isPartOf":{"@id":"https:\/\/dublagembrasileira.com.br\/?p=2440"},"author":{"name":"Reda\u00e7\u00e3o","@id":"https:\/\/dublagembrasileira.com.br\/#\/schema\/person\/a75bac594c0e9a0b96508b7e124f20d1"},"headline":"Vers\u00e3o Dublada conversa com S\u00e9rgio Cant\u00fa.","datePublished":"2019-08-27T12:51:58+00:00","dateModified":"2019-09-02T11:51:49+00:00","mainEntityOfPage":{"@id":"https:\/\/dublagembrasileira.com.br\/?p=2440"},"wordCount":205,"commentCount":0,"publisher":{"@id":"https:\/\/dublagembrasileira.com.br\/#organization"},"image":{"@id":"https:\/\/dublagembrasileira.com.br\/?p=2440#primaryimage"},"thumbnailUrl":"https:\/\/dublagembrasileira.com.br\/wp-content\/uploads\/2019\/08\/sergio_cantu.jpg","keywords":["canal","dubla","dublado","dublador","dubladora","dublagem","youtube"],"articleSection":["Not\u00edcias","Outras m\u00eddias"],"inLanguage":"pt-BR","potentialAction":[{"@type":"CommentAction","name":"Comment","target":["https:\/\/dublagembrasileira.com.br\/?p=2440#respond"]}]},{"@type":"WebPage","@id":"https:\/\/dublagembrasileira.com.br\/?p=2440","url":"https:\/\/dublagembrasileira.com.br\/?p=2440","name":"Vers\u00e3o Dublada conversa com S\u00e9rgio Cant\u00fa. | DB - Dublagem Brasileira","isPartOf":{"@id":"https:\/\/dublagembrasileira.com.br\/#website"},"primaryImageOfPage":{"@id":"https:\/\/dublagembrasileira.com.br\/?p=2440#primaryimage"},"image":{"@id":"https:\/\/dublagembrasileira.com.br\/?p=2440#primaryimage"},"thumbnailUrl":"https:\/\/dublagembrasileira.com.br\/wp-content\/uploads\/2019\/08\/sergio_cantu.jpg","datePublished":"2019-08-27T12:51:58+00:00","dateModified":"2019-09-02T11:51:49+00:00","description":"Vers\u00e3o Dublada conversa com S\u00e9rgio Cant\u00fa. Ygor Guidoux bate um papo com o diretor da dublagem da franquia Os Vingadores.","breadcrumb":{"@id":"https:\/\/dublagembrasileira.com.br\/?p=2440#breadcrumb"},"inLanguage":"pt-BR","potentialAction":[{"@type":"ReadAction","target":["https:\/\/dublagembrasileira.com.br\/?p=2440"]}]},{"@type":"ImageObject","inLanguage":"pt-BR","@id":"https:\/\/dublagembrasileira.com.br\/?p=2440#primaryimage","url":"https:\/\/dublagembrasileira.com.br\/wp-content\/uploads\/2019\/08\/sergio_cantu.jpg","contentUrl":"https:\/\/dublagembrasileira.com.br\/wp-content\/uploads\/2019\/08\/sergio_cantu.jpg","width":704,"height":496},{"@type":"BreadcrumbList","@id":"https:\/\/dublagembrasileira.com.br\/?p=2440#breadcrumb","itemListElement":[{"@type":"ListItem","position":1,"name":"In\u00edcio","item":"https:\/\/dublagembrasileira.com.br\/"},{"@type":"ListItem","position":2,"name":"Vers\u00e3o Dublada conversa com S\u00e9rgio Cant\u00fa."}]},{"@type":"WebSite","@id":"https:\/\/dublagembrasileira.com.br\/#website","url":"https:\/\/dublagembrasileira.com.br\/","name":"DB - Dublagem Brasileira","description":"O seu portal de dublagem.","publisher":{"@id":"https:\/\/dublagembrasileira.com.br\/#organization"},"potentialAction":[{"@type":"SearchAction","target":{"@type":"EntryPoint","urlTemplate":"https:\/\/dublagembrasileira.com.br\/?s={search_term_string}"},"query-input":{"@type":"PropertyValueSpecification","valueRequired":true,"valueName":"search_term_string"}}],"inLanguage":"pt-BR"},{"@type":"Organization","@id":"https:\/\/dublagembrasileira.com.br\/#organization","name":"DB - Dublagem Brasileira","url":"https:\/\/dublagembrasileira.com.br\/","logo":{"@type":"ImageObject","inLanguage":"pt-BR","@id":"https:\/\/dublagembrasileira.com.br\/#\/schema\/logo\/image\/","url":"https:\/\/dublagembrasileira.com.br\/wp-content\/uploads\/2019\/07\/cropped-logotipodb.png","contentUrl":"https:\/\/dublagembrasileira.com.br\/wp-content\/uploads\/2019\/07\/cropped-logotipodb.png","width":946,"height":589,"caption":"DB - Dublagem Brasileira"},"image":{"@id":"https:\/\/dublagembrasileira.com.br\/#\/schema\/logo\/image\/"}},{"@type":"Person","@id":"https:\/\/dublagembrasileira.com.br\/#\/schema\/person\/a75bac594c0e9a0b96508b7e124f20d1","name":"Reda\u00e7\u00e3o","image":{"@type":"ImageObject","inLanguage":"pt-BR","@id":"https:\/\/dublagembrasileira.com.br\/#\/schema\/person\/image\/","url":"http:\/\/dublagembrasileira.com.br\/wp-content\/uploads\/2025\/06\/admin-96x96.jpg","contentUrl":"http:\/\/dublagembrasileira.com.br\/wp-content\/uploads\/2025\/06\/admin-96x96.jpg","caption":"Reda\u00e7\u00e3o"},"description":"Equipe do DB.","sameAs":["https:\/\/www.facebook.com\/dublagembrasileira","https:\/\/www.instagram.com\/dbdublagembrasileira","https:\/\/x.com\/dbdublagem"],"url":"https:\/\/dublagembrasileira.com.br\/?author=4"}]}},"rttpg_featured_image_url":{"full":["https:\/\/dublagembrasileira.com.br\/wp-content\/uploads\/2019\/08\/sergio_cantu.jpg",704,496,false],"landscape":["https:\/\/dublagembrasileira.com.br\/wp-content\/uploads\/2019\/08\/sergio_cantu.jpg",704,496,false],"portraits":["https:\/\/dublagembrasileira.com.br\/wp-content\/uploads\/2019\/08\/sergio_cantu.jpg",704,496,false],"thumbnail":["https:\/\/dublagembrasileira.com.br\/wp-content\/uploads\/2019\/08\/sergio_cantu-150x150.jpg",150,150,true],"medium":["https:\/\/dublagembrasileira.com.br\/wp-content\/uploads\/2019\/08\/sergio_cantu-300x211.jpg",300,211,true],"large":["https:\/\/dublagembrasileira.com.br\/wp-content\/uploads\/2019\/08\/sergio_cantu.jpg",640,451,false],"1536x1536":["https:\/\/dublagembrasileira.com.br\/wp-content\/uploads\/2019\/08\/sergio_cantu.jpg",704,496,false],"2048x2048":["https:\/\/dublagembrasileira.com.br\/wp-content\/uploads\/2019\/08\/sergio_cantu.jpg",704,496,false],"eggnews-slider-large":["https:\/\/dublagembrasileira.com.br\/wp-content\/uploads\/2019\/08\/sergio_cantu.jpg",704,496,false],"eggnews-featured-medium":["https:\/\/dublagembrasileira.com.br\/wp-content\/uploads\/2019\/08\/sergio_cantu-420x307.jpg",420,307,true],"eggnews-featured-long":["https:\/\/dublagembrasileira.com.br\/wp-content\/uploads\/2019\/08\/sergio_cantu-300x443.jpg",300,443,true],"eggnews-block-medium":["https:\/\/dublagembrasileira.com.br\/wp-content\/uploads\/2019\/08\/sergio_cantu-464x290.jpg",464,290,true],"eggnews-carousel-image":["https:\/\/dublagembrasileira.com.br\/wp-content\/uploads\/2019\/08\/sergio_cantu-600x496.jpg",600,496,true],"eggnews-block-thumb":["https:\/\/dublagembrasileira.com.br\/wp-content\/uploads\/2019\/08\/sergio_cantu-322x230.jpg",322,230,true],"eggnews-single-large":["https:\/\/dublagembrasileira.com.br\/wp-content\/uploads\/2019\/08\/sergio_cantu.jpg",704,496,false],"crp_thumbnail":["https:\/\/dublagembrasileira.com.br\/wp-content\/uploads\/2019\/08\/sergio_cantu-150x150.jpg",150,150,true]},"rttpg_author":{"display_name":"Reda\u00e7\u00e3o","author_link":"https:\/\/dublagembrasileira.com.br\/?author=4"},"rttpg_comment":0,"rttpg_category":"<a href=\"https:\/\/dublagembrasileira.com.br\/?cat=13\" rel=\"category\">Not\u00edcias<\/a> <a href=\"https:\/\/dublagembrasileira.com.br\/?cat=9\" rel=\"category\">Outras m\u00eddias<\/a>","rttpg_excerpt":"Ygor Guidoux bate um papo com o diretor da dublagem da franquia Os Vingadores. O convidado de hoje (27) no canal Vers\u00e3o Dublada \u00e9 S\u00e9rgio Cant\u00fa, que se encarregou de dirigir a dublagem dos Vingadores na Delart. Ygor Guidoux, dono do canal, conversou sobre momentos marcantes na carreira do dublador. Cant\u00fa falou sobre seus principais&hellip;","_links":{"self":[{"href":"https:\/\/dublagembrasileira.com.br\/index.php?rest_route=\/wp\/v2\/posts\/2440","targetHints":{"allow":["GET"]}}],"collection":[{"href":"https:\/\/dublagembrasileira.com.br\/index.php?rest_route=\/wp\/v2\/posts"}],"about":[{"href":"https:\/\/dublagembrasileira.com.br\/index.php?rest_route=\/wp\/v2\/types\/post"}],"author":[{"embeddable":true,"href":"https:\/\/dublagembrasileira.com.br\/index.php?rest_route=\/wp\/v2\/users\/4"}],"replies":[{"embeddable":true,"href":"https:\/\/dublagembrasileira.com.br\/index.php?rest_route=%2Fwp%2Fv2%2Fcomments&post=2440"}],"version-history":[{"count":2,"href":"https:\/\/dublagembrasileira.com.br\/index.php?rest_route=\/wp\/v2\/posts\/2440\/revisions"}],"predecessor-version":[{"id":2443,"href":"https:\/\/dublagembrasileira.com.br\/index.php?rest_route=\/wp\/v2\/posts\/2440\/revisions\/2443"}],"wp:featuredmedia":[{"embeddable":true,"href":"https:\/\/dublagembrasileira.com.br\/index.php?rest_route=\/wp\/v2\/media\/2441"}],"wp:attachment":[{"href":"https:\/\/dublagembrasileira.com.br\/index.php?rest_route=%2Fwp%2Fv2%2Fmedia&parent=2440"}],"wp:term":[{"taxonomy":"category","embeddable":true,"href":"https:\/\/dublagembrasileira.com.br\/index.php?rest_route=%2Fwp%2Fv2%2Fcategories&post=2440"},{"taxonomy":"post_tag","embeddable":true,"href":"https:\/\/dublagembrasileira.com.br\/index.php?rest_route=%2Fwp%2Fv2%2Ftags&post=2440"}],"curies":[{"name":"wp","href":"https:\/\/api.w.org\/{rel}","templated":true}]}}