{"id":22302,"date":"2023-05-01T19:23:02","date_gmt":"2023-05-01T19:23:02","guid":{"rendered":"https:\/\/dublagembrasileira.com.br\/?p=22302"},"modified":"2025-06-20T23:38:20","modified_gmt":"2025-06-20T23:38:20","slug":"entrevista-francisco-jose-a-voz-do-phantro-em-thundercats","status":"publish","type":"post","link":"https:\/\/dublagembrasileira.com.br\/?p=22302","title":{"rendered":"Entrevista: Francisco Jos\u00e9, a voz do Phantro em ThunderCats."},"content":{"rendered":"<style>.elementor-widget-heading .elementor-heading-title{font-family:var( --e-global-typography-primary-font-family ), Sans-serif;font-weight:var( --e-global-typography-primary-font-weight );color:var( --e-global-color-primary );}.elementor-22302 .elementor-element.elementor-element-2ab2b447 .elementor-heading-title{font-size:15px;font-style:italic;color:#4c4c4c;}.elementor-widget-text-editor{font-family:var( --e-global-typography-text-font-family ), Sans-serif;font-weight:var( --e-global-typography-text-font-weight );color:var( --e-global-color-text );}.elementor-widget-text-editor.elementor-drop-cap-view-stacked .elementor-drop-cap{background-color:var( --e-global-color-primary );}.elementor-widget-text-editor.elementor-drop-cap-view-framed .elementor-drop-cap, .elementor-widget-text-editor.elementor-drop-cap-view-default .elementor-drop-cap{color:var( --e-global-color-primary );border-color:var( --e-global-color-primary );}.elementor-widget-divider{--divider-color:var( --e-global-color-secondary );}.elementor-widget-divider .elementor-divider__text{color:var( --e-global-color-secondary );font-family:var( --e-global-typography-secondary-font-family ), Sans-serif;font-weight:var( --e-global-typography-secondary-font-weight );}.elementor-widget-divider.elementor-view-stacked .elementor-icon{background-color:var( --e-global-color-secondary );}.elementor-widget-divider.elementor-view-framed .elementor-icon, .elementor-widget-divider.elementor-view-default .elementor-icon{color:var( --e-global-color-secondary );border-color:var( --e-global-color-secondary );}.elementor-widget-divider.elementor-view-framed .elementor-icon, .elementor-widget-divider.elementor-view-default .elementor-icon svg{fill:var( --e-global-color-secondary );}.elementor-22302 .elementor-element.elementor-element-5b7f92d9{--divider-border-style:solid;--divider-color:#000;--divider-border-width:1px;}.elementor-22302 .elementor-element.elementor-element-5b7f92d9 .elementor-divider-separator{width:100%;}.elementor-22302 .elementor-element.elementor-element-5b7f92d9 .elementor-divider{padding-block-start:15px;padding-block-end:15px;}.elementor-22302 .elementor-element.elementor-element-1c2deb0f{text-align:center;}.elementor-22302 .elementor-element.elementor-element-1c2deb0f .elementor-heading-title{font-family:\"Chela One\", Sans-serif;font-size:31px;color:#000000;}.elementor-22302 .elementor-element.elementor-element-7c047278{text-align:center;}.elementor-22302 .elementor-element.elementor-element-7c047278 .elementor-heading-title{font-size:16px;color:#000000;}.elementor-22302 .elementor-element.elementor-element-7ac34407{--divider-border-style:solid;--divider-color:#000;--divider-border-width:1px;}.elementor-22302 .elementor-element.elementor-element-7ac34407 .elementor-divider-separator{width:100%;}.elementor-22302 .elementor-element.elementor-element-7ac34407 .elementor-divider{padding-block-start:15px;padding-block-end:15px;}.elementor-22302 .elementor-element.elementor-element-6b606ee0 > .elementor-widget-container{margin:-27px 0px 50px 0px;}.elementor-22302 .elementor-element.elementor-element-2770ec19 > .elementor-widget-container{margin:-27px 0px 50px 0px;}.elementor-22302 .elementor-element.elementor-element-7bb319 > .elementor-widget-container{margin:-27px 0px 50px 0px;}.elementor-widget-image .widget-image-caption{color:var( --e-global-color-text );font-family:var( --e-global-typography-text-font-family ), Sans-serif;font-weight:var( --e-global-typography-text-font-weight );}.elementor-22302 .elementor-element.elementor-element-3f3aa356 > .elementor-widget-container{margin:-27px 0px 50px 0px;}.elementor-22302 .elementor-element.elementor-element-3cf13fb1 > .elementor-widget-container{margin:-27px 0px 50px 0px;}.elementor-22302 .elementor-element.elementor-element-4118035c > .elementor-widget-container{margin:-27px 0px 50px 0px;}.elementor-22302 .elementor-element.elementor-element-666e5c26 > .elementor-widget-container{margin:-27px 0px 50px 0px;}.elementor-22302 .elementor-element.elementor-element-7e68d657 > .elementor-widget-container{margin:-27px 0px 50px 0px;}.elementor-22302 .elementor-element.elementor-element-4a6e9818 > .elementor-widget-container{margin:-27px 0px 50px 0px;}.elementor-22302 .elementor-element.elementor-element-138bd64f > .elementor-widget-container{margin:-27px 0px 50px 0px;}.elementor-22302 .elementor-element.elementor-element-912c9fb{transition:background 0.3s, border 0.3s, border-radius 0.3s, box-shadow 0.3s;margin-top:0px;margin-bottom:0px;padding:188px 0px 219px 0px;}.elementor-22302 .elementor-element.elementor-element-912c9fb > .elementor-background-overlay{transition:background 0.3s, border-radius 0.3s, opacity 0.3s;}.elementor-22302 .elementor-element.elementor-element-1a4d9f9{text-align:center;}.elementor-22302 .elementor-element.elementor-element-1a4d9f9 .elementor-heading-title{font-size:22px;}.elementor-22302 .elementor-element.elementor-element-b3dcfbf > .elementor-widget-container{margin:-27px 0px 50px 0px;}.elementor-22302 .elementor-element.elementor-element-75afa79f > .elementor-widget-container{margin:-27px 0px 50px 0px;}.elementor-22302 .elementor-element.elementor-element-7e5bcd5a > .elementor-widget-container{margin:-27px 0px 50px 0px;}.elementor-22302 .elementor-element.elementor-element-6aef2a4b > .elementor-widget-container{margin:-27px 0px 50px 0px;}<\/style>\t\t<div data-elementor-type=\"wp-post\" data-elementor-id=\"22302\" class=\"elementor elementor-22302\">\n\t\t\t\t\t\t<section class=\"has_eae_slider elementor-section elementor-top-section elementor-element elementor-element-1b795b72 elementor-section-boxed elementor-section-height-default elementor-section-height-default wpr-particle-no wpr-jarallax-no wpr-parallax-no wpr-sticky-section-no\" data-eae-slider=\"65855\" data-id=\"1b795b72\" data-element_type=\"section\" data-settings=\"{&quot;_ha_eqh_enable&quot;:false}\">\n\t\t\t\t\t\t<div class=\"elementor-container elementor-column-gap-default\">\n\t\t\t\t\t<div class=\"has_eae_slider elementor-column elementor-col-100 elementor-top-column elementor-element elementor-element-6ce2de50\" data-eae-slider=\"78178\" data-id=\"6ce2de50\" data-element_type=\"column\">\n\t\t\t<div class=\"elementor-widget-wrap elementor-element-populated\">\n\t\t\t\t\t\t<div class=\"elementor-element elementor-element-2ab2b447 elementor-widget elementor-widget-heading\" data-id=\"2ab2b447\" data-element_type=\"widget\" data-widget_type=\"heading.default\">\n\t\t\t\t<div class=\"elementor-widget-container\">\n\t\t\t\t\t<h2 class=\"elementor-heading-title elementor-size-default\">Entrevista realizada por Marco Ant\u00f4nio Santos<\/h2>\t\t\t\t<\/div>\n\t\t\t\t<\/div>\n\t\t\t\t<div class=\"elementor-element elementor-element-5e759bfe elementor-widget elementor-widget-text-editor\" data-id=\"5e759bfe\" data-element_type=\"widget\" data-widget_type=\"text-editor.default\">\n\t\t\t\t<div class=\"elementor-widget-container\">\n\t\t\t\t\t\t\t\t\t<p style=\"text-align: justify;\"><span style=\"color: #000000;\">Francisco Jos\u00e9 Corr\u00eaa nasceu em 19 de Abril de 1940, em S\u00e3o Paulo, Capital.\u00a0 Mudou-se cedo para Po\u00e7os de Caldas, interior de S\u00e3o Paulo, onde fez pequenas narra\u00e7\u00f5es na r\u00e1dio da cidade. Nos anos 1950, mudou-se para Itanhandu (MG), aonde se encarregou do teatro do col\u00e9gio em que estudava.<br \/>\u00a0<br \/>Em seguida, ingressou na TV Tupi na s\u00e9rie \u00c1guias de Fogo (1968) e por n\u00e3o ter conseguido dublar a si mesmo, resolveu aprender a t\u00e9cnica, dando in\u00edcio a uma nova etapa da sua carreira art\u00edstica, a dublagem. <\/span><\/p><p style=\"text-align: justify;\"><span style=\"color: #000000;\">Em seriados Francisco Jos\u00e9 emprestou sua voz ao Chefe Francis Ethelbert Sharkey em <strong>Viagem ao Fundo do Mar<\/strong>, Emmett Ryker em <strong>O Homem de Virg\u00ednia<\/strong>, Harry Rule em <strong>The Protectors<\/strong>, Magistrado Carlos Galindo em <strong>Zorro<\/strong>, Inspetor Kobick em <strong>Terra de Gigantes<\/strong>, Capit\u00e3o Donald Cragen em <strong>Lei e Ordem<\/strong>, Silvio Dante em<strong> Fam\u00edlia Soprano<\/strong>, Almirante Al Calavicci em <strong>Contratempos<\/strong>, entre outros trabalhos. <\/span><\/p><p style=\"text-align: justify;\"><span style=\"color: #000000;\">Fazendo desenhos animados foi o Panthro em <strong>Thundercats<\/strong>, Wolverine em <strong>X-Men<\/strong>, Coronel Trautman em <strong>Rambo<\/strong>, Skywarp em <strong>Transformers<\/strong>, Lex Luthor em <strong>Liga da Justi\u00e7a<\/strong> e <strong>Liga da Justi\u00e7a Sem Limites<\/strong>, Vulc\u00e3o Negro em <strong>Super Amigos<\/strong>, Bronquinha em <strong>Ursinhos Gummi<\/strong>, Dinkleberg em <strong>Os Padrinhos M\u00e1gicos<\/strong>, s\u00f3 para citar alguns.<\/span><\/p>\t\t\t\t\t\t\t\t<\/div>\n\t\t\t\t<\/div>\n\t\t\t\t<div class=\"elementor-element elementor-element-5b7f92d9 elementor-widget-divider--view-line elementor-widget elementor-widget-divider\" data-id=\"5b7f92d9\" data-element_type=\"widget\" data-widget_type=\"divider.default\">\n\t\t\t\t<div class=\"elementor-widget-container\">\n\t\t\t\t\t\t\t<div class=\"elementor-divider\">\n\t\t\t<span class=\"elementor-divider-separator\">\n\t\t\t\t\t\t<\/span>\n\t\t<\/div>\n\t\t\t\t\t\t<\/div>\n\t\t\t\t<\/div>\n\t\t\t\t\t<\/div>\n\t\t<\/div>\n\t\t\t\t\t<\/div>\n\t\t<\/section>\n\t\t\t\t<section class=\"has_eae_slider elementor-section elementor-top-section elementor-element elementor-element-f8dc75c elementor-section-boxed elementor-section-height-default elementor-section-height-default wpr-particle-no wpr-jarallax-no wpr-parallax-no wpr-sticky-section-no\" data-eae-slider=\"78330\" data-id=\"f8dc75c\" data-element_type=\"section\" data-settings=\"{&quot;_ha_eqh_enable&quot;:false}\">\n\t\t\t\t\t\t<div class=\"elementor-container elementor-column-gap-default\">\n\t\t\t\t\t<div class=\"has_eae_slider elementor-column elementor-col-100 elementor-top-column elementor-element elementor-element-3e624ef\" data-eae-slider=\"67401\" data-id=\"3e624ef\" data-element_type=\"column\">\n\t\t\t<div class=\"elementor-widget-wrap elementor-element-populated\">\n\t\t\t\t\t\t<div class=\"elementor-element elementor-element-1c2deb0f elementor-widget elementor-widget-heading\" data-id=\"1c2deb0f\" data-element_type=\"widget\" data-widget_type=\"heading.default\">\n\t\t\t\t<div class=\"elementor-widget-container\">\n\t\t\t\t\t<h2 class=\"elementor-heading-title elementor-size-default\">\u201cSe voc\u00ea acreditar, se a causa for justa, se o trabalho for honesto, o sucesso vir\u00e1!\u201d<\/h2>\t\t\t\t<\/div>\n\t\t\t\t<\/div>\n\t\t\t\t<div class=\"elementor-element elementor-element-7c047278 elementor-widget elementor-widget-heading\" data-id=\"7c047278\" data-element_type=\"widget\" data-widget_type=\"heading.default\">\n\t\t\t\t<div class=\"elementor-widget-container\">\n\t\t\t\t\t<h2 class=\"elementor-heading-title elementor-size-default\">Francisco Jos\u00e9<\/h2>\t\t\t\t<\/div>\n\t\t\t\t<\/div>\n\t\t\t\t<div class=\"elementor-element elementor-element-7ac34407 elementor-widget-divider--view-line elementor-widget elementor-widget-divider\" data-id=\"7ac34407\" data-element_type=\"widget\" data-widget_type=\"divider.default\">\n\t\t\t\t<div class=\"elementor-widget-container\">\n\t\t\t\t\t\t\t<div class=\"elementor-divider\">\n\t\t\t<span class=\"elementor-divider-separator\">\n\t\t\t\t\t\t<\/span>\n\t\t<\/div>\n\t\t\t\t\t\t<\/div>\n\t\t\t\t<\/div>\n\t\t\t\t\t<\/div>\n\t\t<\/div>\n\t\t\t\t\t<\/div>\n\t\t<\/section>\n\t\t\t\t<section class=\"has_eae_slider elementor-section elementor-top-section elementor-element elementor-element-485db5f8 elementor-section-boxed elementor-section-height-default elementor-section-height-default wpr-particle-no wpr-jarallax-no wpr-parallax-no wpr-sticky-section-no\" data-eae-slider=\"46450\" data-id=\"485db5f8\" data-element_type=\"section\" data-settings=\"{&quot;_ha_eqh_enable&quot;:false}\">\n\t\t\t\t\t\t<div class=\"elementor-container elementor-column-gap-default\">\n\t\t\t\t\t<div class=\"has_eae_slider elementor-column elementor-col-100 elementor-top-column elementor-element elementor-element-488a7a79\" data-eae-slider=\"40949\" data-id=\"488a7a79\" data-element_type=\"column\">\n\t\t\t<div class=\"elementor-widget-wrap elementor-element-populated\">\n\t\t\t\t\t\t<div class=\"elementor-element elementor-element-659bc67e elementor-widget elementor-widget-text-editor\" data-id=\"659bc67e\" data-element_type=\"widget\" data-widget_type=\"text-editor.default\">\n\t\t\t\t<div class=\"elementor-widget-container\">\n\t\t\t\t\t\t\t\t\t<p style=\"text-align: justify;\"><span style=\"color: #000000;\"><strong>DB \u2013 Dublagem Brasileira \u2013 Antes de come\u00e7ar na dublagem que outras atividades voc\u00ea desempenhou dublador?<br \/><\/strong><\/span><\/p>\t\t\t\t\t\t\t\t<\/div>\n\t\t\t\t<\/div>\n\t\t\t\t<div class=\"elementor-element elementor-element-6b606ee0 elementor-widget elementor-widget-text-editor\" data-id=\"6b606ee0\" data-element_type=\"widget\" data-widget_type=\"text-editor.default\">\n\t\t\t\t<div class=\"elementor-widget-container\">\n\t\t\t\t\t\t\t\t\t<p style=\"text-align: justify;\"><span style=\"color: #000000;\"><strong>Francisco Jos\u00e9<\/strong> &#8211; Tive outras profiss\u00f5es sabendo que seriam passageiras. Quando aparecesse a oportunidade de ser ator as profiss\u00f5es seriam abandonadas. Assim, fui aerovi\u00e1rio, comprador da Cosipa, jornalista (antes da regulamenta\u00e7\u00e3o da profiss\u00e3o), assistente de vendas de uma ind\u00fastria aliment\u00edcia. Em todas elas fui relativamente bem pago, mas o v\u00edrus j\u00e1 tinha me contaminado. Nos meus tempos de gin\u00e1sio eu j\u00e1 era um tremendo agitador de teatro.<\/span><span style=\"color: #000000;\"><br \/><\/span><\/p>\t\t\t\t\t\t\t\t<\/div>\n\t\t\t\t<\/div>\n\t\t\t\t\t<\/div>\n\t\t<\/div>\n\t\t\t\t\t<\/div>\n\t\t<\/section>\n\t\t\t\t<section class=\"has_eae_slider elementor-section elementor-top-section elementor-element elementor-element-48cafca2 elementor-section-boxed elementor-section-height-default elementor-section-height-default wpr-particle-no wpr-jarallax-no wpr-parallax-no wpr-sticky-section-no\" data-eae-slider=\"66840\" data-id=\"48cafca2\" data-element_type=\"section\" data-settings=\"{&quot;_ha_eqh_enable&quot;:false}\">\n\t\t\t\t\t\t<div class=\"elementor-container elementor-column-gap-default\">\n\t\t\t\t\t<div class=\"has_eae_slider elementor-column elementor-col-100 elementor-top-column elementor-element elementor-element-24441961\" data-eae-slider=\"5869\" data-id=\"24441961\" data-element_type=\"column\">\n\t\t\t<div class=\"elementor-widget-wrap elementor-element-populated\">\n\t\t\t\t\t\t<div class=\"elementor-element elementor-element-453438f4 elementor-widget elementor-widget-text-editor\" data-id=\"453438f4\" data-element_type=\"widget\" data-widget_type=\"text-editor.default\">\n\t\t\t\t<div class=\"elementor-widget-container\">\n\t\t\t\t\t\t\t\t\t<p style=\"text-align: justify;\"><span style=\"color: #000000;\"><strong>DB \u2013 Esse \u201cv\u00edrus art\u00edstico\u201d, quando voc\u00ea percebeu que j\u00e1 estava com ele?<br \/><\/strong><\/span><\/p>\t\t\t\t\t\t\t\t<\/div>\n\t\t\t\t<\/div>\n\t\t\t\t<div class=\"elementor-element elementor-element-2770ec19 elementor-widget elementor-widget-text-editor\" data-id=\"2770ec19\" data-element_type=\"widget\" data-widget_type=\"text-editor.default\">\n\t\t\t\t<div class=\"elementor-widget-container\">\n\t\t\t\t\t\t\t\t\t<p style=\"text-align: justify;\"><span style=\"color: #000000;\"><strong>FJ<\/strong> &#8211; Eu era estudante e j\u00e1 vivia metido com r\u00e1dio. Onde eu morei, Po\u00e7os de Caldas, tamb\u00e9m me meti a locutor de r\u00e1dio, e dizem que eu n\u00e3o era t\u00e3o ruim&#8230; A TV n\u00e3o tinha chegado l\u00e1 ainda, mas eu ainda n\u00e3o tinha sido mordido pela mosca do teatro. Isso aconteceu quando fui transferido de cidade. Fui para um munic\u00edpio do sul de Minas, que n\u00e3o tinha r\u00e1dio, n\u00e3o tinha nada, Itanhandu, na \u00e9poca 5 mil habitantes mais ou menos. Ent\u00e3o a agita\u00e7\u00e3o cultural da cidade era feita por n\u00f3s, estudantes. Participei da funda\u00e7\u00e3o de um jornalzinho da cidade, me encarreguei do teatro do col\u00e9gio, eu estava em todas.<\/span><\/p>\t\t\t\t\t\t\t\t<\/div>\n\t\t\t\t<\/div>\n\t\t\t\t\t<\/div>\n\t\t<\/div>\n\t\t\t\t\t<\/div>\n\t\t<\/section>\n\t\t\t\t<section class=\"has_eae_slider elementor-section elementor-top-section elementor-element elementor-element-72dd512c elementor-section-boxed elementor-section-height-default elementor-section-height-default wpr-particle-no wpr-jarallax-no wpr-parallax-no wpr-sticky-section-no\" data-eae-slider=\"63722\" data-id=\"72dd512c\" data-element_type=\"section\" data-settings=\"{&quot;_ha_eqh_enable&quot;:false}\">\n\t\t\t\t\t\t<div class=\"elementor-container elementor-column-gap-default\">\n\t\t\t\t\t<div class=\"has_eae_slider elementor-column elementor-col-100 elementor-top-column elementor-element elementor-element-846159d\" data-eae-slider=\"85778\" data-id=\"846159d\" data-element_type=\"column\">\n\t\t\t<div class=\"elementor-widget-wrap elementor-element-populated\">\n\t\t\t\t\t\t<div class=\"elementor-element elementor-element-3a86f57b elementor-widget elementor-widget-text-editor\" data-id=\"3a86f57b\" data-element_type=\"widget\" data-widget_type=\"text-editor.default\">\n\t\t\t\t<div class=\"elementor-widget-container\">\n\t\t\t\t\t\t\t\t\t<p style=\"text-align: justify;\"><span style=\"color: #000000;\"><strong>DB &#8211; E quando come\u00e7ou a atuar?<br \/><\/strong><\/span><\/p>\t\t\t\t\t\t\t\t<\/div>\n\t\t\t\t<\/div>\n\t\t\t\t<div class=\"elementor-element elementor-element-7bb319 elementor-widget elementor-widget-text-editor\" data-id=\"7bb319\" data-element_type=\"widget\" data-widget_type=\"text-editor.default\">\n\t\t\t\t<div class=\"elementor-widget-container\">\n\t\t\t\t\t\t\t\t\t<p style=\"text-align: justify;\"><span style=\"color: #000000;\"><strong>FJ<\/strong> &#8211; Em 1958, terminado o gin\u00e1sio, tive que voltar a S\u00e3o Paulo para iniciar minha vida adulta. Foi quando tive uma variedade de profiss\u00f5es. O artista ficou hibernando at\u00e9 1965. Apareceu minha primeira oportunidade de trabalhar como ator. Ap\u00f3s 2 meses de ensaio, a montagem da qual participaria foi proibida pela censura. Mas a\u00ed eu resolvi encarar a profiss\u00e3o.<br \/>Fiz muitas radio-novelas para o interior, TV (saudosa TV Tupi). Participei da funda\u00e7\u00e3o de um grupo de teatro popular que existe at\u00e9 hoje em S\u00e3o Paulo, o TUOV.<\/span><\/p><p style=\"text-align: justify;\"><span style=\"color: #000000;\">Em 1968, filmei um epis\u00f3dio de um seriado para a TV. A produ\u00e7\u00e3o era de Ary Fernandes, o mesmo de <strong>O Vigilante Rodovi\u00e1rio<\/strong>. S\u00f3 que era sobre a FAB. O seriado era <strong>\u00c1guias de Fogo<\/strong> e n\u00e3o teve o mesmo sucesso do Vigilante. Durante a filmagem eu soube que seria dublado. Insisti em me dublar. Foi um fiasco. Ap\u00f3s n\u00e3o sei quantas tentativas, o Garcia Neto disse para mim: &#8220;Meu filho, fa\u00e7a um favor para todos n\u00f3s; fique fazendo s\u00f3 teatro; dublagem voc\u00ea n\u00e3o consegue.&#8221; Isso foi na Odil Fono Brasil. Ent\u00e3o comecei a procurar um meio de poder ser aceito at\u00e9 que cheguei na AIC, para aprender a nova t\u00e9cnica.\u00a0<\/span><\/p>\t\t\t\t\t\t\t\t<\/div>\n\t\t\t\t<\/div>\n\t\t\t\t<div class=\"elementor-element elementor-element-bea2233 elementor-widget elementor-widget-image\" data-id=\"bea2233\" data-element_type=\"widget\" data-widget_type=\"image.default\">\n\t\t\t\t<div class=\"elementor-widget-container\">\n\t\t\t\t\t\t\t\t\t\t\t\t<figure class=\"wp-caption\">\n\t\t\t\t\t\t\t\t\t\t<img fetchpriority=\"high\" decoding=\"async\" width=\"640\" height=\"454\" src=\"https:\/\/dublagembrasileira.com.br\/wp-content\/uploads\/2023\/05\/franciscojose2.jpg\" class=\"attachment-large size-large wp-image-22306\" alt=\"\" srcset=\"https:\/\/dublagembrasileira.com.br\/wp-content\/uploads\/2023\/05\/franciscojose2.jpg 783w, https:\/\/dublagembrasileira.com.br\/wp-content\/uploads\/2023\/05\/franciscojose2-300x213.jpg 300w, https:\/\/dublagembrasileira.com.br\/wp-content\/uploads\/2023\/05\/franciscojose2-768x545.jpg 768w\" sizes=\"(max-width: 640px) 100vw, 640px\" \/>\t\t\t\t\t\t\t\t\t\t\t<figcaption class=\"widget-image-caption wp-caption-text\">Francisco Jos\u00e9, importantes papeis em S\u00e3o Paulo e no Rio de Janeiro.<\/figcaption>\n\t\t\t\t\t\t\t\t\t\t<\/figure>\n\t\t\t\t\t\t\t\t\t<\/div>\n\t\t\t\t<\/div>\n\t\t\t\t\t<\/div>\n\t\t<\/div>\n\t\t\t\t\t<\/div>\n\t\t<\/section>\n\t\t\t\t<section class=\"has_eae_slider elementor-section elementor-top-section elementor-element elementor-element-2aaf95cb elementor-section-boxed elementor-section-height-default elementor-section-height-default wpr-particle-no wpr-jarallax-no wpr-parallax-no wpr-sticky-section-no\" data-eae-slider=\"62389\" data-id=\"2aaf95cb\" data-element_type=\"section\" data-settings=\"{&quot;_ha_eqh_enable&quot;:false}\">\n\t\t\t\t\t\t<div class=\"elementor-container elementor-column-gap-default\">\n\t\t\t\t\t<div class=\"has_eae_slider elementor-column elementor-col-100 elementor-top-column elementor-element elementor-element-3dc106db\" data-eae-slider=\"16015\" data-id=\"3dc106db\" data-element_type=\"column\">\n\t\t\t<div class=\"elementor-widget-wrap elementor-element-populated\">\n\t\t\t\t\t\t<div class=\"elementor-element elementor-element-7ebe177e elementor-widget elementor-widget-text-editor\" data-id=\"7ebe177e\" data-element_type=\"widget\" data-widget_type=\"text-editor.default\">\n\t\t\t\t<div class=\"elementor-widget-container\">\n\t\t\t\t\t\t\t\t\t<p style=\"text-align: justify;\"><span style=\"color: #000000;\"><strong>DB &#8211; Quem te deu oportunidade a AIC?<br \/><\/strong><\/span><\/p>\t\t\t\t\t\t\t\t<\/div>\n\t\t\t\t<\/div>\n\t\t\t\t<div class=\"elementor-element elementor-element-3f3aa356 elementor-widget elementor-widget-text-editor\" data-id=\"3f3aa356\" data-element_type=\"widget\" data-widget_type=\"text-editor.default\">\n\t\t\t\t<div class=\"elementor-widget-container\">\n\t\t\t\t\t\t\t\t\t<p style=\"text-align: justify;\"><span style=\"color: #000000;\"><strong>FJ<\/strong> &#8211; Fui recebido por Older Cazarr\u00e9, que me guiou nos primeiros passos. E tantos outros. Vou tentar n\u00e3o cometer nenhuma injusti\u00e7a omitindo nome de algu\u00e9m. Tamb\u00e9m me deram dicas preciosas: Fl\u00e1vio Galv\u00e3o, \u00c9zio Ramos, Wilson Ribeiro, Ary de Toledo, Olney Cazarr\u00e9, Aldo C\u00e9sar, Dr\u00e1usio de Oliveira, L\u00edbero Miguel, Jos\u00e9 Soares, Sergio Galv\u00e3o, Batista Linardi. Muitos ainda por aqui, outros j\u00e1 foram para o andar de cima.<\/span><\/p>\t\t\t\t\t\t\t\t<\/div>\n\t\t\t\t<\/div>\n\t\t\t\t\t<\/div>\n\t\t<\/div>\n\t\t\t\t\t<\/div>\n\t\t<\/section>\n\t\t\t\t<section class=\"has_eae_slider elementor-section elementor-top-section elementor-element elementor-element-54c215b7 elementor-section-boxed elementor-section-height-default elementor-section-height-default wpr-particle-no wpr-jarallax-no wpr-parallax-no wpr-sticky-section-no\" data-eae-slider=\"24613\" data-id=\"54c215b7\" data-element_type=\"section\" data-settings=\"{&quot;_ha_eqh_enable&quot;:false}\">\n\t\t\t\t\t\t<div class=\"elementor-container elementor-column-gap-default\">\n\t\t\t\t\t<div class=\"has_eae_slider elementor-column elementor-col-100 elementor-top-column elementor-element elementor-element-3fdb8754\" data-eae-slider=\"21562\" data-id=\"3fdb8754\" data-element_type=\"column\">\n\t\t\t<div class=\"elementor-widget-wrap elementor-element-populated\">\n\t\t\t\t\t\t<div class=\"elementor-element elementor-element-1a7f5046 elementor-widget elementor-widget-text-editor\" data-id=\"1a7f5046\" data-element_type=\"widget\" data-widget_type=\"text-editor.default\">\n\t\t\t\t<div class=\"elementor-widget-container\">\n\t\t\t\t\t\t\t\t\t<p style=\"text-align: justify;\"><span style=\"color: #000000;\"><strong>DB &#8211; Como voc\u00ea imagina, com a atual tecnologia, a dublagem realizada na AIC?<br \/><\/strong><\/span><\/p>\t\t\t\t\t\t\t\t<\/div>\n\t\t\t\t<\/div>\n\t\t\t\t<div class=\"elementor-element elementor-element-3cf13fb1 elementor-widget elementor-widget-text-editor\" data-id=\"3cf13fb1\" data-element_type=\"widget\" data-widget_type=\"text-editor.default\">\n\t\t\t\t<div class=\"elementor-widget-container\">\n\t\t\t\t\t\t\t\t\t<p style=\"text-align: justify;\"><span style=\"color: #000000;\"><strong>FJ<\/strong> &#8211; Se naquela \u00e9poca houvesse a tecnologia atual, a dublagem seria imbat\u00edvel. Qualquer profissional s\u00f3 poderia ser assim, considerado se tivesse passado pela AIC.<\/span><\/p>\t\t\t\t\t\t\t\t<\/div>\n\t\t\t\t<\/div>\n\t\t\t\t\t<\/div>\n\t\t<\/div>\n\t\t\t\t\t<\/div>\n\t\t<\/section>\n\t\t\t\t<section class=\"has_eae_slider elementor-section elementor-top-section elementor-element elementor-element-376b3dc0 elementor-section-boxed elementor-section-height-default elementor-section-height-default wpr-particle-no wpr-jarallax-no wpr-parallax-no wpr-sticky-section-no\" data-eae-slider=\"63199\" data-id=\"376b3dc0\" data-element_type=\"section\" data-settings=\"{&quot;_ha_eqh_enable&quot;:false}\">\n\t\t\t\t\t\t<div class=\"elementor-container elementor-column-gap-default\">\n\t\t\t\t\t<div class=\"has_eae_slider elementor-column elementor-col-100 elementor-top-column elementor-element elementor-element-3e0d5a84\" data-eae-slider=\"47941\" data-id=\"3e0d5a84\" data-element_type=\"column\">\n\t\t\t<div class=\"elementor-widget-wrap elementor-element-populated\">\n\t\t\t\t\t\t<div class=\"elementor-element elementor-element-57a728b9 elementor-widget elementor-widget-text-editor\" data-id=\"57a728b9\" data-element_type=\"widget\" data-widget_type=\"text-editor.default\">\n\t\t\t\t<div class=\"elementor-widget-container\">\n\t\t\t\t\t\t\t\t\t<p style=\"text-align: justify;\"><span style=\"color: #000000;\"><strong>DB &#8211; O que melhorou na dublagem atual?<br \/><\/strong><\/span><\/p>\t\t\t\t\t\t\t\t<\/div>\n\t\t\t\t<\/div>\n\t\t\t\t<div class=\"elementor-element elementor-element-4118035c elementor-widget elementor-widget-text-editor\" data-id=\"4118035c\" data-element_type=\"widget\" data-widget_type=\"text-editor.default\">\n\t\t\t\t<div class=\"elementor-widget-container\">\n\t\t\t\t\t\t\t\t\t<p style=\"text-align: justify;\"><span style=\"color: #000000;\"><strong>FJ<\/strong> &#8211; Na dublagem atual, aparentemente, melhorou a rapidez. S\u00f3. Interpreta\u00e7\u00e3o nula. Emo\u00e7\u00e3o zero. Se voc\u00ea assistir a um filme dublado, j\u00e1 viu todos. As interpreta\u00e7\u00f5es s\u00e3o mec\u00e2nicas, sem alma. Qualidade? O que \u00e9 isso?<br \/>Hoje o investimento para se montar uma dubladora \u00e9 bem menor. Mas tem-se que entrar na disputa de mercado e a\u00ed vira uma guerra, com todos querendo tirar vantagem&#8230; e todos perdendo.<\/span><\/p>\t\t\t\t\t\t\t\t<\/div>\n\t\t\t\t<\/div>\n\t\t\t\t\t<\/div>\n\t\t<\/div>\n\t\t\t\t\t<\/div>\n\t\t<\/section>\n\t\t\t\t<section class=\"has_eae_slider elementor-section elementor-top-section elementor-element elementor-element-7465b725 elementor-section-boxed elementor-section-height-default elementor-section-height-default wpr-particle-no wpr-jarallax-no wpr-parallax-no wpr-sticky-section-no\" data-eae-slider=\"63491\" data-id=\"7465b725\" data-element_type=\"section\" data-settings=\"{&quot;_ha_eqh_enable&quot;:false}\">\n\t\t\t\t\t\t<div class=\"elementor-container elementor-column-gap-default\">\n\t\t\t\t\t<div class=\"has_eae_slider elementor-column elementor-col-100 elementor-top-column elementor-element elementor-element-60e29cef\" data-eae-slider=\"15717\" data-id=\"60e29cef\" data-element_type=\"column\">\n\t\t\t<div class=\"elementor-widget-wrap elementor-element-populated\">\n\t\t\t\t\t\t<div class=\"elementor-element elementor-element-244a4f11 elementor-widget elementor-widget-text-editor\" data-id=\"244a4f11\" data-element_type=\"widget\" data-widget_type=\"text-editor.default\">\n\t\t\t\t<div class=\"elementor-widget-container\">\n\t\t\t\t\t\t\t\t\t<p style=\"text-align: justify;\"><span style=\"color: #000000;\"><strong>DB &#8211; O chefe Sharkey, da s\u00e9rie <a href=\"https:\/\/dublagembrasileira.com.br\/?p=17551\">Viagem ao Fundo do Mar<\/a>, foi o seu primeiro personagem fixo? Como voc\u00ea foi indicado?<br \/><\/strong><\/span><\/p>\t\t\t\t\t\t\t\t<\/div>\n\t\t\t\t<\/div>\n\t\t\t\t<div class=\"elementor-element elementor-element-666e5c26 elementor-widget elementor-widget-text-editor\" data-id=\"666e5c26\" data-element_type=\"widget\" data-widget_type=\"text-editor.default\">\n\t\t\t\t<div class=\"elementor-widget-container\">\n\t\t\t\t\t\t\t\t\t<p style=\"text-align: justify;\"><span style=\"color: #000000;\"><strong>FJ<\/strong> &#8211; Eu fiz v\u00e1rios convidados e o chefe Sharkey n\u00e3o foi meu primeiro fixo. Meu primeiro fixo foi num seriado, que tamb\u00e9m n\u00e3o aconteceu, <strong>Cidade das Ilus\u00f5es<\/strong>. O chefe Sharkey me foi dado pelo Dr\u00e1usio de Oliveira. \u00c9 que o Garcia Neto estava sendo reintegrado na AIC, por ordem judicial. E o reencontro com o Garcia foi muito engra\u00e7ado, porque eu j\u00e1 tinha mudado de cara e j\u00e1 fazia tempo do epis\u00f3dio de <strong>\u00c1guias de Fogo<\/strong>. Garcia Neto foi um dos grandes amigos que fiz na vida; a amizade s\u00f3 foi interrompida porque ele teve que passar para o andar de cima. Muita saudade&#8230;<br \/><\/span><\/p>\t\t\t\t\t\t\t\t<\/div>\n\t\t\t\t<\/div>\n\t\t\t\t\t<\/div>\n\t\t<\/div>\n\t\t\t\t\t<\/div>\n\t\t<\/section>\n\t\t\t\t<section class=\"has_eae_slider elementor-section elementor-top-section elementor-element elementor-element-1ed3c6f0 elementor-section-boxed elementor-section-height-default elementor-section-height-default wpr-particle-no wpr-jarallax-no wpr-parallax-no wpr-sticky-section-no\" data-eae-slider=\"82159\" data-id=\"1ed3c6f0\" data-element_type=\"section\" data-settings=\"{&quot;_ha_eqh_enable&quot;:false}\">\n\t\t\t\t\t\t<div class=\"elementor-container elementor-column-gap-default\">\n\t\t\t\t\t<div class=\"has_eae_slider elementor-column elementor-col-100 elementor-top-column elementor-element elementor-element-5df16f07\" data-eae-slider=\"6906\" data-id=\"5df16f07\" data-element_type=\"column\">\n\t\t\t<div class=\"elementor-widget-wrap elementor-element-populated\">\n\t\t\t\t\t\t<div class=\"elementor-element elementor-element-1098943a elementor-widget elementor-widget-text-editor\" data-id=\"1098943a\" data-element_type=\"widget\" data-widget_type=\"text-editor.default\">\n\t\t\t\t<div class=\"elementor-widget-container\">\n\t\t\t\t\t\t\t\t\t<p style=\"text-align: justify;\"><span style=\"color: #000000;\"><strong>DB &#8211; Antes de chegar a Herbert Richers em quais outros est\u00fadios voc\u00ea passou?<br \/><\/strong><\/span><\/p>\t\t\t\t\t\t\t\t<\/div>\n\t\t\t\t<\/div>\n\t\t\t\t<div class=\"elementor-element elementor-element-7e68d657 elementor-widget elementor-widget-text-editor\" data-id=\"7e68d657\" data-element_type=\"widget\" data-widget_type=\"text-editor.default\">\n\t\t\t\t<div class=\"elementor-widget-container\">\n\t\t\t\t\t\t\t\t\t<p style=\"text-align: justify;\"><span style=\"color: #000000;\"><strong>FJ<\/strong> &#8211; Ainda em S\u00e3o Paulo, passei pela \u00c1lamo, Odil Fono Brasil e uma tentativa que houve de erguimento da profiss\u00e3o na COM-ART. Esta tentativa n\u00e3o foi bem sucedida porque na \u00e9poca em nossa ingenuidade quisemos fazer tudo \u00e0s claras demais. Enquanto as poucas casas de S\u00e3o Paulo se recusavam a fazer o pagamento-hora, a COM-ART implantou-o, apesar da campanha violenta de descr\u00e9dito, principalmente pelos dirigentes da \u00c1lamo e de alguns membros da categoria que diziam que o &#8220;pagamento-hora iria quebrar as empresas&#8221;.<\/span><\/p><p style=\"text-align: justify;\"><span style=\"color: #000000;\">Com a quebra da COM-ART, por motivos outros, n\u00e3o havia mais trabalho para mim em S\u00e3o Paulo. Foi ent\u00e3o comunicado a outro grande amigo que eu tinha feito no meio, Marcos Miranda, a minha situa\u00e7\u00e3o. Herbert Richers foi cientificado e disse que, desde que eu n\u00e3o viesse ao Rio apenas por um tempo, eu teria emprego garantido em sua empresa.<\/span><\/p>\t\t\t\t\t\t\t\t<\/div>\n\t\t\t\t<\/div>\n\t\t\t\t\t<\/div>\n\t\t<\/div>\n\t\t\t\t\t<\/div>\n\t\t<\/section>\n\t\t\t\t<section class=\"has_eae_slider elementor-section elementor-top-section elementor-element elementor-element-1f28ae8e elementor-section-boxed elementor-section-height-default elementor-section-height-default wpr-particle-no wpr-jarallax-no wpr-parallax-no wpr-sticky-section-no\" data-eae-slider=\"45896\" data-id=\"1f28ae8e\" data-element_type=\"section\" data-settings=\"{&quot;_ha_eqh_enable&quot;:false}\">\n\t\t\t\t\t\t<div class=\"elementor-container elementor-column-gap-default\">\n\t\t\t\t\t<div class=\"has_eae_slider elementor-column elementor-col-100 elementor-top-column elementor-element elementor-element-19f6f90c\" data-eae-slider=\"96504\" data-id=\"19f6f90c\" data-element_type=\"column\">\n\t\t\t<div class=\"elementor-widget-wrap elementor-element-populated\">\n\t\t\t\t\t\t<div class=\"elementor-element elementor-element-1aa12c1a elementor-widget elementor-widget-text-editor\" data-id=\"1aa12c1a\" data-element_type=\"widget\" data-widget_type=\"text-editor.default\">\n\t\t\t\t<div class=\"elementor-widget-container\">\n\t\t\t\t\t\t\t\t\t<p style=\"text-align: justify;\"><span style=\"color: #000000;\"><strong>DB &#8211; E como foi sua carreira na Herbert?<br \/><\/strong><\/span><\/p>\t\t\t\t\t\t\t\t<\/div>\n\t\t\t\t<\/div>\n\t\t\t\t<div class=\"elementor-element elementor-element-4a6e9818 elementor-widget elementor-widget-text-editor\" data-id=\"4a6e9818\" data-element_type=\"widget\" data-widget_type=\"text-editor.default\">\n\t\t\t\t<div class=\"elementor-widget-container\">\n\t\t\t\t\t\t\t\t\t<p style=\"text-align: justify;\"><span style=\"color: #000000;\"><strong>FJ<\/strong> &#8211; Eu vim para o Rio e em menos de 6 meses tinha conseguido trazer toda minha fam\u00edlia, esposa e tr\u00eas filhos.<\/span><\/p><p style=\"text-align: justify;\"><span style=\"color: #000000;\">A rela\u00e7\u00e3o que tive com Herbert Richers foi pautada pelo maior respeito e lealdade. Fiz bons trabalhos l\u00e1. Como dublador destacaria:<br \/><strong>Uma Cilada para Roger Rabbitt<\/strong>, <a href=\"https:\/\/dublagembrasileira.com.br\/?p=19196\"><strong>Contratempos<\/strong><\/a>, <a href=\"https:\/\/dublagembrasileira.com.br\/?p=5299\"><strong>Thundercats<\/strong><\/a>, <a href=\"https:\/\/dublagembrasileira.com.br\/?p=12529\"><strong>Ursinhos Gummi<\/strong><\/a>, <a href=\"https:\/\/dublagembrasileira.com.br\/?p=14695\"><strong>Silverhawks <\/strong><\/a>e v\u00e1rias miniss\u00e9ries.<\/span><\/p><p style=\"text-align: justify;\"><span style=\"color: #000000;\">Como diretor de dublagem tamb\u00e9m fiz muitas miniss\u00e9ries e alguns longa metragens. Destacaria: todos os epis\u00f3dios de <a href=\"https:\/\/dublagembrasileira.com.br\/?p=3596\"><strong>Loucademia de Pol\u00edcia<\/strong><\/a>, <strong>Cuidado com as G\u00eameas<\/strong>, <strong>Uma Linda Mulher<\/strong>, <strong>Aventureiros do Bairro Proibido<\/strong>&#8220;, <strong>Colors, as Cores da Viol\u00eancia<\/strong>, <strong>Henrique V<\/strong>. Quando estava para completar 10 anos de casa, \u00e9 claro que tive que ser demitido.<\/span><\/p>\t\t\t\t\t\t\t\t<\/div>\n\t\t\t\t<\/div>\n\t\t\t\t\t<\/div>\n\t\t<\/div>\n\t\t\t\t\t<\/div>\n\t\t<\/section>\n\t\t\t\t<section class=\"has_eae_slider elementor-section elementor-top-section elementor-element elementor-element-542d996c elementor-section-boxed elementor-section-height-default elementor-section-height-default wpr-particle-no wpr-jarallax-no wpr-parallax-no wpr-sticky-section-no\" data-eae-slider=\"87639\" data-id=\"542d996c\" data-element_type=\"section\" data-settings=\"{&quot;_ha_eqh_enable&quot;:false}\">\n\t\t\t\t\t\t<div class=\"elementor-container elementor-column-gap-default\">\n\t\t\t\t\t<div class=\"has_eae_slider elementor-column elementor-col-100 elementor-top-column elementor-element elementor-element-6a62dc37\" data-eae-slider=\"88438\" data-id=\"6a62dc37\" data-element_type=\"column\">\n\t\t\t<div class=\"elementor-widget-wrap elementor-element-populated\">\n\t\t\t\t\t\t<div class=\"elementor-element elementor-element-1909a9c4 elementor-widget elementor-widget-text-editor\" data-id=\"1909a9c4\" data-element_type=\"widget\" data-widget_type=\"text-editor.default\">\n\t\t\t\t<div class=\"elementor-widget-container\">\n\t\t\t\t\t\t\t\t\t<p style=\"text-align: justify;\"><span style=\"color: #000000;\"><strong>DB &#8211; Saindo da Herbert Richers onde voc\u00ea foi trabalhar?<br \/><\/strong><\/span><\/p>\t\t\t\t\t\t\t\t<\/div>\n\t\t\t\t<\/div>\n\t\t\t\t<div class=\"elementor-element elementor-element-138bd64f elementor-widget elementor-widget-text-editor\" data-id=\"138bd64f\" data-element_type=\"widget\" data-widget_type=\"text-editor.default\">\n\t\t\t\t<div class=\"elementor-widget-container\">\n\t\t\t\t\t\t\t\t\t<p style=\"text-align: justify;\"><span style=\"color: #000000;\"><strong>SL<\/strong> &#8211; Fui ent\u00e3o convidado para ser diretor exclusivo da VTI. Como a rela\u00e7\u00e3o n\u00e3o era de respeito como a que eu tinha na Herbert Richers, eu me demiti, ap\u00f3s 7 meses, onde n\u00e3o trabalhei, apenas &#8220;cumpri pena&#8221;. Mesmo assim, posso me orgulhar pela dire\u00e7\u00e3o de dublagem, inclusive escala\u00e7\u00e3o de elenco fixo, do primeiro ano de <a href=\"https:\/\/dublagembrasileira.com.br\/?p=5861\"><strong>Arquivo X<\/strong><\/a>. E nesse tempo em que &#8220;cumpri pena&#8221; ainda dirigi mais dois seriados, <strong>Deep Space Nine<\/strong> (uma continua\u00e7\u00e3o de Jornada nas Estrelas) e <strong>Os Novos Intoc\u00e1veis<\/strong>, s\u00e9rie que foi reprisada &#8220;n&#8221; vezes no Universal Channel.<\/span><\/p><p style=\"text-align: justify;\"><span style=\"color: #000000;\">Quando me demiti da VTI, fui chamado de novo \u00e0 Herbert Richers. Aceitei, desde que fosse apenas para dublar. Mas n\u00e3o tardaria convite para dirigir em outra empresa do Rio, a Cinevideo. Eu trabalhava como diretor de dublagem em uma empresa e como dublador na outra. Mas o meu tempo maior era absorvido pela dire\u00e7\u00e3o. A\u00ed dirigi um seriado que foi acompanhado pelo representante da Warner, <strong>Histeria<\/strong>. Recebi elogios da Warner e da dire\u00e7\u00e3o da Cinevideo.<\/span><\/p><p style=\"text-align: justify;\"><span style=\"color: #000000;\">Quando a sa\u00fade de Herbert Richers come\u00e7ou a decair, fui desligado de sua empresa por comum acordo. Isso em 2003. Em 2005 foi a vez da minha sa\u00fade reclamar. Tive problemas circulat\u00f3rios que por pouco apressam minha ida para o andar de cima.<\/span><\/p><p style=\"text-align: justify;\"><span style=\"color: #000000;\">Requeri minha aposentadoria e ficaria dublando agora mais por hobby. Mas veio a forte press\u00e3o para cess\u00e3o de direitos de int\u00e9rprete. Como me recusei a ceder, minha entrada foi proibida nos est\u00fadios.<br \/><\/span><\/p>\t\t\t\t\t\t\t\t<\/div>\n\t\t\t\t<\/div>\n\t\t\t\t\t<\/div>\n\t\t<\/div>\n\t\t\t\t\t<\/div>\n\t\t<\/section>\n\t\t\t\t<section class=\"has_eae_slider elementor-section elementor-top-section elementor-element elementor-element-912c9fb elementor-section-boxed elementor-section-height-default elementor-section-height-default wpr-particle-no wpr-jarallax-no wpr-parallax-no wpr-sticky-section-no\" data-eae-slider=\"37840\" data-id=\"912c9fb\" data-element_type=\"section\" data-settings=\"{&quot;background_background&quot;:&quot;slideshow&quot;,&quot;background_slideshow_gallery&quot;:[{&quot;id&quot;:6703,&quot;url&quot;:&quot;http:\\\/\\\/dublagembrasileira.com.br\\\/wp-content\\\/uploads\\\/2021\\\/07\\\/DeanStockwel.jpg&quot;}],&quot;background_slideshow_loop&quot;:&quot;yes&quot;,&quot;background_slideshow_slide_duration&quot;:5000,&quot;background_slideshow_slide_transition&quot;:&quot;fade&quot;,&quot;background_slideshow_transition_duration&quot;:500,&quot;_ha_eqh_enable&quot;:false}\">\n\t\t\t\t\t\t<div class=\"elementor-container elementor-column-gap-default\">\n\t\t\t\t\t<div class=\"has_eae_slider elementor-column elementor-col-100 elementor-top-column elementor-element elementor-element-aa71085\" data-eae-slider=\"21249\" data-id=\"aa71085\" data-element_type=\"column\">\n\t\t\t<div class=\"elementor-widget-wrap\">\n\t\t\t\t\t\t\t<\/div>\n\t\t<\/div>\n\t\t\t\t\t<\/div>\n\t\t<\/section>\n\t\t\t\t<section class=\"has_eae_slider elementor-section elementor-top-section elementor-element elementor-element-37aa6231 elementor-section-boxed elementor-section-height-default elementor-section-height-default wpr-particle-no wpr-jarallax-no wpr-parallax-no wpr-sticky-section-no\" data-eae-slider=\"50867\" data-id=\"37aa6231\" data-element_type=\"section\" data-settings=\"{&quot;_ha_eqh_enable&quot;:false}\">\n\t\t\t\t\t\t<div class=\"elementor-container elementor-column-gap-default\">\n\t\t\t\t\t<div class=\"has_eae_slider elementor-column elementor-col-100 elementor-top-column elementor-element elementor-element-3ae56075\" data-eae-slider=\"3893\" data-id=\"3ae56075\" data-element_type=\"column\">\n\t\t\t<div class=\"elementor-widget-wrap elementor-element-populated\">\n\t\t\t\t\t\t<div class=\"elementor-element elementor-element-1a4d9f9 elementor-widget elementor-widget-heading\" data-id=\"1a4d9f9\" data-element_type=\"widget\" data-widget_type=\"heading.default\">\n\t\t\t\t<div class=\"elementor-widget-container\">\n\t\t\t\t\t<h2 class=\"elementor-heading-title elementor-size-default\">Almirante Al Calavicci (Dean Stockwell) em Contra Tempos<\/h2>\t\t\t\t<\/div>\n\t\t\t\t<\/div>\n\t\t\t\t<div class=\"elementor-element elementor-element-41ff98a9 elementor-widget elementor-widget-text-editor\" data-id=\"41ff98a9\" data-element_type=\"widget\" data-widget_type=\"text-editor.default\">\n\t\t\t\t<div class=\"elementor-widget-container\">\n\t\t\t\t\t\t\t\t\t<p style=\"text-align: justify;\"><span style=\"color: #000000;\"><strong>DB &#8211; Saindo da dublagem voc\u00ea exerceu alguma outra atividade?<br \/><\/strong><\/span><\/p>\t\t\t\t\t\t\t\t<\/div>\n\t\t\t\t<\/div>\n\t\t\t\t<div class=\"elementor-element elementor-element-b3dcfbf elementor-widget elementor-widget-text-editor\" data-id=\"b3dcfbf\" data-element_type=\"widget\" data-widget_type=\"text-editor.default\">\n\t\t\t\t<div class=\"elementor-widget-container\">\n\t\t\t\t\t\t\t\t\t<p style=\"text-align: justify;\"><span style=\"color: #000000;\"><strong>FJ<\/strong> &#8211; Aposentado e com a sa\u00fade parcialmente recuperada, fui convidado a entrar em novo ramo: o livro falado. Dirigi v\u00e1rias grava\u00e7\u00f5es de \u00e1udio livros para a Bienal do Livro, aqui no Rio de Janeiro. Felizmente foi um sucesso total.<\/span><\/p>\t\t\t\t\t\t\t\t<\/div>\n\t\t\t\t<\/div>\n\t\t\t\t\t<\/div>\n\t\t<\/div>\n\t\t\t\t\t<\/div>\n\t\t<\/section>\n\t\t\t\t<section class=\"has_eae_slider elementor-section elementor-top-section elementor-element elementor-element-7b4542c5 elementor-section-boxed elementor-section-height-default elementor-section-height-default wpr-particle-no wpr-jarallax-no wpr-parallax-no wpr-sticky-section-no\" data-eae-slider=\"17828\" data-id=\"7b4542c5\" data-element_type=\"section\" data-settings=\"{&quot;_ha_eqh_enable&quot;:false}\">\n\t\t\t\t\t\t<div class=\"elementor-container elementor-column-gap-default\">\n\t\t\t\t\t<div class=\"has_eae_slider elementor-column elementor-col-100 elementor-top-column elementor-element elementor-element-4d77a3bd\" data-eae-slider=\"32832\" data-id=\"4d77a3bd\" data-element_type=\"column\">\n\t\t\t<div class=\"elementor-widget-wrap elementor-element-populated\">\n\t\t\t\t\t\t<div class=\"elementor-element elementor-element-e8ab926 elementor-widget elementor-widget-text-editor\" data-id=\"e8ab926\" data-element_type=\"widget\" data-widget_type=\"text-editor.default\">\n\t\t\t\t<div class=\"elementor-widget-container\">\n\t\t\t\t\t\t\t\t\t<p style=\"text-align: justify;\"><span style=\"color: #000000;\"><strong>DB &#8211; Que aprendizado voc\u00ea teve, ap\u00f3s tantos anos da tua carreira?<br \/><\/strong><\/span><\/p>\t\t\t\t\t\t\t\t<\/div>\n\t\t\t\t<\/div>\n\t\t\t\t<div class=\"elementor-element elementor-element-75afa79f elementor-widget elementor-widget-text-editor\" data-id=\"75afa79f\" data-element_type=\"widget\" data-widget_type=\"text-editor.default\">\n\t\t\t\t<div class=\"elementor-widget-container\">\n\t\t\t\t\t\t\t\t\t<p style=\"text-align: justify;\"><span style=\"color: #000000;\"><strong>FJ<\/strong> &#8211; Se voc\u00ea acreditar, se a causa for justa, se o trabalho for honesto, o sucesso vir\u00e1.<\/span><\/p><p style=\"text-align: justify;\"><span style=\"color: #000000;\">Eu me orgulho muito dos amigos que fiz em toda minha caminhada. Se pude ajudar iniciantes, o fiz sempre com o cora\u00e7\u00e3o aberto. Valeu a pena? \u00c9 claro que valeu. Faria de novo? Faria tudo. Exatamente como fiz.<\/span><\/p>\t\t\t\t\t\t\t\t<\/div>\n\t\t\t\t<\/div>\n\t\t\t\t\t<\/div>\n\t\t<\/div>\n\t\t\t\t\t<\/div>\n\t\t<\/section>\n\t\t\t\t<section class=\"has_eae_slider elementor-section elementor-top-section elementor-element elementor-element-6b2d0664 elementor-section-boxed elementor-section-height-default elementor-section-height-default wpr-particle-no wpr-jarallax-no wpr-parallax-no wpr-sticky-section-no\" data-eae-slider=\"78862\" data-id=\"6b2d0664\" data-element_type=\"section\" data-settings=\"{&quot;_ha_eqh_enable&quot;:false}\">\n\t\t\t\t\t\t<div class=\"elementor-container elementor-column-gap-default\">\n\t\t\t\t\t<div class=\"has_eae_slider elementor-column elementor-col-100 elementor-top-column elementor-element elementor-element-1d69e113\" data-eae-slider=\"90508\" data-id=\"1d69e113\" data-element_type=\"column\">\n\t\t\t<div class=\"elementor-widget-wrap elementor-element-populated\">\n\t\t\t\t\t\t<div class=\"elementor-element elementor-element-29865a96 elementor-widget elementor-widget-text-editor\" data-id=\"29865a96\" data-element_type=\"widget\" data-widget_type=\"text-editor.default\">\n\t\t\t\t<div class=\"elementor-widget-container\">\n\t\t\t\t\t\t\t\t\t<p style=\"text-align: justify;\"><span style=\"color: #000000;\"><strong>DB &#8211; H\u00e1 pouqu\u00edssimos registros sobre a dublagem no Brasil, voc\u00ea vivenciou v\u00e1rias etapas, nunca pensou em escrever um livro de mem\u00f3rias?<br \/><\/strong><\/span><\/p>\t\t\t\t\t\t\t\t<\/div>\n\t\t\t\t<\/div>\n\t\t\t\t<div class=\"elementor-element elementor-element-7e5bcd5a elementor-widget elementor-widget-text-editor\" data-id=\"7e5bcd5a\" data-element_type=\"widget\" data-widget_type=\"text-editor.default\">\n\t\t\t\t<div class=\"elementor-widget-container\">\n\t\t\t\t\t\t\t\t\t<p style=\"text-align: justify;\"><span style=\"color: #000000;\"><strong>FJ<\/strong> &#8211; H\u00e1 pessoas que tamb\u00e9m viveram os fatos narrados e est\u00e3o vivas por a\u00ed para testemunhar. Eu mantive um blog durante algum tempo e pretendia contar fatos, alguns engra\u00e7ados, outros tristes, dos quais participei. <\/span><span style=\"color: #000000;\">Quando meu amigo Francisco Borges foi para o andar de cima, eu decretei a morte do meu blog. <\/span><\/p>\t\t\t\t\t\t\t\t<\/div>\n\t\t\t\t<\/div>\n\t\t\t\t\t<\/div>\n\t\t<\/div>\n\t\t\t\t\t<\/div>\n\t\t<\/section>\n\t\t\t\t<section class=\"has_eae_slider elementor-section elementor-top-section elementor-element elementor-element-5c742c4 elementor-section-boxed elementor-section-height-default elementor-section-height-default wpr-particle-no wpr-jarallax-no wpr-parallax-no wpr-sticky-section-no\" data-eae-slider=\"85714\" data-id=\"5c742c4\" data-element_type=\"section\" data-settings=\"{&quot;_ha_eqh_enable&quot;:false}\">\n\t\t\t\t\t\t<div class=\"elementor-container elementor-column-gap-default\">\n\t\t\t\t\t<div class=\"has_eae_slider elementor-column elementor-col-100 elementor-top-column elementor-element elementor-element-2f58d27c\" data-eae-slider=\"87893\" data-id=\"2f58d27c\" data-element_type=\"column\">\n\t\t\t<div class=\"elementor-widget-wrap elementor-element-populated\">\n\t\t\t\t\t\t<div class=\"elementor-element elementor-element-2c44b164 elementor-widget elementor-widget-text-editor\" data-id=\"2c44b164\" data-element_type=\"widget\" data-widget_type=\"text-editor.default\">\n\t\t\t\t<div class=\"elementor-widget-container\">\n\t\t\t\t\t\t\t\t\t<p style=\"text-align: justify;\"><span style=\"color: #000000;\"><strong>DB &#8211; Francisco Jos\u00e9, um grande abra\u00e7o e obrigado pelo bate papo?<br \/><\/strong><\/span><\/p>\t\t\t\t\t\t\t\t<\/div>\n\t\t\t\t<\/div>\n\t\t\t\t<div class=\"elementor-element elementor-element-6aef2a4b elementor-widget elementor-widget-text-editor\" data-id=\"6aef2a4b\" data-element_type=\"widget\" data-widget_type=\"text-editor.default\">\n\t\t\t\t<div class=\"elementor-widget-container\">\n\t\t\t\t\t\t\t\t\t<p style=\"text-align: justify;\"><span style=\"color: #000000;\"><strong>FJ<\/strong> &#8211; Abra\u00e7os<\/span><\/p>\t\t\t\t\t\t\t\t<\/div>\n\t\t\t\t<\/div>\n\t\t\t\t\t<\/div>\n\t\t<\/div>\n\t\t\t\t\t<\/div>\n\t\t<\/section>\n\t\t\t\t<\/div>\n\t\t","protected":false},"excerpt":{"rendered":"<p>Entrevista realizada por Marco Ant\u00f4nio Santos Francisco Jos\u00e9 Corr\u00eaa nasceu em 19 de Abril de 1940, em S\u00e3o Paulo, Capital.\u00a0 Mudou-se cedo para Po\u00e7os de Caldas, interior de S\u00e3o Paulo, onde fez pequenas narra\u00e7\u00f5es na r\u00e1dio da cidade. Nos anos 1950, mudou-se para Itanhandu (MG), aonde se encarregou do teatro do col\u00e9gio em que estudava. Em seguida, ingressou na TV Tupi na s\u00e9rie \u00c1guias de Fogo (1968) e por n\u00e3o ter conseguido dublar a si mesmo, resolveu aprender a t\u00e9cnica, dando in\u00edcio a uma nova etapa da sua carreira art\u00edstica, a dublagem. Em seriados Francisco Jos\u00e9 emprestou sua voz ao Chefe Francis Ethelbert Sharkey em Viagem ao Fundo do Mar, Emmett Ryker em O Homem de Virg\u00ednia, Harry Rule em The Protectors, Magistrado Carlos Galindo em Zorro, Inspetor Kobick em Terra de Gigantes, Capit\u00e3o Donald Cragen em Lei e Ordem, Silvio Dante em Fam\u00edlia Soprano, Almirante Al Calavicci em Contratempos, entre outros trabalhos. Fazendo desenhos animados foi o Panthro em Thundercats, Wolverine em X-Men, Coronel Trautman em Rambo, Skywarp em Transformers, Lex Luthor em Liga da Justi\u00e7a e Liga da Justi\u00e7a Sem Limites, Vulc\u00e3o Negro em Super Amigos, Bronquinha em Ursinhos Gummi, Dinkleberg em Os Padrinhos M\u00e1gicos, s\u00f3 para citar alguns. \u201cSe voc\u00ea acreditar, se a causa for justa, se o trabalho for honesto, o sucesso vir\u00e1!\u201d Francisco Jos\u00e9 DB \u2013 Dublagem Brasileira \u2013 Antes de come\u00e7ar na dublagem que outras atividades voc\u00ea desempenhou dublador? Francisco Jos\u00e9 &#8211; Tive outras profiss\u00f5es sabendo que seriam passageiras. Quando aparecesse a oportunidade de ser ator as profiss\u00f5es seriam abandonadas. Assim, fui aerovi\u00e1rio, comprador da Cosipa, jornalista (antes da regulamenta\u00e7\u00e3o da profiss\u00e3o), assistente de vendas de uma ind\u00fastria aliment\u00edcia. Em todas elas fui relativamente bem pago, mas o v\u00edrus j\u00e1 tinha me contaminado. Nos meus tempos de gin\u00e1sio eu j\u00e1 era um tremendo agitador de teatro. DB \u2013 Esse \u201cv\u00edrus art\u00edstico\u201d, quando voc\u00ea percebeu que j\u00e1 estava com ele? FJ &#8211; Eu era estudante e j\u00e1 vivia metido com r\u00e1dio. Onde eu morei, Po\u00e7os de Caldas, tamb\u00e9m me meti a locutor de r\u00e1dio, e dizem que eu n\u00e3o era t\u00e3o ruim&#8230; A TV n\u00e3o tinha chegado l\u00e1 ainda, mas eu ainda n\u00e3o tinha sido mordido pela mosca do teatro. Isso aconteceu quando fui transferido de cidade. Fui para um munic\u00edpio do sul de Minas, que n\u00e3o tinha r\u00e1dio, n\u00e3o tinha nada, Itanhandu, na \u00e9poca 5 mil habitantes mais ou menos. Ent\u00e3o a agita\u00e7\u00e3o cultural da cidade era feita por n\u00f3s, estudantes. Participei da funda\u00e7\u00e3o de um jornalzinho da cidade, me encarreguei do teatro do col\u00e9gio, eu estava em todas. DB &#8211; E quando come\u00e7ou a atuar? FJ &#8211; Em 1958, terminado o gin\u00e1sio, tive que voltar a S\u00e3o Paulo para iniciar minha vida adulta. Foi quando tive uma variedade de profiss\u00f5es. O artista ficou hibernando at\u00e9 1965. Apareceu minha primeira oportunidade de trabalhar como ator. Ap\u00f3s 2 meses de ensaio, a montagem da qual participaria foi proibida pela censura. Mas a\u00ed eu resolvi encarar a profiss\u00e3o. Fiz muitas radio-novelas para o interior, TV (saudosa TV Tupi). Participei da funda\u00e7\u00e3o de um grupo de teatro popular que existe at\u00e9 hoje em S\u00e3o Paulo, o TUOV. Em 1968, filmei um epis\u00f3dio de um seriado para a TV. A produ\u00e7\u00e3o era de Ary Fernandes, o mesmo de O Vigilante Rodovi\u00e1rio. S\u00f3 que era sobre a FAB. O seriado era \u00c1guias de Fogo e n\u00e3o teve o mesmo sucesso do Vigilante. Durante a filmagem eu soube que seria dublado. Insisti em me dublar. Foi um fiasco. Ap\u00f3s n\u00e3o sei quantas tentativas, o Garcia Neto disse para mim: &#8220;Meu filho, fa\u00e7a um favor para todos n\u00f3s; fique fazendo s\u00f3 teatro; dublagem voc\u00ea n\u00e3o consegue.&#8221; Isso foi na Odil Fono Brasil. Ent\u00e3o comecei a procurar um meio de poder ser aceito at\u00e9 que cheguei na AIC, para aprender a nova t\u00e9cnica. Francisco Jos\u00e9, importantes papeis em S\u00e3o Paulo e no Rio de Janeiro. DB &#8211; Quem te deu oportunidade a AIC? FJ &#8211; Fui recebido por Older Cazarr\u00e9, que me guiou nos primeiros passos. E tantos outros. Vou tentar n\u00e3o cometer nenhuma injusti\u00e7a omitindo nome de algu\u00e9m. Tamb\u00e9m me deram dicas preciosas: Fl\u00e1vio Galv\u00e3o, \u00c9zio Ramos, Wilson Ribeiro, Ary de Toledo, Olney Cazarr\u00e9, Aldo C\u00e9sar, Dr\u00e1usio de Oliveira, L\u00edbero Miguel, Jos\u00e9 Soares, Sergio Galv\u00e3o, Batista Linardi. Muitos ainda por aqui, outros j\u00e1 foram para o andar de cima. DB &#8211; Como voc\u00ea imagina, com a atual tecnologia, a dublagem realizada na AIC? FJ &#8211; Se naquela \u00e9poca houvesse a tecnologia atual, a dublagem seria imbat\u00edvel. Qualquer profissional s\u00f3 poderia ser assim, considerado se tivesse passado pela AIC. DB &#8211; O que melhorou na dublagem atual? FJ &#8211; Na dublagem atual, aparentemente, melhorou a rapidez. S\u00f3. Interpreta\u00e7\u00e3o nula. Emo\u00e7\u00e3o zero. Se voc\u00ea assistir a um filme dublado, j\u00e1 viu todos. As interpreta\u00e7\u00f5es s\u00e3o mec\u00e2nicas, sem alma. Qualidade? O que \u00e9 isso? Hoje o investimento para se montar uma dubladora \u00e9 bem menor. Mas tem-se que entrar na disputa de mercado e a\u00ed vira uma guerra, com todos querendo tirar vantagem&#8230; e todos perdendo. DB &#8211; O chefe Sharkey, da s\u00e9rie Viagem ao Fundo do Mar, foi o seu primeiro personagem fixo? Como voc\u00ea foi indicado? FJ &#8211; Eu fiz v\u00e1rios convidados e o chefe Sharkey n\u00e3o foi meu primeiro fixo. Meu primeiro fixo foi num seriado, que tamb\u00e9m n\u00e3o aconteceu, Cidade das Ilus\u00f5es. O chefe Sharkey me foi dado pelo Dr\u00e1usio de Oliveira. \u00c9 que o Garcia Neto estava sendo reintegrado na AIC, por ordem judicial. E o reencontro com o Garcia foi muito engra\u00e7ado, porque eu j\u00e1 tinha mudado de cara e j\u00e1 fazia tempo do epis\u00f3dio de \u00c1guias de Fogo. Garcia Neto foi um dos grandes amigos que fiz na vida; a amizade s\u00f3 foi interrompida porque ele teve que passar para o andar de cima. Muita saudade&#8230; DB &#8211; Antes de chegar a Herbert Richers em quais outros est\u00fadios voc\u00ea passou? FJ &#8211; Ainda em S\u00e3o Paulo, passei pela \u00c1lamo, Odil Fono Brasil e uma tentativa que houve de erguimento da profiss\u00e3o na COM-ART. Esta tentativa n\u00e3o<\/p>\n","protected":false},"author":3,"featured_media":22305,"comment_status":"open","ping_status":"open","sticky":false,"template":"","format":"standard","meta":{"_monsterinsights_skip_tracking":false,"_monsterinsights_sitenote_active":false,"_monsterinsights_sitenote_note":"","_monsterinsights_sitenote_category":0,"footnotes":""},"categories":[12],"tags":[33,29,78],"class_list":["post-22302","post","type-post","status-publish","format-standard","has-post-thumbnail","hentry","category-entrevistas","tag-dublador","tag-dubladores","tag-entrevista"],"yoast_head":"<!-- This site is optimized with the Yoast SEO plugin v26.1.1 - https:\/\/yoast.com\/wordpress\/plugins\/seo\/ -->\n<title>Entrevista: Francisco Jos\u00e9, a voz do Phantro em ThunderCats. | DB - Dublagem Brasileira<\/title>\n<meta name=\"description\" content=\"Um bate-papo com o dublador que fez importantes papeis na dublagem em S\u00e3o Paulo e no Rio de Janeiro.\" \/>\n<meta name=\"robots\" content=\"index, follow, max-snippet:-1, max-image-preview:large, max-video-preview:-1\" \/>\n<link rel=\"canonical\" href=\"https:\/\/dublagembrasileira.com.br\/?p=22302\" \/>\n<meta property=\"og:locale\" content=\"pt_BR\" \/>\n<meta property=\"og:type\" content=\"article\" \/>\n<meta property=\"og:title\" content=\"Entrevista: Francisco Jos\u00e9, a voz do Phantro em ThunderCats. | DB - Dublagem Brasileira\" \/>\n<meta property=\"og:description\" content=\"Um bate-papo com o dublador que fez importantes papeis na dublagem em S\u00e3o Paulo e no Rio de Janeiro.\" \/>\n<meta property=\"og:url\" content=\"https:\/\/dublagembrasileira.com.br\/?p=22302\" \/>\n<meta property=\"og:site_name\" content=\"DB - Dublagem Brasileira\" \/>\n<meta property=\"article:published_time\" content=\"2023-05-01T19:23:02+00:00\" \/>\n<meta property=\"article:modified_time\" content=\"2025-06-20T23:38:20+00:00\" \/>\n<meta property=\"og:image\" content=\"http:\/\/dublagembrasileira.com.br\/wp-content\/uploads\/2023\/05\/franciscojose.jpg\" \/>\n\t<meta property=\"og:image:width\" content=\"783\" \/>\n\t<meta property=\"og:image:height\" content=\"556\" \/>\n\t<meta property=\"og:image:type\" content=\"image\/jpeg\" \/>\n<meta name=\"author\" content=\"Marco Ant\u00f4nio dos Santos\" \/>\n<meta name=\"twitter:card\" content=\"summary_large_image\" \/>\n<meta name=\"twitter:label1\" content=\"Escrito por\" \/>\n\t<meta name=\"twitter:data1\" content=\"Marco Ant\u00f4nio dos Santos\" \/>\n\t<meta name=\"twitter:label2\" content=\"Est. tempo de leitura\" \/>\n\t<meta name=\"twitter:data2\" content=\"10 minutos\" \/>\n<script type=\"application\/ld+json\" class=\"yoast-schema-graph\">{\"@context\":\"https:\/\/schema.org\",\"@graph\":[{\"@type\":\"Article\",\"@id\":\"https:\/\/dublagembrasileira.com.br\/?p=22302#article\",\"isPartOf\":{\"@id\":\"https:\/\/dublagembrasileira.com.br\/?p=22302\"},\"author\":{\"name\":\"Marco Ant\u00f4nio dos Santos\",\"@id\":\"https:\/\/dublagembrasileira.com.br\/#\/schema\/person\/080d43b1dc7f787136d3a241eb3ab4e5\"},\"headline\":\"Entrevista: Francisco Jos\u00e9, a voz do Phantro em ThunderCats.\",\"datePublished\":\"2023-05-01T19:23:02+00:00\",\"dateModified\":\"2025-06-20T23:38:20+00:00\",\"mainEntityOfPage\":{\"@id\":\"https:\/\/dublagembrasileira.com.br\/?p=22302\"},\"wordCount\":1840,\"commentCount\":1,\"publisher\":{\"@id\":\"https:\/\/dublagembrasileira.com.br\/#organization\"},\"image\":{\"@id\":\"https:\/\/dublagembrasileira.com.br\/?p=22302#primaryimage\"},\"thumbnailUrl\":\"https:\/\/dublagembrasileira.com.br\/wp-content\/uploads\/2023\/05\/franciscojose.jpg\",\"keywords\":[\"dublador\",\"dubladores\",\"entrevista\"],\"articleSection\":[\"Entrevistas\"],\"inLanguage\":\"pt-BR\",\"potentialAction\":[{\"@type\":\"CommentAction\",\"name\":\"Comment\",\"target\":[\"https:\/\/dublagembrasileira.com.br\/?p=22302#respond\"]}]},{\"@type\":\"WebPage\",\"@id\":\"https:\/\/dublagembrasileira.com.br\/?p=22302\",\"url\":\"https:\/\/dublagembrasileira.com.br\/?p=22302\",\"name\":\"Entrevista: Francisco Jos\u00e9, a voz do Phantro em ThunderCats. | DB - Dublagem Brasileira\",\"isPartOf\":{\"@id\":\"https:\/\/dublagembrasileira.com.br\/#website\"},\"primaryImageOfPage\":{\"@id\":\"https:\/\/dublagembrasileira.com.br\/?p=22302#primaryimage\"},\"image\":{\"@id\":\"https:\/\/dublagembrasileira.com.br\/?p=22302#primaryimage\"},\"thumbnailUrl\":\"https:\/\/dublagembrasileira.com.br\/wp-content\/uploads\/2023\/05\/franciscojose.jpg\",\"datePublished\":\"2023-05-01T19:23:02+00:00\",\"dateModified\":\"2025-06-20T23:38:20+00:00\",\"description\":\"Um bate-papo com o dublador que fez importantes papeis na dublagem em S\u00e3o Paulo e no Rio de Janeiro.\",\"breadcrumb\":{\"@id\":\"https:\/\/dublagembrasileira.com.br\/?p=22302#breadcrumb\"},\"inLanguage\":\"pt-BR\",\"potentialAction\":[{\"@type\":\"ReadAction\",\"target\":[\"https:\/\/dublagembrasileira.com.br\/?p=22302\"]}]},{\"@type\":\"ImageObject\",\"inLanguage\":\"pt-BR\",\"@id\":\"https:\/\/dublagembrasileira.com.br\/?p=22302#primaryimage\",\"url\":\"https:\/\/dublagembrasileira.com.br\/wp-content\/uploads\/2023\/05\/franciscojose.jpg\",\"contentUrl\":\"https:\/\/dublagembrasileira.com.br\/wp-content\/uploads\/2023\/05\/franciscojose.jpg\",\"width\":783,\"height\":556,\"caption\":\"Francisco Jos\u00e9, importantes papeis em S\u00e3o Paulo e no Rio de Janeiro.\"},{\"@type\":\"BreadcrumbList\",\"@id\":\"https:\/\/dublagembrasileira.com.br\/?p=22302#breadcrumb\",\"itemListElement\":[{\"@type\":\"ListItem\",\"position\":1,\"name\":\"In\u00edcio\",\"item\":\"https:\/\/dublagembrasileira.com.br\/\"},{\"@type\":\"ListItem\",\"position\":2,\"name\":\"Entrevista: Francisco Jos\u00e9, a voz do Phantro em ThunderCats.\"}]},{\"@type\":\"WebSite\",\"@id\":\"https:\/\/dublagembrasileira.com.br\/#website\",\"url\":\"https:\/\/dublagembrasileira.com.br\/\",\"name\":\"DB - Dublagem Brasileira\",\"description\":\"O seu portal de dublagem.\",\"publisher\":{\"@id\":\"https:\/\/dublagembrasileira.com.br\/#organization\"},\"potentialAction\":[{\"@type\":\"SearchAction\",\"target\":{\"@type\":\"EntryPoint\",\"urlTemplate\":\"https:\/\/dublagembrasileira.com.br\/?s={search_term_string}\"},\"query-input\":{\"@type\":\"PropertyValueSpecification\",\"valueRequired\":true,\"valueName\":\"search_term_string\"}}],\"inLanguage\":\"pt-BR\"},{\"@type\":\"Organization\",\"@id\":\"https:\/\/dublagembrasileira.com.br\/#organization\",\"name\":\"DB - Dublagem Brasileira\",\"url\":\"https:\/\/dublagembrasileira.com.br\/\",\"logo\":{\"@type\":\"ImageObject\",\"inLanguage\":\"pt-BR\",\"@id\":\"https:\/\/dublagembrasileira.com.br\/#\/schema\/logo\/image\/\",\"url\":\"https:\/\/dublagembrasileira.com.br\/wp-content\/uploads\/2019\/07\/cropped-logotipodb.png\",\"contentUrl\":\"https:\/\/dublagembrasileira.com.br\/wp-content\/uploads\/2019\/07\/cropped-logotipodb.png\",\"width\":946,\"height\":589,\"caption\":\"DB - Dublagem Brasileira\"},\"image\":{\"@id\":\"https:\/\/dublagembrasileira.com.br\/#\/schema\/logo\/image\/\"}},{\"@type\":\"Person\",\"@id\":\"https:\/\/dublagembrasileira.com.br\/#\/schema\/person\/080d43b1dc7f787136d3a241eb3ab4e5\",\"name\":\"Marco Ant\u00f4nio dos Santos\",\"image\":{\"@type\":\"ImageObject\",\"inLanguage\":\"pt-BR\",\"@id\":\"https:\/\/dublagembrasileira.com.br\/#\/schema\/person\/image\/\",\"url\":\"http:\/\/dublagembrasileira.com.br\/wp-content\/uploads\/2020\/05\/marcoantonio-96x96.jpg\",\"contentUrl\":\"http:\/\/dublagembrasileira.com.br\/wp-content\/uploads\/2020\/05\/marcoantonio-96x96.jpg\",\"caption\":\"Marco Ant\u00f4nio dos Santos\"},\"description\":\"Professor, pesquisador de dublagem e respons\u00e1vel pelo blog Universo AIC.\",\"url\":\"https:\/\/dublagembrasileira.com.br\/?author=3\"}]}<\/script>\n<!-- \/ Yoast SEO plugin. -->","yoast_head_json":{"title":"Entrevista: Francisco Jos\u00e9, a voz do Phantro em ThunderCats. | DB - Dublagem Brasileira","description":"Um bate-papo com o dublador que fez importantes papeis na dublagem em S\u00e3o Paulo e no Rio de Janeiro.","robots":{"index":"index","follow":"follow","max-snippet":"max-snippet:-1","max-image-preview":"max-image-preview:large","max-video-preview":"max-video-preview:-1"},"canonical":"https:\/\/dublagembrasileira.com.br\/?p=22302","og_locale":"pt_BR","og_type":"article","og_title":"Entrevista: Francisco Jos\u00e9, a voz do Phantro em ThunderCats. | DB - Dublagem Brasileira","og_description":"Um bate-papo com o dublador que fez importantes papeis na dublagem em S\u00e3o Paulo e no Rio de Janeiro.","og_url":"https:\/\/dublagembrasileira.com.br\/?p=22302","og_site_name":"DB - Dublagem Brasileira","article_published_time":"2023-05-01T19:23:02+00:00","article_modified_time":"2025-06-20T23:38:20+00:00","og_image":[{"width":783,"height":556,"url":"http:\/\/dublagembrasileira.com.br\/wp-content\/uploads\/2023\/05\/franciscojose.jpg","type":"image\/jpeg"}],"author":"Marco Ant\u00f4nio dos Santos","twitter_card":"summary_large_image","twitter_misc":{"Escrito por":"Marco Ant\u00f4nio dos Santos","Est. tempo de leitura":"10 minutos"},"schema":{"@context":"https:\/\/schema.org","@graph":[{"@type":"Article","@id":"https:\/\/dublagembrasileira.com.br\/?p=22302#article","isPartOf":{"@id":"https:\/\/dublagembrasileira.com.br\/?p=22302"},"author":{"name":"Marco Ant\u00f4nio dos Santos","@id":"https:\/\/dublagembrasileira.com.br\/#\/schema\/person\/080d43b1dc7f787136d3a241eb3ab4e5"},"headline":"Entrevista: Francisco Jos\u00e9, a voz do Phantro em ThunderCats.","datePublished":"2023-05-01T19:23:02+00:00","dateModified":"2025-06-20T23:38:20+00:00","mainEntityOfPage":{"@id":"https:\/\/dublagembrasileira.com.br\/?p=22302"},"wordCount":1840,"commentCount":1,"publisher":{"@id":"https:\/\/dublagembrasileira.com.br\/#organization"},"image":{"@id":"https:\/\/dublagembrasileira.com.br\/?p=22302#primaryimage"},"thumbnailUrl":"https:\/\/dublagembrasileira.com.br\/wp-content\/uploads\/2023\/05\/franciscojose.jpg","keywords":["dublador","dubladores","entrevista"],"articleSection":["Entrevistas"],"inLanguage":"pt-BR","potentialAction":[{"@type":"CommentAction","name":"Comment","target":["https:\/\/dublagembrasileira.com.br\/?p=22302#respond"]}]},{"@type":"WebPage","@id":"https:\/\/dublagembrasileira.com.br\/?p=22302","url":"https:\/\/dublagembrasileira.com.br\/?p=22302","name":"Entrevista: Francisco Jos\u00e9, a voz do Phantro em ThunderCats. | DB - Dublagem Brasileira","isPartOf":{"@id":"https:\/\/dublagembrasileira.com.br\/#website"},"primaryImageOfPage":{"@id":"https:\/\/dublagembrasileira.com.br\/?p=22302#primaryimage"},"image":{"@id":"https:\/\/dublagembrasileira.com.br\/?p=22302#primaryimage"},"thumbnailUrl":"https:\/\/dublagembrasileira.com.br\/wp-content\/uploads\/2023\/05\/franciscojose.jpg","datePublished":"2023-05-01T19:23:02+00:00","dateModified":"2025-06-20T23:38:20+00:00","description":"Um bate-papo com o dublador que fez importantes papeis na dublagem em S\u00e3o Paulo e no Rio de Janeiro.","breadcrumb":{"@id":"https:\/\/dublagembrasileira.com.br\/?p=22302#breadcrumb"},"inLanguage":"pt-BR","potentialAction":[{"@type":"ReadAction","target":["https:\/\/dublagembrasileira.com.br\/?p=22302"]}]},{"@type":"ImageObject","inLanguage":"pt-BR","@id":"https:\/\/dublagembrasileira.com.br\/?p=22302#primaryimage","url":"https:\/\/dublagembrasileira.com.br\/wp-content\/uploads\/2023\/05\/franciscojose.jpg","contentUrl":"https:\/\/dublagembrasileira.com.br\/wp-content\/uploads\/2023\/05\/franciscojose.jpg","width":783,"height":556,"caption":"Francisco Jos\u00e9, importantes papeis em S\u00e3o Paulo e no Rio de Janeiro."},{"@type":"BreadcrumbList","@id":"https:\/\/dublagembrasileira.com.br\/?p=22302#breadcrumb","itemListElement":[{"@type":"ListItem","position":1,"name":"In\u00edcio","item":"https:\/\/dublagembrasileira.com.br\/"},{"@type":"ListItem","position":2,"name":"Entrevista: Francisco Jos\u00e9, a voz do Phantro em ThunderCats."}]},{"@type":"WebSite","@id":"https:\/\/dublagembrasileira.com.br\/#website","url":"https:\/\/dublagembrasileira.com.br\/","name":"DB - Dublagem Brasileira","description":"O seu portal de dublagem.","publisher":{"@id":"https:\/\/dublagembrasileira.com.br\/#organization"},"potentialAction":[{"@type":"SearchAction","target":{"@type":"EntryPoint","urlTemplate":"https:\/\/dublagembrasileira.com.br\/?s={search_term_string}"},"query-input":{"@type":"PropertyValueSpecification","valueRequired":true,"valueName":"search_term_string"}}],"inLanguage":"pt-BR"},{"@type":"Organization","@id":"https:\/\/dublagembrasileira.com.br\/#organization","name":"DB - Dublagem Brasileira","url":"https:\/\/dublagembrasileira.com.br\/","logo":{"@type":"ImageObject","inLanguage":"pt-BR","@id":"https:\/\/dublagembrasileira.com.br\/#\/schema\/logo\/image\/","url":"https:\/\/dublagembrasileira.com.br\/wp-content\/uploads\/2019\/07\/cropped-logotipodb.png","contentUrl":"https:\/\/dublagembrasileira.com.br\/wp-content\/uploads\/2019\/07\/cropped-logotipodb.png","width":946,"height":589,"caption":"DB - Dublagem Brasileira"},"image":{"@id":"https:\/\/dublagembrasileira.com.br\/#\/schema\/logo\/image\/"}},{"@type":"Person","@id":"https:\/\/dublagembrasileira.com.br\/#\/schema\/person\/080d43b1dc7f787136d3a241eb3ab4e5","name":"Marco Ant\u00f4nio dos Santos","image":{"@type":"ImageObject","inLanguage":"pt-BR","@id":"https:\/\/dublagembrasileira.com.br\/#\/schema\/person\/image\/","url":"http:\/\/dublagembrasileira.com.br\/wp-content\/uploads\/2020\/05\/marcoantonio-96x96.jpg","contentUrl":"http:\/\/dublagembrasileira.com.br\/wp-content\/uploads\/2020\/05\/marcoantonio-96x96.jpg","caption":"Marco Ant\u00f4nio dos Santos"},"description":"Professor, pesquisador de dublagem e respons\u00e1vel pelo blog Universo AIC.","url":"https:\/\/dublagembrasileira.com.br\/?author=3"}]}},"rttpg_featured_image_url":{"full":["https:\/\/dublagembrasileira.com.br\/wp-content\/uploads\/2023\/05\/franciscojose.jpg",783,556,false],"landscape":["https:\/\/dublagembrasileira.com.br\/wp-content\/uploads\/2023\/05\/franciscojose.jpg",783,556,false],"portraits":["https:\/\/dublagembrasileira.com.br\/wp-content\/uploads\/2023\/05\/franciscojose.jpg",783,556,false],"thumbnail":["https:\/\/dublagembrasileira.com.br\/wp-content\/uploads\/2023\/05\/franciscojose-150x150.jpg",150,150,true],"medium":["https:\/\/dublagembrasileira.com.br\/wp-content\/uploads\/2023\/05\/franciscojose-300x213.jpg",300,213,true],"large":["https:\/\/dublagembrasileira.com.br\/wp-content\/uploads\/2023\/05\/franciscojose.jpg",640,454,false],"1536x1536":["https:\/\/dublagembrasileira.com.br\/wp-content\/uploads\/2023\/05\/franciscojose.jpg",783,556,false],"2048x2048":["https:\/\/dublagembrasileira.com.br\/wp-content\/uploads\/2023\/05\/franciscojose.jpg",783,556,false],"eggnews-slider-large":["https:\/\/dublagembrasileira.com.br\/wp-content\/uploads\/2023\/05\/franciscojose.jpg",783,556,false],"eggnews-featured-medium":["https:\/\/dublagembrasileira.com.br\/wp-content\/uploads\/2023\/05\/franciscojose-420x307.jpg",420,307,true],"eggnews-featured-long":["https:\/\/dublagembrasileira.com.br\/wp-content\/uploads\/2023\/05\/franciscojose-300x443.jpg",300,443,true],"eggnews-block-medium":["https:\/\/dublagembrasileira.com.br\/wp-content\/uploads\/2023\/05\/franciscojose-464x290.jpg",464,290,true],"eggnews-carousel-image":["https:\/\/dublagembrasileira.com.br\/wp-content\/uploads\/2023\/05\/franciscojose-600x500.jpg",600,500,true],"eggnews-block-thumb":["https:\/\/dublagembrasileira.com.br\/wp-content\/uploads\/2023\/05\/franciscojose-322x230.jpg",322,230,true],"eggnews-single-large":["https:\/\/dublagembrasileira.com.br\/wp-content\/uploads\/2023\/05\/franciscojose.jpg",783,556,false],"crp_thumbnail":["https:\/\/dublagembrasileira.com.br\/wp-content\/uploads\/2023\/05\/franciscojose-150x150.jpg",150,150,true]},"rttpg_author":{"display_name":"Marco Ant\u00f4nio dos Santos","author_link":"https:\/\/dublagembrasileira.com.br\/?author=3"},"rttpg_comment":4,"rttpg_category":"<a href=\"https:\/\/dublagembrasileira.com.br\/?cat=12\" rel=\"category\">Entrevistas<\/a>","rttpg_excerpt":"Entrevista realizada por Marco Ant\u00f4nio Santos Francisco Jos\u00e9 Corr\u00eaa nasceu em 19 de Abril de 1940, em S\u00e3o Paulo, Capital.\u00a0 Mudou-se cedo para Po\u00e7os de Caldas, interior de S\u00e3o Paulo, onde fez pequenas narra\u00e7\u00f5es na r\u00e1dio da cidade. Nos anos 1950, mudou-se para Itanhandu (MG), aonde se encarregou do teatro do col\u00e9gio em que estudava.&hellip;","_links":{"self":[{"href":"https:\/\/dublagembrasileira.com.br\/index.php?rest_route=\/wp\/v2\/posts\/22302","targetHints":{"allow":["GET"]}}],"collection":[{"href":"https:\/\/dublagembrasileira.com.br\/index.php?rest_route=\/wp\/v2\/posts"}],"about":[{"href":"https:\/\/dublagembrasileira.com.br\/index.php?rest_route=\/wp\/v2\/types\/post"}],"author":[{"embeddable":true,"href":"https:\/\/dublagembrasileira.com.br\/index.php?rest_route=\/wp\/v2\/users\/3"}],"replies":[{"embeddable":true,"href":"https:\/\/dublagembrasileira.com.br\/index.php?rest_route=%2Fwp%2Fv2%2Fcomments&post=22302"}],"version-history":[{"count":3,"href":"https:\/\/dublagembrasileira.com.br\/index.php?rest_route=\/wp\/v2\/posts\/22302\/revisions"}],"predecessor-version":[{"id":22308,"href":"https:\/\/dublagembrasileira.com.br\/index.php?rest_route=\/wp\/v2\/posts\/22302\/revisions\/22308"}],"wp:featuredmedia":[{"embeddable":true,"href":"https:\/\/dublagembrasileira.com.br\/index.php?rest_route=\/wp\/v2\/media\/22305"}],"wp:attachment":[{"href":"https:\/\/dublagembrasileira.com.br\/index.php?rest_route=%2Fwp%2Fv2%2Fmedia&parent=22302"}],"wp:term":[{"taxonomy":"category","embeddable":true,"href":"https:\/\/dublagembrasileira.com.br\/index.php?rest_route=%2Fwp%2Fv2%2Fcategories&post=22302"},{"taxonomy":"post_tag","embeddable":true,"href":"https:\/\/dublagembrasileira.com.br\/index.php?rest_route=%2Fwp%2Fv2%2Ftags&post=22302"}],"curies":[{"name":"wp","href":"https:\/\/api.w.org\/{rel}","templated":true}]}}