{"id":2048,"date":"2019-08-15T22:51:35","date_gmt":"2019-08-15T22:51:35","guid":{"rendered":"http:\/\/dublagembrasileira.com.br\/?p=2048"},"modified":"2019-08-16T13:07:55","modified_gmt":"2019-08-16T13:07:55","slug":"wendel-bezerra-e-apresentado-a-marlon-wayans-no-de-noite","status":"publish","type":"post","link":"https:\/\/dublagembrasileira.com.br\/?p=2048","title":{"rendered":"Wendel Bezerra \u00e9 apresentado a Marlon Wayans no &#8220;The Noite&#8221;."},"content":{"rendered":"<h4><em>Dublador de Wayans no filme <strong>&#8220;Seis Vezes Confus\u00e3o&#8221; fala sobre a dificuldade de adaptar as falas do ator nessa produ\u00e7\u00e3o.<\/strong><\/em><\/h4>\n<hr \/>\n<p style=\"text-align: justify;\">No programa \u201cThe Noite\u201d de ontem (14) o convidado de Danilo Gentili foi o ator internacional Marlon Wayans. O protagonista do sucesso <strong>As Branquelas<\/strong> veio ao palco do SBT para divulgar seu novo filme, <a href=\"https:\/\/www.netflix.com\/br\/title\/80231419\"><strong>Seis Vezes Confus\u00e3o<\/strong><\/a>, com\u00e9dia dirigida por Michael Tiddes.<\/p>\n<p style=\"text-align: justify;\">O ator falou sobre a dificuldade de fazer seis papeis \u201c\u00e0s vezes tinha um ator (que contracenava com ele) e \u00e0s vezes era s\u00f3 um peda\u00e7o de pau. Fazia a cena e tinha que lembrar a sequ\u00eancia anterior e reagir na sequ\u00eancia seguinte.\u201d Confessa que foi o filme mais dif\u00edcil que j\u00e1 fez.<\/p>\n<p style=\"text-align: justify;\">Em determinado momento da entrevista Danilo apresentou a Marlon seu dublador brasileiro no filme, Wendel Bezerra, que tamb\u00e9m comentou sobre a complexidade de dubl\u00e1-lo na produ\u00e7\u00e3o: &#8220;s\u00e3o 38 anos de dublagem&#8230;\u00e9 o filme mais dif\u00edcil que eu j\u00e1 dublei&#8230; porque na verdade eram sete personagens, eram seis mais a m\u00e3e que ele fez tamb\u00e9m, a\u00ed tem a mudan\u00e7a de voz a mudan\u00e7a de ritmo&#8230;&#8221;.<\/p>\n<p style=\"text-align: justify;\">Wendel ainda contou para\u00a0Danilo Gentili sobre a adapta\u00e7\u00e3o do texto para a realidade brasileira e sobre a rapidez com que Marlon Wayans usa nas suas falas, o que dificultou ainda mais o trabalho.<\/p>\n<p><a href=\"https:\/\/www.netflix.com\/br\/title\/80231419\"><strong>Seis Vezes Confus\u00e3o<\/strong><\/a> estreia na Netflix dia 16 de agosto.<\/p>\n","protected":false},"excerpt":{"rendered":"<p>Dublador de Wayans no filme &#8220;Seis Vezes Confus\u00e3o&#8221; fala sobre a dificuldade de adaptar as falas do ator nessa produ\u00e7\u00e3o. No programa \u201cThe Noite\u201d de ontem (14) o convidado de Danilo Gentili foi o ator internacional Marlon Wayans. O protagonista do sucesso As Branquelas veio ao palco do SBT para divulgar seu novo filme, Seis Vezes Confus\u00e3o, com\u00e9dia dirigida por Michael Tiddes. O ator falou sobre a dificuldade de fazer seis papeis \u201c\u00e0s vezes tinha um ator (que contracenava com ele) e \u00e0s vezes era s\u00f3 um peda\u00e7o de pau. Fazia a cena e tinha que lembrar a sequ\u00eancia anterior e reagir na sequ\u00eancia seguinte.\u201d Confessa que foi o filme mais dif\u00edcil que j\u00e1 fez. Em determinado momento da entrevista Danilo apresentou a Marlon seu dublador brasileiro no filme, Wendel Bezerra, que tamb\u00e9m comentou sobre a complexidade de dubl\u00e1-lo na produ\u00e7\u00e3o: &#8220;s\u00e3o 38 anos de dublagem&#8230;\u00e9 o filme mais dif\u00edcil que eu j\u00e1 dublei&#8230; porque na verdade eram sete personagens, eram seis mais a m\u00e3e que ele fez tamb\u00e9m, a\u00ed tem a mudan\u00e7a de voz a mudan\u00e7a de ritmo&#8230;&#8221;. Wendel ainda contou para\u00a0Danilo Gentili sobre a adapta\u00e7\u00e3o do texto para a realidade brasileira e sobre a rapidez com que Marlon Wayans usa nas suas falas, o que dificultou ainda mais o trabalho. Seis Vezes Confus\u00e3o estreia na Netflix dia 16 de agosto.<\/p>\n","protected":false},"author":4,"featured_media":2049,"comment_status":"open","ping_status":"open","sticky":false,"template":"","format":"standard","meta":{"_monsterinsights_skip_tracking":false,"_monsterinsights_sitenote_active":false,"_monsterinsights_sitenote_note":"","_monsterinsights_sitenote_category":0,"footnotes":""},"categories":[21,2,13,9,158],"tags":[127,124,33,34,27,98,159,37],"class_list":["post-2048","post","type-post","status-publish","format-standard","has-post-thumbnail","hentry","category-acontece","category-filmes","category-noticias","category-outras-midias","category-streaming","tag-dubla","tag-dublado","tag-dublador","tag-dubladora","tag-dublagem","tag-netflix","tag-streaming","tag-televisao"],"yoast_head":"<!-- This site is optimized with the Yoast SEO plugin v26.1.1 - https:\/\/yoast.com\/wordpress\/plugins\/seo\/ -->\n<title>Wendel Bezerra \u00e9 apresentado a Marlon Wayans no &quot;The Noite&quot;. | DB - Dublagem Brasileira<\/title>\n<meta name=\"description\" content=\"Wendel Bezerra \u00e9 apresentado a Marlon Wayans no &quot;De Noite&quot; e fala sobre a dificuldade de adaptar as falas do ator em Seis Vezes Confus\u00e3o.\" \/>\n<meta name=\"robots\" content=\"index, follow, max-snippet:-1, max-image-preview:large, max-video-preview:-1\" \/>\n<link rel=\"canonical\" href=\"https:\/\/dublagembrasileira.com.br\/?p=2048\" \/>\n<meta property=\"og:locale\" content=\"pt_BR\" \/>\n<meta property=\"og:type\" content=\"article\" \/>\n<meta property=\"og:title\" content=\"Wendel Bezerra \u00e9 apresentado a Marlon Wayans no &quot;The Noite&quot;. | DB - Dublagem Brasileira\" \/>\n<meta property=\"og:description\" content=\"Wendel Bezerra \u00e9 apresentado a Marlon Wayans no &quot;De Noite&quot; e fala sobre a dificuldade de adaptar as falas do ator em Seis Vezes Confus\u00e3o.\" \/>\n<meta property=\"og:url\" content=\"https:\/\/dublagembrasileira.com.br\/?p=2048\" \/>\n<meta property=\"og:site_name\" content=\"DB - Dublagem Brasileira\" \/>\n<meta property=\"article:author\" content=\"https:\/\/www.facebook.com\/dublagembrasileira\" \/>\n<meta property=\"article:published_time\" content=\"2019-08-15T22:51:35+00:00\" \/>\n<meta property=\"article:modified_time\" content=\"2019-08-16T13:07:55+00:00\" \/>\n<meta property=\"og:image\" content=\"https:\/\/dublagembrasileira.com.br\/wp-content\/uploads\/2019\/08\/wendel_bezerra.jpg\" \/>\n\t<meta property=\"og:image:width\" content=\"704\" \/>\n\t<meta property=\"og:image:height\" content=\"496\" \/>\n\t<meta property=\"og:image:type\" content=\"image\/jpeg\" \/>\n<meta name=\"author\" content=\"Reda\u00e7\u00e3o\" \/>\n<meta name=\"twitter:card\" content=\"summary_large_image\" \/>\n<meta name=\"twitter:creator\" content=\"@dbdublagem\" \/>\n<meta name=\"twitter:label1\" content=\"Escrito por\" \/>\n\t<meta name=\"twitter:data1\" content=\"Reda\u00e7\u00e3o\" \/>\n\t<meta name=\"twitter:label2\" content=\"Est. tempo de leitura\" \/>\n\t<meta name=\"twitter:data2\" content=\"1 minuto\" \/>\n<script type=\"application\/ld+json\" class=\"yoast-schema-graph\">{\"@context\":\"https:\/\/schema.org\",\"@graph\":[{\"@type\":\"Article\",\"@id\":\"https:\/\/dublagembrasileira.com.br\/?p=2048#article\",\"isPartOf\":{\"@id\":\"https:\/\/dublagembrasileira.com.br\/?p=2048\"},\"author\":{\"name\":\"Reda\u00e7\u00e3o\",\"@id\":\"https:\/\/dublagembrasileira.com.br\/#\/schema\/person\/a75bac594c0e9a0b96508b7e124f20d1\"},\"headline\":\"Wendel Bezerra \u00e9 apresentado a Marlon Wayans no &#8220;The Noite&#8221;.\",\"datePublished\":\"2019-08-15T22:51:35+00:00\",\"dateModified\":\"2019-08-16T13:07:55+00:00\",\"mainEntityOfPage\":{\"@id\":\"https:\/\/dublagembrasileira.com.br\/?p=2048\"},\"wordCount\":248,\"commentCount\":0,\"publisher\":{\"@id\":\"https:\/\/dublagembrasileira.com.br\/#organization\"},\"image\":{\"@id\":\"https:\/\/dublagembrasileira.com.br\/?p=2048#primaryimage\"},\"thumbnailUrl\":\"https:\/\/dublagembrasileira.com.br\/wp-content\/uploads\/2019\/08\/wendel_bezerra.jpg\",\"keywords\":[\"dubla\",\"dublado\",\"dublador\",\"dubladora\",\"dublagem\",\"netflix\",\"streaming\",\"televis\u00e3o\"],\"articleSection\":[\"Acontece\",\"Filmes\",\"Not\u00edcias\",\"Outras m\u00eddias\",\"Streaming\"],\"inLanguage\":\"pt-BR\",\"potentialAction\":[{\"@type\":\"CommentAction\",\"name\":\"Comment\",\"target\":[\"https:\/\/dublagembrasileira.com.br\/?p=2048#respond\"]}]},{\"@type\":\"WebPage\",\"@id\":\"https:\/\/dublagembrasileira.com.br\/?p=2048\",\"url\":\"https:\/\/dublagembrasileira.com.br\/?p=2048\",\"name\":\"Wendel Bezerra \u00e9 apresentado a Marlon Wayans no \\\"The Noite\\\". | DB - Dublagem Brasileira\",\"isPartOf\":{\"@id\":\"https:\/\/dublagembrasileira.com.br\/#website\"},\"primaryImageOfPage\":{\"@id\":\"https:\/\/dublagembrasileira.com.br\/?p=2048#primaryimage\"},\"image\":{\"@id\":\"https:\/\/dublagembrasileira.com.br\/?p=2048#primaryimage\"},\"thumbnailUrl\":\"https:\/\/dublagembrasileira.com.br\/wp-content\/uploads\/2019\/08\/wendel_bezerra.jpg\",\"datePublished\":\"2019-08-15T22:51:35+00:00\",\"dateModified\":\"2019-08-16T13:07:55+00:00\",\"description\":\"Wendel Bezerra \u00e9 apresentado a Marlon Wayans no \\\"De Noite\\\" e fala sobre a dificuldade de adaptar as falas do ator em Seis Vezes Confus\u00e3o.\",\"breadcrumb\":{\"@id\":\"https:\/\/dublagembrasileira.com.br\/?p=2048#breadcrumb\"},\"inLanguage\":\"pt-BR\",\"potentialAction\":[{\"@type\":\"ReadAction\",\"target\":[\"https:\/\/dublagembrasileira.com.br\/?p=2048\"]}]},{\"@type\":\"ImageObject\",\"inLanguage\":\"pt-BR\",\"@id\":\"https:\/\/dublagembrasileira.com.br\/?p=2048#primaryimage\",\"url\":\"https:\/\/dublagembrasileira.com.br\/wp-content\/uploads\/2019\/08\/wendel_bezerra.jpg\",\"contentUrl\":\"https:\/\/dublagembrasileira.com.br\/wp-content\/uploads\/2019\/08\/wendel_bezerra.jpg\",\"width\":704,\"height\":496},{\"@type\":\"BreadcrumbList\",\"@id\":\"https:\/\/dublagembrasileira.com.br\/?p=2048#breadcrumb\",\"itemListElement\":[{\"@type\":\"ListItem\",\"position\":1,\"name\":\"In\u00edcio\",\"item\":\"https:\/\/dublagembrasileira.com.br\/\"},{\"@type\":\"ListItem\",\"position\":2,\"name\":\"Wendel Bezerra \u00e9 apresentado a Marlon Wayans no &#8220;The Noite&#8221;.\"}]},{\"@type\":\"WebSite\",\"@id\":\"https:\/\/dublagembrasileira.com.br\/#website\",\"url\":\"https:\/\/dublagembrasileira.com.br\/\",\"name\":\"DB - Dublagem Brasileira\",\"description\":\"O seu portal de dublagem.\",\"publisher\":{\"@id\":\"https:\/\/dublagembrasileira.com.br\/#organization\"},\"potentialAction\":[{\"@type\":\"SearchAction\",\"target\":{\"@type\":\"EntryPoint\",\"urlTemplate\":\"https:\/\/dublagembrasileira.com.br\/?s={search_term_string}\"},\"query-input\":{\"@type\":\"PropertyValueSpecification\",\"valueRequired\":true,\"valueName\":\"search_term_string\"}}],\"inLanguage\":\"pt-BR\"},{\"@type\":\"Organization\",\"@id\":\"https:\/\/dublagembrasileira.com.br\/#organization\",\"name\":\"DB - Dublagem Brasileira\",\"url\":\"https:\/\/dublagembrasileira.com.br\/\",\"logo\":{\"@type\":\"ImageObject\",\"inLanguage\":\"pt-BR\",\"@id\":\"https:\/\/dublagembrasileira.com.br\/#\/schema\/logo\/image\/\",\"url\":\"https:\/\/dublagembrasileira.com.br\/wp-content\/uploads\/2019\/07\/cropped-logotipodb.png\",\"contentUrl\":\"https:\/\/dublagembrasileira.com.br\/wp-content\/uploads\/2019\/07\/cropped-logotipodb.png\",\"width\":946,\"height\":589,\"caption\":\"DB - Dublagem Brasileira\"},\"image\":{\"@id\":\"https:\/\/dublagembrasileira.com.br\/#\/schema\/logo\/image\/\"}},{\"@type\":\"Person\",\"@id\":\"https:\/\/dublagembrasileira.com.br\/#\/schema\/person\/a75bac594c0e9a0b96508b7e124f20d1\",\"name\":\"Reda\u00e7\u00e3o\",\"image\":{\"@type\":\"ImageObject\",\"inLanguage\":\"pt-BR\",\"@id\":\"https:\/\/dublagembrasileira.com.br\/#\/schema\/person\/image\/\",\"url\":\"http:\/\/dublagembrasileira.com.br\/wp-content\/uploads\/2025\/06\/admin-96x96.jpg\",\"contentUrl\":\"http:\/\/dublagembrasileira.com.br\/wp-content\/uploads\/2025\/06\/admin-96x96.jpg\",\"caption\":\"Reda\u00e7\u00e3o\"},\"description\":\"Equipe do DB.\",\"sameAs\":[\"https:\/\/www.facebook.com\/dublagembrasileira\",\"https:\/\/www.instagram.com\/dbdublagembrasileira\",\"https:\/\/x.com\/dbdublagem\"],\"url\":\"https:\/\/dublagembrasileira.com.br\/?author=4\"}]}<\/script>\n<!-- \/ Yoast SEO plugin. -->","yoast_head_json":{"title":"Wendel Bezerra \u00e9 apresentado a Marlon Wayans no \"The Noite\". | DB - Dublagem Brasileira","description":"Wendel Bezerra \u00e9 apresentado a Marlon Wayans no \"De Noite\" e fala sobre a dificuldade de adaptar as falas do ator em Seis Vezes Confus\u00e3o.","robots":{"index":"index","follow":"follow","max-snippet":"max-snippet:-1","max-image-preview":"max-image-preview:large","max-video-preview":"max-video-preview:-1"},"canonical":"https:\/\/dublagembrasileira.com.br\/?p=2048","og_locale":"pt_BR","og_type":"article","og_title":"Wendel Bezerra \u00e9 apresentado a Marlon Wayans no \"The Noite\". | DB - Dublagem Brasileira","og_description":"Wendel Bezerra \u00e9 apresentado a Marlon Wayans no \"De Noite\" e fala sobre a dificuldade de adaptar as falas do ator em Seis Vezes Confus\u00e3o.","og_url":"https:\/\/dublagembrasileira.com.br\/?p=2048","og_site_name":"DB - Dublagem Brasileira","article_author":"https:\/\/www.facebook.com\/dublagembrasileira","article_published_time":"2019-08-15T22:51:35+00:00","article_modified_time":"2019-08-16T13:07:55+00:00","og_image":[{"width":704,"height":496,"url":"https:\/\/dublagembrasileira.com.br\/wp-content\/uploads\/2019\/08\/wendel_bezerra.jpg","type":"image\/jpeg"}],"author":"Reda\u00e7\u00e3o","twitter_card":"summary_large_image","twitter_creator":"@dbdublagem","twitter_misc":{"Escrito por":"Reda\u00e7\u00e3o","Est. tempo de leitura":"1 minuto"},"schema":{"@context":"https:\/\/schema.org","@graph":[{"@type":"Article","@id":"https:\/\/dublagembrasileira.com.br\/?p=2048#article","isPartOf":{"@id":"https:\/\/dublagembrasileira.com.br\/?p=2048"},"author":{"name":"Reda\u00e7\u00e3o","@id":"https:\/\/dublagembrasileira.com.br\/#\/schema\/person\/a75bac594c0e9a0b96508b7e124f20d1"},"headline":"Wendel Bezerra \u00e9 apresentado a Marlon Wayans no &#8220;The Noite&#8221;.","datePublished":"2019-08-15T22:51:35+00:00","dateModified":"2019-08-16T13:07:55+00:00","mainEntityOfPage":{"@id":"https:\/\/dublagembrasileira.com.br\/?p=2048"},"wordCount":248,"commentCount":0,"publisher":{"@id":"https:\/\/dublagembrasileira.com.br\/#organization"},"image":{"@id":"https:\/\/dublagembrasileira.com.br\/?p=2048#primaryimage"},"thumbnailUrl":"https:\/\/dublagembrasileira.com.br\/wp-content\/uploads\/2019\/08\/wendel_bezerra.jpg","keywords":["dubla","dublado","dublador","dubladora","dublagem","netflix","streaming","televis\u00e3o"],"articleSection":["Acontece","Filmes","Not\u00edcias","Outras m\u00eddias","Streaming"],"inLanguage":"pt-BR","potentialAction":[{"@type":"CommentAction","name":"Comment","target":["https:\/\/dublagembrasileira.com.br\/?p=2048#respond"]}]},{"@type":"WebPage","@id":"https:\/\/dublagembrasileira.com.br\/?p=2048","url":"https:\/\/dublagembrasileira.com.br\/?p=2048","name":"Wendel Bezerra \u00e9 apresentado a Marlon Wayans no \"The Noite\". | DB - Dublagem Brasileira","isPartOf":{"@id":"https:\/\/dublagembrasileira.com.br\/#website"},"primaryImageOfPage":{"@id":"https:\/\/dublagembrasileira.com.br\/?p=2048#primaryimage"},"image":{"@id":"https:\/\/dublagembrasileira.com.br\/?p=2048#primaryimage"},"thumbnailUrl":"https:\/\/dublagembrasileira.com.br\/wp-content\/uploads\/2019\/08\/wendel_bezerra.jpg","datePublished":"2019-08-15T22:51:35+00:00","dateModified":"2019-08-16T13:07:55+00:00","description":"Wendel Bezerra \u00e9 apresentado a Marlon Wayans no \"De Noite\" e fala sobre a dificuldade de adaptar as falas do ator em Seis Vezes Confus\u00e3o.","breadcrumb":{"@id":"https:\/\/dublagembrasileira.com.br\/?p=2048#breadcrumb"},"inLanguage":"pt-BR","potentialAction":[{"@type":"ReadAction","target":["https:\/\/dublagembrasileira.com.br\/?p=2048"]}]},{"@type":"ImageObject","inLanguage":"pt-BR","@id":"https:\/\/dublagembrasileira.com.br\/?p=2048#primaryimage","url":"https:\/\/dublagembrasileira.com.br\/wp-content\/uploads\/2019\/08\/wendel_bezerra.jpg","contentUrl":"https:\/\/dublagembrasileira.com.br\/wp-content\/uploads\/2019\/08\/wendel_bezerra.jpg","width":704,"height":496},{"@type":"BreadcrumbList","@id":"https:\/\/dublagembrasileira.com.br\/?p=2048#breadcrumb","itemListElement":[{"@type":"ListItem","position":1,"name":"In\u00edcio","item":"https:\/\/dublagembrasileira.com.br\/"},{"@type":"ListItem","position":2,"name":"Wendel Bezerra \u00e9 apresentado a Marlon Wayans no &#8220;The Noite&#8221;."}]},{"@type":"WebSite","@id":"https:\/\/dublagembrasileira.com.br\/#website","url":"https:\/\/dublagembrasileira.com.br\/","name":"DB - Dublagem Brasileira","description":"O seu portal de dublagem.","publisher":{"@id":"https:\/\/dublagembrasileira.com.br\/#organization"},"potentialAction":[{"@type":"SearchAction","target":{"@type":"EntryPoint","urlTemplate":"https:\/\/dublagembrasileira.com.br\/?s={search_term_string}"},"query-input":{"@type":"PropertyValueSpecification","valueRequired":true,"valueName":"search_term_string"}}],"inLanguage":"pt-BR"},{"@type":"Organization","@id":"https:\/\/dublagembrasileira.com.br\/#organization","name":"DB - Dublagem Brasileira","url":"https:\/\/dublagembrasileira.com.br\/","logo":{"@type":"ImageObject","inLanguage":"pt-BR","@id":"https:\/\/dublagembrasileira.com.br\/#\/schema\/logo\/image\/","url":"https:\/\/dublagembrasileira.com.br\/wp-content\/uploads\/2019\/07\/cropped-logotipodb.png","contentUrl":"https:\/\/dublagembrasileira.com.br\/wp-content\/uploads\/2019\/07\/cropped-logotipodb.png","width":946,"height":589,"caption":"DB - Dublagem Brasileira"},"image":{"@id":"https:\/\/dublagembrasileira.com.br\/#\/schema\/logo\/image\/"}},{"@type":"Person","@id":"https:\/\/dublagembrasileira.com.br\/#\/schema\/person\/a75bac594c0e9a0b96508b7e124f20d1","name":"Reda\u00e7\u00e3o","image":{"@type":"ImageObject","inLanguage":"pt-BR","@id":"https:\/\/dublagembrasileira.com.br\/#\/schema\/person\/image\/","url":"http:\/\/dublagembrasileira.com.br\/wp-content\/uploads\/2025\/06\/admin-96x96.jpg","contentUrl":"http:\/\/dublagembrasileira.com.br\/wp-content\/uploads\/2025\/06\/admin-96x96.jpg","caption":"Reda\u00e7\u00e3o"},"description":"Equipe do DB.","sameAs":["https:\/\/www.facebook.com\/dublagembrasileira","https:\/\/www.instagram.com\/dbdublagembrasileira","https:\/\/x.com\/dbdublagem"],"url":"https:\/\/dublagembrasileira.com.br\/?author=4"}]}},"rttpg_featured_image_url":{"full":["https:\/\/dublagembrasileira.com.br\/wp-content\/uploads\/2019\/08\/wendel_bezerra.jpg",704,496,false],"landscape":["https:\/\/dublagembrasileira.com.br\/wp-content\/uploads\/2019\/08\/wendel_bezerra.jpg",704,496,false],"portraits":["https:\/\/dublagembrasileira.com.br\/wp-content\/uploads\/2019\/08\/wendel_bezerra.jpg",704,496,false],"thumbnail":["https:\/\/dublagembrasileira.com.br\/wp-content\/uploads\/2019\/08\/wendel_bezerra-150x150.jpg",150,150,true],"medium":["https:\/\/dublagembrasileira.com.br\/wp-content\/uploads\/2019\/08\/wendel_bezerra-300x211.jpg",300,211,true],"large":["https:\/\/dublagembrasileira.com.br\/wp-content\/uploads\/2019\/08\/wendel_bezerra.jpg",640,451,false],"1536x1536":["https:\/\/dublagembrasileira.com.br\/wp-content\/uploads\/2019\/08\/wendel_bezerra.jpg",704,496,false],"2048x2048":["https:\/\/dublagembrasileira.com.br\/wp-content\/uploads\/2019\/08\/wendel_bezerra.jpg",704,496,false],"eggnews-slider-large":["https:\/\/dublagembrasileira.com.br\/wp-content\/uploads\/2019\/08\/wendel_bezerra.jpg",704,496,false],"eggnews-featured-medium":["https:\/\/dublagembrasileira.com.br\/wp-content\/uploads\/2019\/08\/wendel_bezerra-420x307.jpg",420,307,true],"eggnews-featured-long":["https:\/\/dublagembrasileira.com.br\/wp-content\/uploads\/2019\/08\/wendel_bezerra-300x443.jpg",300,443,true],"eggnews-block-medium":["https:\/\/dublagembrasileira.com.br\/wp-content\/uploads\/2019\/08\/wendel_bezerra-464x290.jpg",464,290,true],"eggnews-carousel-image":["https:\/\/dublagembrasileira.com.br\/wp-content\/uploads\/2019\/08\/wendel_bezerra-600x496.jpg",600,496,true],"eggnews-block-thumb":["https:\/\/dublagembrasileira.com.br\/wp-content\/uploads\/2019\/08\/wendel_bezerra-322x230.jpg",322,230,true],"eggnews-single-large":["https:\/\/dublagembrasileira.com.br\/wp-content\/uploads\/2019\/08\/wendel_bezerra.jpg",704,496,false],"crp_thumbnail":["https:\/\/dublagembrasileira.com.br\/wp-content\/uploads\/2019\/08\/wendel_bezerra-150x150.jpg",150,150,true]},"rttpg_author":{"display_name":"Reda\u00e7\u00e3o","author_link":"https:\/\/dublagembrasileira.com.br\/?author=4"},"rttpg_comment":2,"rttpg_category":"<a href=\"https:\/\/dublagembrasileira.com.br\/?cat=21\" rel=\"category\">Acontece<\/a> <a href=\"https:\/\/dublagembrasileira.com.br\/?cat=2\" rel=\"category\">Filmes<\/a> <a href=\"https:\/\/dublagembrasileira.com.br\/?cat=13\" rel=\"category\">Not\u00edcias<\/a> <a href=\"https:\/\/dublagembrasileira.com.br\/?cat=9\" rel=\"category\">Outras m\u00eddias<\/a> <a href=\"https:\/\/dublagembrasileira.com.br\/?cat=158\" rel=\"category\">Streaming<\/a>","rttpg_excerpt":"Dublador de Wayans no filme &#8220;Seis Vezes Confus\u00e3o&#8221; fala sobre a dificuldade de adaptar as falas do ator nessa produ\u00e7\u00e3o. No programa \u201cThe Noite\u201d de ontem (14) o convidado de Danilo Gentili foi o ator internacional Marlon Wayans. O protagonista do sucesso As Branquelas veio ao palco do SBT para divulgar seu novo filme, Seis&hellip;","_links":{"self":[{"href":"https:\/\/dublagembrasileira.com.br\/index.php?rest_route=\/wp\/v2\/posts\/2048","targetHints":{"allow":["GET"]}}],"collection":[{"href":"https:\/\/dublagembrasileira.com.br\/index.php?rest_route=\/wp\/v2\/posts"}],"about":[{"href":"https:\/\/dublagembrasileira.com.br\/index.php?rest_route=\/wp\/v2\/types\/post"}],"author":[{"embeddable":true,"href":"https:\/\/dublagembrasileira.com.br\/index.php?rest_route=\/wp\/v2\/users\/4"}],"replies":[{"embeddable":true,"href":"https:\/\/dublagembrasileira.com.br\/index.php?rest_route=%2Fwp%2Fv2%2Fcomments&post=2048"}],"version-history":[{"count":2,"href":"https:\/\/dublagembrasileira.com.br\/index.php?rest_route=\/wp\/v2\/posts\/2048\/revisions"}],"predecessor-version":[{"id":2054,"href":"https:\/\/dublagembrasileira.com.br\/index.php?rest_route=\/wp\/v2\/posts\/2048\/revisions\/2054"}],"wp:featuredmedia":[{"embeddable":true,"href":"https:\/\/dublagembrasileira.com.br\/index.php?rest_route=\/wp\/v2\/media\/2049"}],"wp:attachment":[{"href":"https:\/\/dublagembrasileira.com.br\/index.php?rest_route=%2Fwp%2Fv2%2Fmedia&parent=2048"}],"wp:term":[{"taxonomy":"category","embeddable":true,"href":"https:\/\/dublagembrasileira.com.br\/index.php?rest_route=%2Fwp%2Fv2%2Fcategories&post=2048"},{"taxonomy":"post_tag","embeddable":true,"href":"https:\/\/dublagembrasileira.com.br\/index.php?rest_route=%2Fwp%2Fv2%2Ftags&post=2048"}],"curies":[{"name":"wp","href":"https:\/\/api.w.org\/{rel}","templated":true}]}}