{"id":2021,"date":"2019-08-14T22:55:31","date_gmt":"2019-08-14T22:55:31","guid":{"rendered":"http:\/\/dublagembrasileira.com.br\/?p=2021"},"modified":"2019-09-04T10:16:05","modified_gmt":"2019-09-04T10:16:05","slug":"carole-tuesday-tera-dublagem-da-som-de-vera-cruz","status":"publish","type":"post","link":"https:\/\/dublagembrasileira.com.br\/?p=2021","title":{"rendered":"Carole &#038; Tuesday ter\u00e1 dublagem da Som de Vera Cruz."},"content":{"rendered":"<h4 style=\"text-align: justify;\"><em>Amanda Brigido e Pamela Rodrigues fazem as vozes das protagonistas no anime.<\/em><\/h4>\n<hr \/>\n<p style=\"text-align: justify;\">O anime <a href=\"https:\/\/www.netflix.com\/br\/title\/80992137\"><strong>Carole &amp; Tuesday<\/strong><\/a>, foi transmitido durante a \u00faltima temporada de primavera no Jap\u00e3o e finalmente estrear\u00e1 no Brasil no dia\u00a030 de agosto na Netflix. Produzido pelo est\u00fadio Bones (Boku no Hero Academia) a anima\u00e7\u00e3o foi criada por Shinichiro Watanabe.<\/p>\n<p style=\"text-align: justify;\">A dire\u00e7\u00e3o \u00e9 de Motonobu Hori (Paradise Kiss; Mahoutsukai ni Taisetsu na Koto: Natsu no Sora) com o roteiro de Aya Watanabe, e conta com o design dos personagens de Eisaku Kubonouchi (Sono toki, Kanojo wa).<\/p>\n<p style=\"text-align: justify;\">A trama se passa em um universo em que a maior parte da cultura \u00e9 criada por intelig\u00eancias artificiais e as pessoas s\u00e3o meros consumidores passivos. Apesar das realidades diferentes, Carole e Tuesday tentam alcan\u00e7ar juntas o sonho quase imposs\u00edvel de se tornarem m\u00fasicas.<\/p>\n<p style=\"text-align: justify;\">A dublagem do anime foi realizada pela Som de Vera Cruz e contou com a dire\u00e7\u00e3o do Leo Santhos. Carole ter\u00e1 a voz de Amanda Brigido e Tuesday ser\u00e1 dublada por Pamela Rodrigues. Ainda no elenco de dublagem aparecem nomes como os de Ronaldo J\u00falio e Cadu Paschoal.<\/p>\n<p><strong>Elenco de Dublagem:<\/strong><\/p>\n<p><strong>Amanda Brigido:<\/strong> Carole Stanley<br \/>\n<strong>Pamella Rodrigues:<\/strong> Tuesday Simmons<br \/>\n<strong>Louise Schachter:<\/strong> Angela Carpenter<br \/>\n<strong>Ronaldo J\u00falio:<\/strong> Gus Goldman<br \/>\nLuiz S\u00e9rgio Vieira: Tao<br \/>\n<strong>Cadu Paschoal:<\/strong> Roddy<br \/>\n<strong>Anderson Coutinho:<\/strong> Dahlia<\/p>\n","protected":false},"excerpt":{"rendered":"<p>Amanda Brigido e Pamela Rodrigues fazem as vozes das protagonistas no anime. O anime Carole &amp; Tuesday, foi transmitido durante a \u00faltima temporada de primavera no Jap\u00e3o e finalmente estrear\u00e1 no Brasil no dia\u00a030 de agosto na Netflix. Produzido pelo est\u00fadio Bones (Boku no Hero Academia) a anima\u00e7\u00e3o foi criada por Shinichiro Watanabe. A dire\u00e7\u00e3o \u00e9 de Motonobu Hori (Paradise Kiss; Mahoutsukai ni Taisetsu na Koto: Natsu no Sora) com o roteiro de Aya Watanabe, e conta com o design dos personagens de Eisaku Kubonouchi (Sono toki, Kanojo wa). A trama se passa em um universo em que a maior parte da cultura \u00e9 criada por intelig\u00eancias artificiais e as pessoas s\u00e3o meros consumidores passivos. Apesar das realidades diferentes, Carole e Tuesday tentam alcan\u00e7ar juntas o sonho quase imposs\u00edvel de se tornarem m\u00fasicas. A dublagem do anime foi realizada pela Som de Vera Cruz e contou com a dire\u00e7\u00e3o do Leo Santhos. Carole ter\u00e1 a voz de Amanda Brigido e Tuesday ser\u00e1 dublada por Pamela Rodrigues. Ainda no elenco de dublagem aparecem nomes como os de Ronaldo J\u00falio e Cadu Paschoal. Elenco de Dublagem: Amanda Brigido: Carole Stanley Pamella Rodrigues: Tuesday Simmons Louise Schachter: Angela Carpenter Ronaldo J\u00falio: Gus Goldman Luiz S\u00e9rgio Vieira: Tao Cadu Paschoal: Roddy Anderson Coutinho: Dahlia<\/p>\n","protected":false},"author":4,"featured_media":2022,"comment_status":"open","ping_status":"open","sticky":false,"template":"","format":"standard","meta":{"_monsterinsights_skip_tracking":false,"_monsterinsights_sitenote_active":false,"_monsterinsights_sitenote_note":"","_monsterinsights_sitenote_category":0,"footnotes":""},"categories":[5,13,158],"tags":[26,127,124,33,34,27,159,37],"class_list":["post-2021","post","type-post","status-publish","format-standard","has-post-thumbnail","hentry","category-animes","category-noticias","category-streaming","tag-desenho","tag-dubla","tag-dublado","tag-dublador","tag-dubladora","tag-dublagem","tag-streaming","tag-televisao"],"yoast_head":"<!-- This site is optimized with the Yoast SEO plugin v26.1.1 - https:\/\/yoast.com\/wordpress\/plugins\/seo\/ -->\n<title>Carole &amp; Tuesday ter\u00e1 dublagem da Som de Vera Cruz. | DB - Dublagem Brasileira<\/title>\n<meta name=\"description\" content=\"Carole &amp; Tuesday ter\u00e1 dublagem da Som de Vera Cruz. Amanda Brigido e Pamela Rodrigues fazem as vozes das protagonistas no anime.\" \/>\n<meta name=\"robots\" content=\"index, follow, max-snippet:-1, max-image-preview:large, max-video-preview:-1\" \/>\n<link rel=\"canonical\" href=\"https:\/\/dublagembrasileira.com.br\/?p=2021\" \/>\n<meta property=\"og:locale\" content=\"pt_BR\" \/>\n<meta property=\"og:type\" content=\"article\" \/>\n<meta property=\"og:title\" content=\"Carole &amp; Tuesday ter\u00e1 dublagem da Som de Vera Cruz. | DB - Dublagem Brasileira\" \/>\n<meta property=\"og:description\" content=\"Carole &amp; Tuesday ter\u00e1 dublagem da Som de Vera Cruz. Amanda Brigido e Pamela Rodrigues fazem as vozes das protagonistas no anime.\" \/>\n<meta property=\"og:url\" content=\"https:\/\/dublagembrasileira.com.br\/?p=2021\" \/>\n<meta property=\"og:site_name\" content=\"DB - Dublagem Brasileira\" \/>\n<meta property=\"article:author\" content=\"https:\/\/www.facebook.com\/dublagembrasileira\" \/>\n<meta property=\"article:published_time\" content=\"2019-08-14T22:55:31+00:00\" \/>\n<meta property=\"article:modified_time\" content=\"2019-09-04T10:16:05+00:00\" \/>\n<meta property=\"og:image\" content=\"https:\/\/dublagembrasileira.com.br\/wp-content\/uploads\/2019\/08\/carole_tuesday.jpg\" \/>\n\t<meta property=\"og:image:width\" content=\"704\" \/>\n\t<meta property=\"og:image:height\" content=\"496\" \/>\n\t<meta property=\"og:image:type\" content=\"image\/jpeg\" \/>\n<meta name=\"author\" content=\"Reda\u00e7\u00e3o\" \/>\n<meta name=\"twitter:card\" content=\"summary_large_image\" \/>\n<meta name=\"twitter:creator\" content=\"@dbdublagem\" \/>\n<meta name=\"twitter:label1\" content=\"Escrito por\" \/>\n\t<meta name=\"twitter:data1\" content=\"Reda\u00e7\u00e3o\" \/>\n\t<meta name=\"twitter:label2\" content=\"Est. tempo de leitura\" \/>\n\t<meta name=\"twitter:data2\" content=\"1 minuto\" \/>\n<script type=\"application\/ld+json\" class=\"yoast-schema-graph\">{\"@context\":\"https:\/\/schema.org\",\"@graph\":[{\"@type\":\"Article\",\"@id\":\"https:\/\/dublagembrasileira.com.br\/?p=2021#article\",\"isPartOf\":{\"@id\":\"https:\/\/dublagembrasileira.com.br\/?p=2021\"},\"author\":{\"name\":\"Reda\u00e7\u00e3o\",\"@id\":\"https:\/\/dublagembrasileira.com.br\/#\/schema\/person\/a75bac594c0e9a0b96508b7e124f20d1\"},\"headline\":\"Carole &#038; Tuesday ter\u00e1 dublagem da Som de Vera Cruz.\",\"datePublished\":\"2019-08-14T22:55:31+00:00\",\"dateModified\":\"2019-09-04T10:16:05+00:00\",\"mainEntityOfPage\":{\"@id\":\"https:\/\/dublagembrasileira.com.br\/?p=2021\"},\"wordCount\":230,\"commentCount\":0,\"publisher\":{\"@id\":\"https:\/\/dublagembrasileira.com.br\/#organization\"},\"image\":{\"@id\":\"https:\/\/dublagembrasileira.com.br\/?p=2021#primaryimage\"},\"thumbnailUrl\":\"https:\/\/dublagembrasileira.com.br\/wp-content\/uploads\/2019\/08\/carole_tuesday.jpg\",\"keywords\":[\"desenho\",\"dubla\",\"dublado\",\"dublador\",\"dubladora\",\"dublagem\",\"streaming\",\"televis\u00e3o\"],\"articleSection\":[\"Animes\",\"Not\u00edcias\",\"Streaming\"],\"inLanguage\":\"pt-BR\",\"potentialAction\":[{\"@type\":\"CommentAction\",\"name\":\"Comment\",\"target\":[\"https:\/\/dublagembrasileira.com.br\/?p=2021#respond\"]}]},{\"@type\":\"WebPage\",\"@id\":\"https:\/\/dublagembrasileira.com.br\/?p=2021\",\"url\":\"https:\/\/dublagembrasileira.com.br\/?p=2021\",\"name\":\"Carole & Tuesday ter\u00e1 dublagem da Som de Vera Cruz. | DB - Dublagem Brasileira\",\"isPartOf\":{\"@id\":\"https:\/\/dublagembrasileira.com.br\/#website\"},\"primaryImageOfPage\":{\"@id\":\"https:\/\/dublagembrasileira.com.br\/?p=2021#primaryimage\"},\"image\":{\"@id\":\"https:\/\/dublagembrasileira.com.br\/?p=2021#primaryimage\"},\"thumbnailUrl\":\"https:\/\/dublagembrasileira.com.br\/wp-content\/uploads\/2019\/08\/carole_tuesday.jpg\",\"datePublished\":\"2019-08-14T22:55:31+00:00\",\"dateModified\":\"2019-09-04T10:16:05+00:00\",\"description\":\"Carole & Tuesday ter\u00e1 dublagem da Som de Vera Cruz. Amanda Brigido e Pamela Rodrigues fazem as vozes das protagonistas no anime.\",\"breadcrumb\":{\"@id\":\"https:\/\/dublagembrasileira.com.br\/?p=2021#breadcrumb\"},\"inLanguage\":\"pt-BR\",\"potentialAction\":[{\"@type\":\"ReadAction\",\"target\":[\"https:\/\/dublagembrasileira.com.br\/?p=2021\"]}]},{\"@type\":\"ImageObject\",\"inLanguage\":\"pt-BR\",\"@id\":\"https:\/\/dublagembrasileira.com.br\/?p=2021#primaryimage\",\"url\":\"https:\/\/dublagembrasileira.com.br\/wp-content\/uploads\/2019\/08\/carole_tuesday.jpg\",\"contentUrl\":\"https:\/\/dublagembrasileira.com.br\/wp-content\/uploads\/2019\/08\/carole_tuesday.jpg\",\"width\":704,\"height\":496},{\"@type\":\"BreadcrumbList\",\"@id\":\"https:\/\/dublagembrasileira.com.br\/?p=2021#breadcrumb\",\"itemListElement\":[{\"@type\":\"ListItem\",\"position\":1,\"name\":\"In\u00edcio\",\"item\":\"https:\/\/dublagembrasileira.com.br\/\"},{\"@type\":\"ListItem\",\"position\":2,\"name\":\"Carole &#038; Tuesday ter\u00e1 dublagem da Som de Vera Cruz.\"}]},{\"@type\":\"WebSite\",\"@id\":\"https:\/\/dublagembrasileira.com.br\/#website\",\"url\":\"https:\/\/dublagembrasileira.com.br\/\",\"name\":\"DB - Dublagem Brasileira\",\"description\":\"O seu portal de dublagem.\",\"publisher\":{\"@id\":\"https:\/\/dublagembrasileira.com.br\/#organization\"},\"potentialAction\":[{\"@type\":\"SearchAction\",\"target\":{\"@type\":\"EntryPoint\",\"urlTemplate\":\"https:\/\/dublagembrasileira.com.br\/?s={search_term_string}\"},\"query-input\":{\"@type\":\"PropertyValueSpecification\",\"valueRequired\":true,\"valueName\":\"search_term_string\"}}],\"inLanguage\":\"pt-BR\"},{\"@type\":\"Organization\",\"@id\":\"https:\/\/dublagembrasileira.com.br\/#organization\",\"name\":\"DB - Dublagem Brasileira\",\"url\":\"https:\/\/dublagembrasileira.com.br\/\",\"logo\":{\"@type\":\"ImageObject\",\"inLanguage\":\"pt-BR\",\"@id\":\"https:\/\/dublagembrasileira.com.br\/#\/schema\/logo\/image\/\",\"url\":\"https:\/\/dublagembrasileira.com.br\/wp-content\/uploads\/2019\/07\/cropped-logotipodb.png\",\"contentUrl\":\"https:\/\/dublagembrasileira.com.br\/wp-content\/uploads\/2019\/07\/cropped-logotipodb.png\",\"width\":946,\"height\":589,\"caption\":\"DB - Dublagem Brasileira\"},\"image\":{\"@id\":\"https:\/\/dublagembrasileira.com.br\/#\/schema\/logo\/image\/\"}},{\"@type\":\"Person\",\"@id\":\"https:\/\/dublagembrasileira.com.br\/#\/schema\/person\/a75bac594c0e9a0b96508b7e124f20d1\",\"name\":\"Reda\u00e7\u00e3o\",\"image\":{\"@type\":\"ImageObject\",\"inLanguage\":\"pt-BR\",\"@id\":\"https:\/\/dublagembrasileira.com.br\/#\/schema\/person\/image\/\",\"url\":\"http:\/\/dublagembrasileira.com.br\/wp-content\/uploads\/2025\/06\/admin-96x96.jpg\",\"contentUrl\":\"http:\/\/dublagembrasileira.com.br\/wp-content\/uploads\/2025\/06\/admin-96x96.jpg\",\"caption\":\"Reda\u00e7\u00e3o\"},\"description\":\"Equipe do DB.\",\"sameAs\":[\"https:\/\/www.facebook.com\/dublagembrasileira\",\"https:\/\/www.instagram.com\/dbdublagembrasileira\",\"https:\/\/x.com\/dbdublagem\"],\"url\":\"https:\/\/dublagembrasileira.com.br\/?author=4\"}]}<\/script>\n<!-- \/ Yoast SEO plugin. -->","yoast_head_json":{"title":"Carole & Tuesday ter\u00e1 dublagem da Som de Vera Cruz. | DB - Dublagem Brasileira","description":"Carole & Tuesday ter\u00e1 dublagem da Som de Vera Cruz. Amanda Brigido e Pamela Rodrigues fazem as vozes das protagonistas no anime.","robots":{"index":"index","follow":"follow","max-snippet":"max-snippet:-1","max-image-preview":"max-image-preview:large","max-video-preview":"max-video-preview:-1"},"canonical":"https:\/\/dublagembrasileira.com.br\/?p=2021","og_locale":"pt_BR","og_type":"article","og_title":"Carole & Tuesday ter\u00e1 dublagem da Som de Vera Cruz. | DB - Dublagem Brasileira","og_description":"Carole & Tuesday ter\u00e1 dublagem da Som de Vera Cruz. Amanda Brigido e Pamela Rodrigues fazem as vozes das protagonistas no anime.","og_url":"https:\/\/dublagembrasileira.com.br\/?p=2021","og_site_name":"DB - Dublagem Brasileira","article_author":"https:\/\/www.facebook.com\/dublagembrasileira","article_published_time":"2019-08-14T22:55:31+00:00","article_modified_time":"2019-09-04T10:16:05+00:00","og_image":[{"width":704,"height":496,"url":"https:\/\/dublagembrasileira.com.br\/wp-content\/uploads\/2019\/08\/carole_tuesday.jpg","type":"image\/jpeg"}],"author":"Reda\u00e7\u00e3o","twitter_card":"summary_large_image","twitter_creator":"@dbdublagem","twitter_misc":{"Escrito por":"Reda\u00e7\u00e3o","Est. tempo de leitura":"1 minuto"},"schema":{"@context":"https:\/\/schema.org","@graph":[{"@type":"Article","@id":"https:\/\/dublagembrasileira.com.br\/?p=2021#article","isPartOf":{"@id":"https:\/\/dublagembrasileira.com.br\/?p=2021"},"author":{"name":"Reda\u00e7\u00e3o","@id":"https:\/\/dublagembrasileira.com.br\/#\/schema\/person\/a75bac594c0e9a0b96508b7e124f20d1"},"headline":"Carole &#038; Tuesday ter\u00e1 dublagem da Som de Vera Cruz.","datePublished":"2019-08-14T22:55:31+00:00","dateModified":"2019-09-04T10:16:05+00:00","mainEntityOfPage":{"@id":"https:\/\/dublagembrasileira.com.br\/?p=2021"},"wordCount":230,"commentCount":0,"publisher":{"@id":"https:\/\/dublagembrasileira.com.br\/#organization"},"image":{"@id":"https:\/\/dublagembrasileira.com.br\/?p=2021#primaryimage"},"thumbnailUrl":"https:\/\/dublagembrasileira.com.br\/wp-content\/uploads\/2019\/08\/carole_tuesday.jpg","keywords":["desenho","dubla","dublado","dublador","dubladora","dublagem","streaming","televis\u00e3o"],"articleSection":["Animes","Not\u00edcias","Streaming"],"inLanguage":"pt-BR","potentialAction":[{"@type":"CommentAction","name":"Comment","target":["https:\/\/dublagembrasileira.com.br\/?p=2021#respond"]}]},{"@type":"WebPage","@id":"https:\/\/dublagembrasileira.com.br\/?p=2021","url":"https:\/\/dublagembrasileira.com.br\/?p=2021","name":"Carole & Tuesday ter\u00e1 dublagem da Som de Vera Cruz. | DB - Dublagem Brasileira","isPartOf":{"@id":"https:\/\/dublagembrasileira.com.br\/#website"},"primaryImageOfPage":{"@id":"https:\/\/dublagembrasileira.com.br\/?p=2021#primaryimage"},"image":{"@id":"https:\/\/dublagembrasileira.com.br\/?p=2021#primaryimage"},"thumbnailUrl":"https:\/\/dublagembrasileira.com.br\/wp-content\/uploads\/2019\/08\/carole_tuesday.jpg","datePublished":"2019-08-14T22:55:31+00:00","dateModified":"2019-09-04T10:16:05+00:00","description":"Carole & Tuesday ter\u00e1 dublagem da Som de Vera Cruz. Amanda Brigido e Pamela Rodrigues fazem as vozes das protagonistas no anime.","breadcrumb":{"@id":"https:\/\/dublagembrasileira.com.br\/?p=2021#breadcrumb"},"inLanguage":"pt-BR","potentialAction":[{"@type":"ReadAction","target":["https:\/\/dublagembrasileira.com.br\/?p=2021"]}]},{"@type":"ImageObject","inLanguage":"pt-BR","@id":"https:\/\/dublagembrasileira.com.br\/?p=2021#primaryimage","url":"https:\/\/dublagembrasileira.com.br\/wp-content\/uploads\/2019\/08\/carole_tuesday.jpg","contentUrl":"https:\/\/dublagembrasileira.com.br\/wp-content\/uploads\/2019\/08\/carole_tuesday.jpg","width":704,"height":496},{"@type":"BreadcrumbList","@id":"https:\/\/dublagembrasileira.com.br\/?p=2021#breadcrumb","itemListElement":[{"@type":"ListItem","position":1,"name":"In\u00edcio","item":"https:\/\/dublagembrasileira.com.br\/"},{"@type":"ListItem","position":2,"name":"Carole &#038; Tuesday ter\u00e1 dublagem da Som de Vera Cruz."}]},{"@type":"WebSite","@id":"https:\/\/dublagembrasileira.com.br\/#website","url":"https:\/\/dublagembrasileira.com.br\/","name":"DB - Dublagem Brasileira","description":"O seu portal de dublagem.","publisher":{"@id":"https:\/\/dublagembrasileira.com.br\/#organization"},"potentialAction":[{"@type":"SearchAction","target":{"@type":"EntryPoint","urlTemplate":"https:\/\/dublagembrasileira.com.br\/?s={search_term_string}"},"query-input":{"@type":"PropertyValueSpecification","valueRequired":true,"valueName":"search_term_string"}}],"inLanguage":"pt-BR"},{"@type":"Organization","@id":"https:\/\/dublagembrasileira.com.br\/#organization","name":"DB - Dublagem Brasileira","url":"https:\/\/dublagembrasileira.com.br\/","logo":{"@type":"ImageObject","inLanguage":"pt-BR","@id":"https:\/\/dublagembrasileira.com.br\/#\/schema\/logo\/image\/","url":"https:\/\/dublagembrasileira.com.br\/wp-content\/uploads\/2019\/07\/cropped-logotipodb.png","contentUrl":"https:\/\/dublagembrasileira.com.br\/wp-content\/uploads\/2019\/07\/cropped-logotipodb.png","width":946,"height":589,"caption":"DB - Dublagem Brasileira"},"image":{"@id":"https:\/\/dublagembrasileira.com.br\/#\/schema\/logo\/image\/"}},{"@type":"Person","@id":"https:\/\/dublagembrasileira.com.br\/#\/schema\/person\/a75bac594c0e9a0b96508b7e124f20d1","name":"Reda\u00e7\u00e3o","image":{"@type":"ImageObject","inLanguage":"pt-BR","@id":"https:\/\/dublagembrasileira.com.br\/#\/schema\/person\/image\/","url":"http:\/\/dublagembrasileira.com.br\/wp-content\/uploads\/2025\/06\/admin-96x96.jpg","contentUrl":"http:\/\/dublagembrasileira.com.br\/wp-content\/uploads\/2025\/06\/admin-96x96.jpg","caption":"Reda\u00e7\u00e3o"},"description":"Equipe do DB.","sameAs":["https:\/\/www.facebook.com\/dublagembrasileira","https:\/\/www.instagram.com\/dbdublagembrasileira","https:\/\/x.com\/dbdublagem"],"url":"https:\/\/dublagembrasileira.com.br\/?author=4"}]}},"rttpg_featured_image_url":{"full":["https:\/\/dublagembrasileira.com.br\/wp-content\/uploads\/2019\/08\/carole_tuesday.jpg",704,496,false],"landscape":["https:\/\/dublagembrasileira.com.br\/wp-content\/uploads\/2019\/08\/carole_tuesday.jpg",704,496,false],"portraits":["https:\/\/dublagembrasileira.com.br\/wp-content\/uploads\/2019\/08\/carole_tuesday.jpg",704,496,false],"thumbnail":["https:\/\/dublagembrasileira.com.br\/wp-content\/uploads\/2019\/08\/carole_tuesday-150x150.jpg",150,150,true],"medium":["https:\/\/dublagembrasileira.com.br\/wp-content\/uploads\/2019\/08\/carole_tuesday-300x211.jpg",300,211,true],"large":["https:\/\/dublagembrasileira.com.br\/wp-content\/uploads\/2019\/08\/carole_tuesday.jpg",640,451,false],"1536x1536":["https:\/\/dublagembrasileira.com.br\/wp-content\/uploads\/2019\/08\/carole_tuesday.jpg",704,496,false],"2048x2048":["https:\/\/dublagembrasileira.com.br\/wp-content\/uploads\/2019\/08\/carole_tuesday.jpg",704,496,false],"eggnews-slider-large":["https:\/\/dublagembrasileira.com.br\/wp-content\/uploads\/2019\/08\/carole_tuesday.jpg",704,496,false],"eggnews-featured-medium":["https:\/\/dublagembrasileira.com.br\/wp-content\/uploads\/2019\/08\/carole_tuesday-420x307.jpg",420,307,true],"eggnews-featured-long":["https:\/\/dublagembrasileira.com.br\/wp-content\/uploads\/2019\/08\/carole_tuesday-300x443.jpg",300,443,true],"eggnews-block-medium":["https:\/\/dublagembrasileira.com.br\/wp-content\/uploads\/2019\/08\/carole_tuesday-464x290.jpg",464,290,true],"eggnews-carousel-image":["https:\/\/dublagembrasileira.com.br\/wp-content\/uploads\/2019\/08\/carole_tuesday-600x496.jpg",600,496,true],"eggnews-block-thumb":["https:\/\/dublagembrasileira.com.br\/wp-content\/uploads\/2019\/08\/carole_tuesday-322x230.jpg",322,230,true],"eggnews-single-large":["https:\/\/dublagembrasileira.com.br\/wp-content\/uploads\/2019\/08\/carole_tuesday.jpg",704,496,false],"crp_thumbnail":["https:\/\/dublagembrasileira.com.br\/wp-content\/uploads\/2019\/08\/carole_tuesday-150x150.jpg",150,150,true]},"rttpg_author":{"display_name":"Reda\u00e7\u00e3o","author_link":"https:\/\/dublagembrasileira.com.br\/?author=4"},"rttpg_comment":0,"rttpg_category":"<a href=\"https:\/\/dublagembrasileira.com.br\/?cat=5\" rel=\"category\">Animes<\/a> <a href=\"https:\/\/dublagembrasileira.com.br\/?cat=13\" rel=\"category\">Not\u00edcias<\/a> <a href=\"https:\/\/dublagembrasileira.com.br\/?cat=158\" rel=\"category\">Streaming<\/a>","rttpg_excerpt":"Amanda Brigido e Pamela Rodrigues fazem as vozes das protagonistas no anime. O anime Carole &amp; Tuesday, foi transmitido durante a \u00faltima temporada de primavera no Jap\u00e3o e finalmente estrear\u00e1 no Brasil no dia\u00a030 de agosto na Netflix. Produzido pelo est\u00fadio Bones (Boku no Hero Academia) a anima\u00e7\u00e3o foi criada por Shinichiro Watanabe. A dire\u00e7\u00e3o&hellip;","_links":{"self":[{"href":"https:\/\/dublagembrasileira.com.br\/index.php?rest_route=\/wp\/v2\/posts\/2021","targetHints":{"allow":["GET"]}}],"collection":[{"href":"https:\/\/dublagembrasileira.com.br\/index.php?rest_route=\/wp\/v2\/posts"}],"about":[{"href":"https:\/\/dublagembrasileira.com.br\/index.php?rest_route=\/wp\/v2\/types\/post"}],"author":[{"embeddable":true,"href":"https:\/\/dublagembrasileira.com.br\/index.php?rest_route=\/wp\/v2\/users\/4"}],"replies":[{"embeddable":true,"href":"https:\/\/dublagembrasileira.com.br\/index.php?rest_route=%2Fwp%2Fv2%2Fcomments&post=2021"}],"version-history":[{"count":5,"href":"https:\/\/dublagembrasileira.com.br\/index.php?rest_route=\/wp\/v2\/posts\/2021\/revisions"}],"predecessor-version":[{"id":2631,"href":"https:\/\/dublagembrasileira.com.br\/index.php?rest_route=\/wp\/v2\/posts\/2021\/revisions\/2631"}],"wp:featuredmedia":[{"embeddable":true,"href":"https:\/\/dublagembrasileira.com.br\/index.php?rest_route=\/wp\/v2\/media\/2022"}],"wp:attachment":[{"href":"https:\/\/dublagembrasileira.com.br\/index.php?rest_route=%2Fwp%2Fv2%2Fmedia&parent=2021"}],"wp:term":[{"taxonomy":"category","embeddable":true,"href":"https:\/\/dublagembrasileira.com.br\/index.php?rest_route=%2Fwp%2Fv2%2Fcategories&post=2021"},{"taxonomy":"post_tag","embeddable":true,"href":"https:\/\/dublagembrasileira.com.br\/index.php?rest_route=%2Fwp%2Fv2%2Ftags&post=2021"}],"curies":[{"name":"wp","href":"https:\/\/api.w.org\/{rel}","templated":true}]}}