{"id":1994,"date":"2019-08-14T11:02:46","date_gmt":"2019-08-14T11:02:46","guid":{"rendered":"http:\/\/dublagembrasileira.com.br\/?p=1994"},"modified":"2019-08-15T12:16:59","modified_gmt":"2019-08-15T12:16:59","slug":"marcelo-campos-e-o-convidado-do-proximo-guarufestival","status":"publish","type":"post","link":"https:\/\/dublagembrasileira.com.br\/?p=1994","title":{"rendered":"Marcelo Campos \u00e9 o convidado do pr\u00f3ximo Guarufestival."},"content":{"rendered":"<h4><em>Voz do Shurato no Brasil estar\u00e1 em evento geek do Guaruj\u00e1 nesse domingo.<\/em><\/h4>\n<hr \/>\n<p style=\"text-align: justify;\">O <strong>Guarufestival<\/strong> est\u00e1 em sua sexta edi\u00e7\u00e3o e acontece no pr\u00f3ximo domingo (18), com atividades das 11h \u00e0s 19h, na Universidade de Ribeir\u00e3o Preto (Unaerp) \u2013 Campus Guaruj\u00e1.<\/p>\n<p style=\"text-align: justify;\">O evento que re\u00fane amantes da cultura geek e asi\u00e1tica da Baixada Santista, promover\u00e1 atividades ao ar livre, anima\u00e7\u00e3o do grupo musical Wibe, salas tem\u00e1ticas como a que apresenta o universo de Harry Potter, campeonatos de cosplay, k-pop e de videogames.<\/p>\n<p style=\"text-align: justify;\">Entre os convidados est\u00e1 o dublador, diretor de dublagem e locutor brasileiro, Marcelo Campos. \u00a0Ele tem a voz conhecida por personagens como: Trunks (<strong>Dragon Ball<\/strong>), Mu de Aires (<strong>Cavaleiros do Zod\u00edaco<\/strong>), Shurato, Lyuma (<strong>Winspector<\/strong>), Terry Bogard (<strong>Fatal Fury<\/strong>), Benje Wakabayashi (<strong>Captain Tsubasa<\/strong>), Yugi (<strong>Yu-Gi-Oh!<\/strong>), Edward Elric (<strong>Fullmetal Alchemist<\/strong>), pelos dois \u00faltimos ganhou o Pr\u00eamio Yamato de Melhor Dublador de Protagonista em 2003 e 2006, respectivamente.<\/p>\n<p style=\"text-align: justify;\">O <strong>Guarufestival<\/strong> possui classifica\u00e7\u00e3o et\u00e1ria de 12 anos (menores entram somente acompanhados pelos respons\u00e1veis). Os ingressos estar\u00e3o \u00e0 venda na portaria do evento e custam R$ 35,00, mais 1 kg de alimento n\u00e3o perec\u00edvel que ser\u00e3o doados ao Fundo Social de Solidariedade de Guaruj\u00e1.<\/p>\n<p style=\"text-align: justify;\">A Unaerp fica\u00a0 Av. Dom Pedro I, 3.300 &#8211; Balne\u00e1rio Cidade Atl\u00e2ntica. Mais informa\u00e7\u00f5es na <a href=\"https:\/\/www.facebook.com\/guarufestival\">p\u00e1gina oficial<\/a> do evento.<\/p>\n","protected":false},"excerpt":{"rendered":"<p>Voz do Shurato no Brasil estar\u00e1 em evento geek do Guaruj\u00e1 nesse domingo. O Guarufestival est\u00e1 em sua sexta edi\u00e7\u00e3o e acontece no pr\u00f3ximo domingo (18), com atividades das 11h \u00e0s 19h, na Universidade de Ribeir\u00e3o Preto (Unaerp) \u2013 Campus Guaruj\u00e1. O evento que re\u00fane amantes da cultura geek e asi\u00e1tica da Baixada Santista, promover\u00e1 atividades ao ar livre, anima\u00e7\u00e3o do grupo musical Wibe, salas tem\u00e1ticas como a que apresenta o universo de Harry Potter, campeonatos de cosplay, k-pop e de videogames. Entre os convidados est\u00e1 o dublador, diretor de dublagem e locutor brasileiro, Marcelo Campos. \u00a0Ele tem a voz conhecida por personagens como: Trunks (Dragon Ball), Mu de Aires (Cavaleiros do Zod\u00edaco), Shurato, Lyuma (Winspector), Terry Bogard (Fatal Fury), Benje Wakabayashi (Captain Tsubasa), Yugi (Yu-Gi-Oh!), Edward Elric (Fullmetal Alchemist), pelos dois \u00faltimos ganhou o Pr\u00eamio Yamato de Melhor Dublador de Protagonista em 2003 e 2006, respectivamente. O Guarufestival possui classifica\u00e7\u00e3o et\u00e1ria de 12 anos (menores entram somente acompanhados pelos respons\u00e1veis). Os ingressos estar\u00e3o \u00e0 venda na portaria do evento e custam R$ 35,00, mais 1 kg de alimento n\u00e3o perec\u00edvel que ser\u00e3o doados ao Fundo Social de Solidariedade de Guaruj\u00e1. A Unaerp fica\u00a0 Av. Dom Pedro I, 3.300 &#8211; Balne\u00e1rio Cidade Atl\u00e2ntica. Mais informa\u00e7\u00f5es na p\u00e1gina oficial do evento.<\/p>\n","protected":false},"author":4,"featured_media":1995,"comment_status":"open","ping_status":"open","sticky":false,"template":"","format":"standard","meta":{"_monsterinsights_skip_tracking":false,"_monsterinsights_sitenote_active":false,"_monsterinsights_sitenote_note":"","_monsterinsights_sitenote_category":0,"footnotes":""},"categories":[21,13],"tags":[127,124,33,34,27,66],"class_list":["post-1994","post","type-post","status-publish","format-standard","has-post-thumbnail","hentry","category-acontece","category-noticias","tag-dubla","tag-dublado","tag-dublador","tag-dubladora","tag-dublagem","tag-evento"],"yoast_head":"<!-- This site is optimized with the Yoast SEO plugin v26.1.1 - https:\/\/yoast.com\/wordpress\/plugins\/seo\/ -->\n<title>Marcelo Campos \u00e9 o convidado do pr\u00f3ximo Guarufestival. | DB - Dublagem Brasileira<\/title>\n<meta name=\"description\" content=\"Marcelo Campos \u00e9 o convidado do pr\u00f3ximo Guarufestival. Voz do Shurato no Brasil estar\u00e1 em evento geek do Guaruj\u00e1 nesse domingo.\" \/>\n<meta name=\"robots\" content=\"index, follow, max-snippet:-1, max-image-preview:large, max-video-preview:-1\" \/>\n<link rel=\"canonical\" href=\"https:\/\/dublagembrasileira.com.br\/?p=1994\" \/>\n<meta property=\"og:locale\" content=\"pt_BR\" \/>\n<meta property=\"og:type\" content=\"article\" \/>\n<meta property=\"og:title\" content=\"Marcelo Campos \u00e9 o convidado do pr\u00f3ximo Guarufestival. | DB - Dublagem Brasileira\" \/>\n<meta property=\"og:description\" content=\"Marcelo Campos \u00e9 o convidado do pr\u00f3ximo Guarufestival. Voz do Shurato no Brasil estar\u00e1 em evento geek do Guaruj\u00e1 nesse domingo.\" \/>\n<meta property=\"og:url\" content=\"https:\/\/dublagembrasileira.com.br\/?p=1994\" \/>\n<meta property=\"og:site_name\" content=\"DB - Dublagem Brasileira\" \/>\n<meta property=\"article:author\" content=\"https:\/\/www.facebook.com\/dublagembrasileira\" \/>\n<meta property=\"article:published_time\" content=\"2019-08-14T11:02:46+00:00\" \/>\n<meta property=\"article:modified_time\" content=\"2019-08-15T12:16:59+00:00\" \/>\n<meta property=\"og:image\" content=\"https:\/\/dublagembrasileira.com.br\/wp-content\/uploads\/2019\/08\/marcelocampos.jpg\" \/>\n\t<meta property=\"og:image:width\" content=\"704\" \/>\n\t<meta property=\"og:image:height\" content=\"496\" \/>\n\t<meta property=\"og:image:type\" content=\"image\/jpeg\" \/>\n<meta name=\"author\" content=\"Reda\u00e7\u00e3o\" \/>\n<meta name=\"twitter:card\" content=\"summary_large_image\" \/>\n<meta name=\"twitter:creator\" content=\"@dbdublagem\" \/>\n<meta name=\"twitter:label1\" content=\"Escrito por\" \/>\n\t<meta name=\"twitter:data1\" content=\"Reda\u00e7\u00e3o\" \/>\n\t<meta name=\"twitter:label2\" content=\"Est. tempo de leitura\" \/>\n\t<meta name=\"twitter:data2\" content=\"1 minuto\" \/>\n<script type=\"application\/ld+json\" class=\"yoast-schema-graph\">{\"@context\":\"https:\/\/schema.org\",\"@graph\":[{\"@type\":\"Article\",\"@id\":\"https:\/\/dublagembrasileira.com.br\/?p=1994#article\",\"isPartOf\":{\"@id\":\"https:\/\/dublagembrasileira.com.br\/?p=1994\"},\"author\":{\"name\":\"Reda\u00e7\u00e3o\",\"@id\":\"https:\/\/dublagembrasileira.com.br\/#\/schema\/person\/a75bac594c0e9a0b96508b7e124f20d1\"},\"headline\":\"Marcelo Campos \u00e9 o convidado do pr\u00f3ximo Guarufestival.\",\"datePublished\":\"2019-08-14T11:02:46+00:00\",\"dateModified\":\"2019-08-15T12:16:59+00:00\",\"mainEntityOfPage\":{\"@id\":\"https:\/\/dublagembrasileira.com.br\/?p=1994\"},\"wordCount\":229,\"commentCount\":0,\"publisher\":{\"@id\":\"https:\/\/dublagembrasileira.com.br\/#organization\"},\"image\":{\"@id\":\"https:\/\/dublagembrasileira.com.br\/?p=1994#primaryimage\"},\"thumbnailUrl\":\"https:\/\/dublagembrasileira.com.br\/wp-content\/uploads\/2019\/08\/marcelocampos.jpg\",\"keywords\":[\"dubla\",\"dublado\",\"dublador\",\"dubladora\",\"dublagem\",\"evento\"],\"articleSection\":[\"Acontece\",\"Not\u00edcias\"],\"inLanguage\":\"pt-BR\",\"potentialAction\":[{\"@type\":\"CommentAction\",\"name\":\"Comment\",\"target\":[\"https:\/\/dublagembrasileira.com.br\/?p=1994#respond\"]}]},{\"@type\":\"WebPage\",\"@id\":\"https:\/\/dublagembrasileira.com.br\/?p=1994\",\"url\":\"https:\/\/dublagembrasileira.com.br\/?p=1994\",\"name\":\"Marcelo Campos \u00e9 o convidado do pr\u00f3ximo Guarufestival. | DB - Dublagem Brasileira\",\"isPartOf\":{\"@id\":\"https:\/\/dublagembrasileira.com.br\/#website\"},\"primaryImageOfPage\":{\"@id\":\"https:\/\/dublagembrasileira.com.br\/?p=1994#primaryimage\"},\"image\":{\"@id\":\"https:\/\/dublagembrasileira.com.br\/?p=1994#primaryimage\"},\"thumbnailUrl\":\"https:\/\/dublagembrasileira.com.br\/wp-content\/uploads\/2019\/08\/marcelocampos.jpg\",\"datePublished\":\"2019-08-14T11:02:46+00:00\",\"dateModified\":\"2019-08-15T12:16:59+00:00\",\"description\":\"Marcelo Campos \u00e9 o convidado do pr\u00f3ximo Guarufestival. Voz do Shurato no Brasil estar\u00e1 em evento geek do Guaruj\u00e1 nesse domingo.\",\"breadcrumb\":{\"@id\":\"https:\/\/dublagembrasileira.com.br\/?p=1994#breadcrumb\"},\"inLanguage\":\"pt-BR\",\"potentialAction\":[{\"@type\":\"ReadAction\",\"target\":[\"https:\/\/dublagembrasileira.com.br\/?p=1994\"]}]},{\"@type\":\"ImageObject\",\"inLanguage\":\"pt-BR\",\"@id\":\"https:\/\/dublagembrasileira.com.br\/?p=1994#primaryimage\",\"url\":\"https:\/\/dublagembrasileira.com.br\/wp-content\/uploads\/2019\/08\/marcelocampos.jpg\",\"contentUrl\":\"https:\/\/dublagembrasileira.com.br\/wp-content\/uploads\/2019\/08\/marcelocampos.jpg\",\"width\":704,\"height\":496},{\"@type\":\"BreadcrumbList\",\"@id\":\"https:\/\/dublagembrasileira.com.br\/?p=1994#breadcrumb\",\"itemListElement\":[{\"@type\":\"ListItem\",\"position\":1,\"name\":\"In\u00edcio\",\"item\":\"https:\/\/dublagembrasileira.com.br\/\"},{\"@type\":\"ListItem\",\"position\":2,\"name\":\"Marcelo Campos \u00e9 o convidado do pr\u00f3ximo Guarufestival.\"}]},{\"@type\":\"WebSite\",\"@id\":\"https:\/\/dublagembrasileira.com.br\/#website\",\"url\":\"https:\/\/dublagembrasileira.com.br\/\",\"name\":\"DB - Dublagem Brasileira\",\"description\":\"O seu portal de dublagem.\",\"publisher\":{\"@id\":\"https:\/\/dublagembrasileira.com.br\/#organization\"},\"potentialAction\":[{\"@type\":\"SearchAction\",\"target\":{\"@type\":\"EntryPoint\",\"urlTemplate\":\"https:\/\/dublagembrasileira.com.br\/?s={search_term_string}\"},\"query-input\":{\"@type\":\"PropertyValueSpecification\",\"valueRequired\":true,\"valueName\":\"search_term_string\"}}],\"inLanguage\":\"pt-BR\"},{\"@type\":\"Organization\",\"@id\":\"https:\/\/dublagembrasileira.com.br\/#organization\",\"name\":\"DB - Dublagem Brasileira\",\"url\":\"https:\/\/dublagembrasileira.com.br\/\",\"logo\":{\"@type\":\"ImageObject\",\"inLanguage\":\"pt-BR\",\"@id\":\"https:\/\/dublagembrasileira.com.br\/#\/schema\/logo\/image\/\",\"url\":\"https:\/\/dublagembrasileira.com.br\/wp-content\/uploads\/2019\/07\/cropped-logotipodb.png\",\"contentUrl\":\"https:\/\/dublagembrasileira.com.br\/wp-content\/uploads\/2019\/07\/cropped-logotipodb.png\",\"width\":946,\"height\":589,\"caption\":\"DB - Dublagem Brasileira\"},\"image\":{\"@id\":\"https:\/\/dublagembrasileira.com.br\/#\/schema\/logo\/image\/\"}},{\"@type\":\"Person\",\"@id\":\"https:\/\/dublagembrasileira.com.br\/#\/schema\/person\/a75bac594c0e9a0b96508b7e124f20d1\",\"name\":\"Reda\u00e7\u00e3o\",\"image\":{\"@type\":\"ImageObject\",\"inLanguage\":\"pt-BR\",\"@id\":\"https:\/\/dublagembrasileira.com.br\/#\/schema\/person\/image\/\",\"url\":\"http:\/\/dublagembrasileira.com.br\/wp-content\/uploads\/2025\/06\/admin-96x96.jpg\",\"contentUrl\":\"http:\/\/dublagembrasileira.com.br\/wp-content\/uploads\/2025\/06\/admin-96x96.jpg\",\"caption\":\"Reda\u00e7\u00e3o\"},\"description\":\"Equipe do DB.\",\"sameAs\":[\"https:\/\/www.facebook.com\/dublagembrasileira\",\"https:\/\/www.instagram.com\/dbdublagembrasileira\",\"https:\/\/x.com\/dbdublagem\"],\"url\":\"https:\/\/dublagembrasileira.com.br\/?author=4\"}]}<\/script>\n<!-- \/ Yoast SEO plugin. -->","yoast_head_json":{"title":"Marcelo Campos \u00e9 o convidado do pr\u00f3ximo Guarufestival. | DB - Dublagem Brasileira","description":"Marcelo Campos \u00e9 o convidado do pr\u00f3ximo Guarufestival. Voz do Shurato no Brasil estar\u00e1 em evento geek do Guaruj\u00e1 nesse domingo.","robots":{"index":"index","follow":"follow","max-snippet":"max-snippet:-1","max-image-preview":"max-image-preview:large","max-video-preview":"max-video-preview:-1"},"canonical":"https:\/\/dublagembrasileira.com.br\/?p=1994","og_locale":"pt_BR","og_type":"article","og_title":"Marcelo Campos \u00e9 o convidado do pr\u00f3ximo Guarufestival. | DB - Dublagem Brasileira","og_description":"Marcelo Campos \u00e9 o convidado do pr\u00f3ximo Guarufestival. Voz do Shurato no Brasil estar\u00e1 em evento geek do Guaruj\u00e1 nesse domingo.","og_url":"https:\/\/dublagembrasileira.com.br\/?p=1994","og_site_name":"DB - Dublagem Brasileira","article_author":"https:\/\/www.facebook.com\/dublagembrasileira","article_published_time":"2019-08-14T11:02:46+00:00","article_modified_time":"2019-08-15T12:16:59+00:00","og_image":[{"width":704,"height":496,"url":"https:\/\/dublagembrasileira.com.br\/wp-content\/uploads\/2019\/08\/marcelocampos.jpg","type":"image\/jpeg"}],"author":"Reda\u00e7\u00e3o","twitter_card":"summary_large_image","twitter_creator":"@dbdublagem","twitter_misc":{"Escrito por":"Reda\u00e7\u00e3o","Est. tempo de leitura":"1 minuto"},"schema":{"@context":"https:\/\/schema.org","@graph":[{"@type":"Article","@id":"https:\/\/dublagembrasileira.com.br\/?p=1994#article","isPartOf":{"@id":"https:\/\/dublagembrasileira.com.br\/?p=1994"},"author":{"name":"Reda\u00e7\u00e3o","@id":"https:\/\/dublagembrasileira.com.br\/#\/schema\/person\/a75bac594c0e9a0b96508b7e124f20d1"},"headline":"Marcelo Campos \u00e9 o convidado do pr\u00f3ximo Guarufestival.","datePublished":"2019-08-14T11:02:46+00:00","dateModified":"2019-08-15T12:16:59+00:00","mainEntityOfPage":{"@id":"https:\/\/dublagembrasileira.com.br\/?p=1994"},"wordCount":229,"commentCount":0,"publisher":{"@id":"https:\/\/dublagembrasileira.com.br\/#organization"},"image":{"@id":"https:\/\/dublagembrasileira.com.br\/?p=1994#primaryimage"},"thumbnailUrl":"https:\/\/dublagembrasileira.com.br\/wp-content\/uploads\/2019\/08\/marcelocampos.jpg","keywords":["dubla","dublado","dublador","dubladora","dublagem","evento"],"articleSection":["Acontece","Not\u00edcias"],"inLanguage":"pt-BR","potentialAction":[{"@type":"CommentAction","name":"Comment","target":["https:\/\/dublagembrasileira.com.br\/?p=1994#respond"]}]},{"@type":"WebPage","@id":"https:\/\/dublagembrasileira.com.br\/?p=1994","url":"https:\/\/dublagembrasileira.com.br\/?p=1994","name":"Marcelo Campos \u00e9 o convidado do pr\u00f3ximo Guarufestival. | DB - Dublagem Brasileira","isPartOf":{"@id":"https:\/\/dublagembrasileira.com.br\/#website"},"primaryImageOfPage":{"@id":"https:\/\/dublagembrasileira.com.br\/?p=1994#primaryimage"},"image":{"@id":"https:\/\/dublagembrasileira.com.br\/?p=1994#primaryimage"},"thumbnailUrl":"https:\/\/dublagembrasileira.com.br\/wp-content\/uploads\/2019\/08\/marcelocampos.jpg","datePublished":"2019-08-14T11:02:46+00:00","dateModified":"2019-08-15T12:16:59+00:00","description":"Marcelo Campos \u00e9 o convidado do pr\u00f3ximo Guarufestival. Voz do Shurato no Brasil estar\u00e1 em evento geek do Guaruj\u00e1 nesse domingo.","breadcrumb":{"@id":"https:\/\/dublagembrasileira.com.br\/?p=1994#breadcrumb"},"inLanguage":"pt-BR","potentialAction":[{"@type":"ReadAction","target":["https:\/\/dublagembrasileira.com.br\/?p=1994"]}]},{"@type":"ImageObject","inLanguage":"pt-BR","@id":"https:\/\/dublagembrasileira.com.br\/?p=1994#primaryimage","url":"https:\/\/dublagembrasileira.com.br\/wp-content\/uploads\/2019\/08\/marcelocampos.jpg","contentUrl":"https:\/\/dublagembrasileira.com.br\/wp-content\/uploads\/2019\/08\/marcelocampos.jpg","width":704,"height":496},{"@type":"BreadcrumbList","@id":"https:\/\/dublagembrasileira.com.br\/?p=1994#breadcrumb","itemListElement":[{"@type":"ListItem","position":1,"name":"In\u00edcio","item":"https:\/\/dublagembrasileira.com.br\/"},{"@type":"ListItem","position":2,"name":"Marcelo Campos \u00e9 o convidado do pr\u00f3ximo Guarufestival."}]},{"@type":"WebSite","@id":"https:\/\/dublagembrasileira.com.br\/#website","url":"https:\/\/dublagembrasileira.com.br\/","name":"DB - Dublagem Brasileira","description":"O seu portal de dublagem.","publisher":{"@id":"https:\/\/dublagembrasileira.com.br\/#organization"},"potentialAction":[{"@type":"SearchAction","target":{"@type":"EntryPoint","urlTemplate":"https:\/\/dublagembrasileira.com.br\/?s={search_term_string}"},"query-input":{"@type":"PropertyValueSpecification","valueRequired":true,"valueName":"search_term_string"}}],"inLanguage":"pt-BR"},{"@type":"Organization","@id":"https:\/\/dublagembrasileira.com.br\/#organization","name":"DB - Dublagem Brasileira","url":"https:\/\/dublagembrasileira.com.br\/","logo":{"@type":"ImageObject","inLanguage":"pt-BR","@id":"https:\/\/dublagembrasileira.com.br\/#\/schema\/logo\/image\/","url":"https:\/\/dublagembrasileira.com.br\/wp-content\/uploads\/2019\/07\/cropped-logotipodb.png","contentUrl":"https:\/\/dublagembrasileira.com.br\/wp-content\/uploads\/2019\/07\/cropped-logotipodb.png","width":946,"height":589,"caption":"DB - Dublagem Brasileira"},"image":{"@id":"https:\/\/dublagembrasileira.com.br\/#\/schema\/logo\/image\/"}},{"@type":"Person","@id":"https:\/\/dublagembrasileira.com.br\/#\/schema\/person\/a75bac594c0e9a0b96508b7e124f20d1","name":"Reda\u00e7\u00e3o","image":{"@type":"ImageObject","inLanguage":"pt-BR","@id":"https:\/\/dublagembrasileira.com.br\/#\/schema\/person\/image\/","url":"http:\/\/dublagembrasileira.com.br\/wp-content\/uploads\/2025\/06\/admin-96x96.jpg","contentUrl":"http:\/\/dublagembrasileira.com.br\/wp-content\/uploads\/2025\/06\/admin-96x96.jpg","caption":"Reda\u00e7\u00e3o"},"description":"Equipe do DB.","sameAs":["https:\/\/www.facebook.com\/dublagembrasileira","https:\/\/www.instagram.com\/dbdublagembrasileira","https:\/\/x.com\/dbdublagem"],"url":"https:\/\/dublagembrasileira.com.br\/?author=4"}]}},"rttpg_featured_image_url":{"full":["https:\/\/dublagembrasileira.com.br\/wp-content\/uploads\/2019\/08\/marcelocampos.jpg",704,496,false],"landscape":["https:\/\/dublagembrasileira.com.br\/wp-content\/uploads\/2019\/08\/marcelocampos.jpg",704,496,false],"portraits":["https:\/\/dublagembrasileira.com.br\/wp-content\/uploads\/2019\/08\/marcelocampos.jpg",704,496,false],"thumbnail":["https:\/\/dublagembrasileira.com.br\/wp-content\/uploads\/2019\/08\/marcelocampos-150x150.jpg",150,150,true],"medium":["https:\/\/dublagembrasileira.com.br\/wp-content\/uploads\/2019\/08\/marcelocampos-300x211.jpg",300,211,true],"large":["https:\/\/dublagembrasileira.com.br\/wp-content\/uploads\/2019\/08\/marcelocampos.jpg",640,451,false],"1536x1536":["https:\/\/dublagembrasileira.com.br\/wp-content\/uploads\/2019\/08\/marcelocampos.jpg",704,496,false],"2048x2048":["https:\/\/dublagembrasileira.com.br\/wp-content\/uploads\/2019\/08\/marcelocampos.jpg",704,496,false],"eggnews-slider-large":["https:\/\/dublagembrasileira.com.br\/wp-content\/uploads\/2019\/08\/marcelocampos.jpg",704,496,false],"eggnews-featured-medium":["https:\/\/dublagembrasileira.com.br\/wp-content\/uploads\/2019\/08\/marcelocampos-420x307.jpg",420,307,true],"eggnews-featured-long":["https:\/\/dublagembrasileira.com.br\/wp-content\/uploads\/2019\/08\/marcelocampos-300x443.jpg",300,443,true],"eggnews-block-medium":["https:\/\/dublagembrasileira.com.br\/wp-content\/uploads\/2019\/08\/marcelocampos-464x290.jpg",464,290,true],"eggnews-carousel-image":["https:\/\/dublagembrasileira.com.br\/wp-content\/uploads\/2019\/08\/marcelocampos-600x496.jpg",600,496,true],"eggnews-block-thumb":["https:\/\/dublagembrasileira.com.br\/wp-content\/uploads\/2019\/08\/marcelocampos-322x230.jpg",322,230,true],"eggnews-single-large":["https:\/\/dublagembrasileira.com.br\/wp-content\/uploads\/2019\/08\/marcelocampos.jpg",704,496,false],"crp_thumbnail":["https:\/\/dublagembrasileira.com.br\/wp-content\/uploads\/2019\/08\/marcelocampos-150x150.jpg",150,150,true]},"rttpg_author":{"display_name":"Reda\u00e7\u00e3o","author_link":"https:\/\/dublagembrasileira.com.br\/?author=4"},"rttpg_comment":0,"rttpg_category":"<a href=\"https:\/\/dublagembrasileira.com.br\/?cat=21\" rel=\"category\">Acontece<\/a> <a href=\"https:\/\/dublagembrasileira.com.br\/?cat=13\" rel=\"category\">Not\u00edcias<\/a>","rttpg_excerpt":"Voz do Shurato no Brasil estar\u00e1 em evento geek do Guaruj\u00e1 nesse domingo. O Guarufestival est\u00e1 em sua sexta edi\u00e7\u00e3o e acontece no pr\u00f3ximo domingo (18), com atividades das 11h \u00e0s 19h, na Universidade de Ribeir\u00e3o Preto (Unaerp) \u2013 Campus Guaruj\u00e1. O evento que re\u00fane amantes da cultura geek e asi\u00e1tica da Baixada Santista, promover\u00e1&hellip;","_links":{"self":[{"href":"https:\/\/dublagembrasileira.com.br\/index.php?rest_route=\/wp\/v2\/posts\/1994","targetHints":{"allow":["GET"]}}],"collection":[{"href":"https:\/\/dublagembrasileira.com.br\/index.php?rest_route=\/wp\/v2\/posts"}],"about":[{"href":"https:\/\/dublagembrasileira.com.br\/index.php?rest_route=\/wp\/v2\/types\/post"}],"author":[{"embeddable":true,"href":"https:\/\/dublagembrasileira.com.br\/index.php?rest_route=\/wp\/v2\/users\/4"}],"replies":[{"embeddable":true,"href":"https:\/\/dublagembrasileira.com.br\/index.php?rest_route=%2Fwp%2Fv2%2Fcomments&post=1994"}],"version-history":[{"count":1,"href":"https:\/\/dublagembrasileira.com.br\/index.php?rest_route=\/wp\/v2\/posts\/1994\/revisions"}],"predecessor-version":[{"id":1996,"href":"https:\/\/dublagembrasileira.com.br\/index.php?rest_route=\/wp\/v2\/posts\/1994\/revisions\/1996"}],"wp:featuredmedia":[{"embeddable":true,"href":"https:\/\/dublagembrasileira.com.br\/index.php?rest_route=\/wp\/v2\/media\/1995"}],"wp:attachment":[{"href":"https:\/\/dublagembrasileira.com.br\/index.php?rest_route=%2Fwp%2Fv2%2Fmedia&parent=1994"}],"wp:term":[{"taxonomy":"category","embeddable":true,"href":"https:\/\/dublagembrasileira.com.br\/index.php?rest_route=%2Fwp%2Fv2%2Fcategories&post=1994"},{"taxonomy":"post_tag","embeddable":true,"href":"https:\/\/dublagembrasileira.com.br\/index.php?rest_route=%2Fwp%2Fv2%2Ftags&post=1994"}],"curies":[{"name":"wp","href":"https:\/\/api.w.org\/{rel}","templated":true}]}}