{"id":1982,"date":"2019-08-13T15:08:53","date_gmt":"2019-08-13T15:08:53","guid":{"rendered":"http:\/\/dublagembrasileira.com.br\/?p=1982"},"modified":"2019-09-14T16:30:30","modified_gmt":"2019-09-14T16:30:30","slug":"conadubla-confirma-presenca-de-jorge-lucas","status":"publish","type":"post","link":"https:\/\/dublagembrasileira.com.br\/?p=1982","title":{"rendered":"CONADUBLA confirma presen\u00e7a de Jorge Lucas."},"content":{"rendered":"<h4 style=\"text-align: justify;\"><em>Voz do Ben Stiler e Fox Mulder (Arquivo X) estar\u00e1 no ConaDubla em agosto.<\/em><\/h4>\n<hr \/>\n<p style=\"text-align: justify;\">Mais um dublador foi confirmado hoje (13) no <strong>ConaDubla,<\/strong> o primeiro Congresso Nacional de Dublagem do Brasil, que acontece de forma totalmente online e gratuita. Como informado no <a href=\"http:\/\/www.conadubla.com.br\/\">site oficia<\/a>l do evento.<\/p>\n<p style=\"text-align: justify;\">O nome agora \u00e9 de Jorge Lucas, dublador que ingressou na profiss\u00e3o em 1992, passando por todos os est\u00fadios mais importantes do Rio. \u00c9 comum ouvir sua voz dublando atores como: Ben Affleck, Matt Damon, Jamie Foxx,\u00a0Vin Diesel,\u00a0Mark Ruffalo e\u00a0David Duchovny, esse \u00faltimo destacou-se ao dubl\u00e1-lo em <strong>Arquivo X<\/strong>. Atualmente est\u00e1 em frente \u00e0s c\u00e2meras interpretando o Dr. Mauri na novela <a href=\"http:\/\/dublagembrasileira.com.br\/?p=839\"><strong>Bom Sucesso<\/strong><\/a>.<\/p>\n<p style=\"text-align: justify;\">O objetivo do evento \u00e9 desmistificar a baixa qualidade da dublagem brasileira e fazer com que mais pessoas sintam prazer em assistir seus filmes, programas, desenhos, entre outros, de forma dublada.<\/p>\n<p style=\"text-align: justify;\">J\u00e1 est\u00e3o confirmados no congresso os tradutores Paulo Noriega e Dilma Machado; os dubladores Telma da Costa, Carol Crespo, Aline Ghezzi e Christiano Torre\u00e3o; a fonoaudi\u00f3loga Luisa Catoira; o sonoplasta Luciano Lira; a coach Ana Dur\u00e3o; a audioescritora Ana Julia Perrotti. At\u00e9 a data do evento outros nomes poder\u00e3o surgir.<\/p>\n<p>O <strong>ConaDubla <\/strong>ocorrer\u00e1 do dia 25 de agosto a 8 de setembro, online no <a href=\"http:\/\/conadubla.com.br\">site<\/a> do evento.<\/p>\n","protected":false},"excerpt":{"rendered":"<p>Voz do Ben Stiler e Fox Mulder (Arquivo X) estar\u00e1 no ConaDubla em agosto. Mais um dublador foi confirmado hoje (13) no ConaDubla, o primeiro Congresso Nacional de Dublagem do Brasil, que acontece de forma totalmente online e gratuita. Como informado no site oficial do evento. O nome agora \u00e9 de Jorge Lucas, dublador que ingressou na profiss\u00e3o em 1992, passando por todos os est\u00fadios mais importantes do Rio. \u00c9 comum ouvir sua voz dublando atores como: Ben Affleck, Matt Damon, Jamie Foxx,\u00a0Vin Diesel,\u00a0Mark Ruffalo e\u00a0David Duchovny, esse \u00faltimo destacou-se ao dubl\u00e1-lo em Arquivo X. Atualmente est\u00e1 em frente \u00e0s c\u00e2meras interpretando o Dr. Mauri na novela Bom Sucesso. O objetivo do evento \u00e9 desmistificar a baixa qualidade da dublagem brasileira e fazer com que mais pessoas sintam prazer em assistir seus filmes, programas, desenhos, entre outros, de forma dublada. J\u00e1 est\u00e3o confirmados no congresso os tradutores Paulo Noriega e Dilma Machado; os dubladores Telma da Costa, Carol Crespo, Aline Ghezzi e Christiano Torre\u00e3o; a fonoaudi\u00f3loga Luisa Catoira; o sonoplasta Luciano Lira; a coach Ana Dur\u00e3o; a audioescritora Ana Julia Perrotti. At\u00e9 a data do evento outros nomes poder\u00e3o surgir. O ConaDubla ocorrer\u00e1 do dia 25 de agosto a 8 de setembro, online no site do evento.<\/p>\n","protected":false},"author":4,"featured_media":1983,"comment_status":"open","ping_status":"open","sticky":false,"template":"","format":"standard","meta":{"_monsterinsights_skip_tracking":false,"_monsterinsights_sitenote_active":false,"_monsterinsights_sitenote_note":"","_monsterinsights_sitenote_category":0,"footnotes":""},"categories":[21,13],"tags":[127,124,33,34,27,66],"class_list":["post-1982","post","type-post","status-publish","format-standard","has-post-thumbnail","hentry","category-acontece","category-noticias","tag-dubla","tag-dublado","tag-dublador","tag-dubladora","tag-dublagem","tag-evento"],"yoast_head":"<!-- This site is optimized with the Yoast SEO plugin v26.1.1 - https:\/\/yoast.com\/wordpress\/plugins\/seo\/ -->\n<title>CONADUBLA confirma presen\u00e7a de Jorge Lucas. | DB - Dublagem Brasileira<\/title>\n<meta name=\"description\" content=\"CONADUBLA confirma presen\u00e7a de Jorge Lucas. Voz do Ben Stiler e Fox Mulder (Arquivo X) estar\u00e1 no ConaDubla em agosto.\" \/>\n<meta name=\"robots\" content=\"index, follow, max-snippet:-1, max-image-preview:large, max-video-preview:-1\" \/>\n<link rel=\"canonical\" href=\"https:\/\/dublagembrasileira.com.br\/?p=1982\" \/>\n<meta property=\"og:locale\" content=\"pt_BR\" \/>\n<meta property=\"og:type\" content=\"article\" \/>\n<meta property=\"og:title\" content=\"CONADUBLA confirma presen\u00e7a de Jorge Lucas. | DB - Dublagem Brasileira\" \/>\n<meta property=\"og:description\" content=\"CONADUBLA confirma presen\u00e7a de Jorge Lucas. Voz do Ben Stiler e Fox Mulder (Arquivo X) estar\u00e1 no ConaDubla em agosto.\" \/>\n<meta property=\"og:url\" content=\"https:\/\/dublagembrasileira.com.br\/?p=1982\" \/>\n<meta property=\"og:site_name\" content=\"DB - Dublagem Brasileira\" \/>\n<meta property=\"article:author\" content=\"https:\/\/www.facebook.com\/dublagembrasileira\" \/>\n<meta property=\"article:published_time\" content=\"2019-08-13T15:08:53+00:00\" \/>\n<meta property=\"article:modified_time\" content=\"2019-09-14T16:30:30+00:00\" \/>\n<meta property=\"og:image\" content=\"https:\/\/dublagembrasileira.com.br\/wp-content\/uploads\/2019\/08\/jorgelucas.jpg\" \/>\n\t<meta property=\"og:image:width\" content=\"704\" \/>\n\t<meta property=\"og:image:height\" content=\"496\" \/>\n\t<meta property=\"og:image:type\" content=\"image\/jpeg\" \/>\n<meta name=\"author\" content=\"Reda\u00e7\u00e3o\" \/>\n<meta name=\"twitter:card\" content=\"summary_large_image\" \/>\n<meta name=\"twitter:creator\" content=\"@dbdublagem\" \/>\n<meta name=\"twitter:label1\" content=\"Escrito por\" \/>\n\t<meta name=\"twitter:data1\" content=\"Reda\u00e7\u00e3o\" \/>\n\t<meta name=\"twitter:label2\" content=\"Est. tempo de leitura\" \/>\n\t<meta name=\"twitter:data2\" content=\"1 minuto\" \/>\n<script type=\"application\/ld+json\" class=\"yoast-schema-graph\">{\"@context\":\"https:\/\/schema.org\",\"@graph\":[{\"@type\":\"Article\",\"@id\":\"https:\/\/dublagembrasileira.com.br\/?p=1982#article\",\"isPartOf\":{\"@id\":\"https:\/\/dublagembrasileira.com.br\/?p=1982\"},\"author\":{\"name\":\"Reda\u00e7\u00e3o\",\"@id\":\"https:\/\/dublagembrasileira.com.br\/#\/schema\/person\/a75bac594c0e9a0b96508b7e124f20d1\"},\"headline\":\"CONADUBLA confirma presen\u00e7a de Jorge Lucas.\",\"datePublished\":\"2019-08-13T15:08:53+00:00\",\"dateModified\":\"2019-09-14T16:30:30+00:00\",\"mainEntityOfPage\":{\"@id\":\"https:\/\/dublagembrasileira.com.br\/?p=1982\"},\"wordCount\":219,\"commentCount\":0,\"publisher\":{\"@id\":\"https:\/\/dublagembrasileira.com.br\/#organization\"},\"image\":{\"@id\":\"https:\/\/dublagembrasileira.com.br\/?p=1982#primaryimage\"},\"thumbnailUrl\":\"https:\/\/dublagembrasileira.com.br\/wp-content\/uploads\/2019\/08\/jorgelucas.jpg\",\"keywords\":[\"dubla\",\"dublado\",\"dublador\",\"dubladora\",\"dublagem\",\"evento\"],\"articleSection\":[\"Acontece\",\"Not\u00edcias\"],\"inLanguage\":\"pt-BR\",\"potentialAction\":[{\"@type\":\"CommentAction\",\"name\":\"Comment\",\"target\":[\"https:\/\/dublagembrasileira.com.br\/?p=1982#respond\"]}]},{\"@type\":\"WebPage\",\"@id\":\"https:\/\/dublagembrasileira.com.br\/?p=1982\",\"url\":\"https:\/\/dublagembrasileira.com.br\/?p=1982\",\"name\":\"CONADUBLA confirma presen\u00e7a de Jorge Lucas. | DB - Dublagem Brasileira\",\"isPartOf\":{\"@id\":\"https:\/\/dublagembrasileira.com.br\/#website\"},\"primaryImageOfPage\":{\"@id\":\"https:\/\/dublagembrasileira.com.br\/?p=1982#primaryimage\"},\"image\":{\"@id\":\"https:\/\/dublagembrasileira.com.br\/?p=1982#primaryimage\"},\"thumbnailUrl\":\"https:\/\/dublagembrasileira.com.br\/wp-content\/uploads\/2019\/08\/jorgelucas.jpg\",\"datePublished\":\"2019-08-13T15:08:53+00:00\",\"dateModified\":\"2019-09-14T16:30:30+00:00\",\"description\":\"CONADUBLA confirma presen\u00e7a de Jorge Lucas. Voz do Ben Stiler e Fox Mulder (Arquivo X) estar\u00e1 no ConaDubla em agosto.\",\"breadcrumb\":{\"@id\":\"https:\/\/dublagembrasileira.com.br\/?p=1982#breadcrumb\"},\"inLanguage\":\"pt-BR\",\"potentialAction\":[{\"@type\":\"ReadAction\",\"target\":[\"https:\/\/dublagembrasileira.com.br\/?p=1982\"]}]},{\"@type\":\"ImageObject\",\"inLanguage\":\"pt-BR\",\"@id\":\"https:\/\/dublagembrasileira.com.br\/?p=1982#primaryimage\",\"url\":\"https:\/\/dublagembrasileira.com.br\/wp-content\/uploads\/2019\/08\/jorgelucas.jpg\",\"contentUrl\":\"https:\/\/dublagembrasileira.com.br\/wp-content\/uploads\/2019\/08\/jorgelucas.jpg\",\"width\":704,\"height\":496},{\"@type\":\"BreadcrumbList\",\"@id\":\"https:\/\/dublagembrasileira.com.br\/?p=1982#breadcrumb\",\"itemListElement\":[{\"@type\":\"ListItem\",\"position\":1,\"name\":\"In\u00edcio\",\"item\":\"https:\/\/dublagembrasileira.com.br\/\"},{\"@type\":\"ListItem\",\"position\":2,\"name\":\"CONADUBLA confirma presen\u00e7a de Jorge Lucas.\"}]},{\"@type\":\"WebSite\",\"@id\":\"https:\/\/dublagembrasileira.com.br\/#website\",\"url\":\"https:\/\/dublagembrasileira.com.br\/\",\"name\":\"DB - Dublagem Brasileira\",\"description\":\"O seu portal de dublagem.\",\"publisher\":{\"@id\":\"https:\/\/dublagembrasileira.com.br\/#organization\"},\"potentialAction\":[{\"@type\":\"SearchAction\",\"target\":{\"@type\":\"EntryPoint\",\"urlTemplate\":\"https:\/\/dublagembrasileira.com.br\/?s={search_term_string}\"},\"query-input\":{\"@type\":\"PropertyValueSpecification\",\"valueRequired\":true,\"valueName\":\"search_term_string\"}}],\"inLanguage\":\"pt-BR\"},{\"@type\":\"Organization\",\"@id\":\"https:\/\/dublagembrasileira.com.br\/#organization\",\"name\":\"DB - Dublagem Brasileira\",\"url\":\"https:\/\/dublagembrasileira.com.br\/\",\"logo\":{\"@type\":\"ImageObject\",\"inLanguage\":\"pt-BR\",\"@id\":\"https:\/\/dublagembrasileira.com.br\/#\/schema\/logo\/image\/\",\"url\":\"https:\/\/dublagembrasileira.com.br\/wp-content\/uploads\/2019\/07\/cropped-logotipodb.png\",\"contentUrl\":\"https:\/\/dublagembrasileira.com.br\/wp-content\/uploads\/2019\/07\/cropped-logotipodb.png\",\"width\":946,\"height\":589,\"caption\":\"DB - Dublagem Brasileira\"},\"image\":{\"@id\":\"https:\/\/dublagembrasileira.com.br\/#\/schema\/logo\/image\/\"}},{\"@type\":\"Person\",\"@id\":\"https:\/\/dublagembrasileira.com.br\/#\/schema\/person\/a75bac594c0e9a0b96508b7e124f20d1\",\"name\":\"Reda\u00e7\u00e3o\",\"image\":{\"@type\":\"ImageObject\",\"inLanguage\":\"pt-BR\",\"@id\":\"https:\/\/dublagembrasileira.com.br\/#\/schema\/person\/image\/\",\"url\":\"http:\/\/dublagembrasileira.com.br\/wp-content\/uploads\/2025\/06\/admin-96x96.jpg\",\"contentUrl\":\"http:\/\/dublagembrasileira.com.br\/wp-content\/uploads\/2025\/06\/admin-96x96.jpg\",\"caption\":\"Reda\u00e7\u00e3o\"},\"description\":\"Equipe do DB.\",\"sameAs\":[\"https:\/\/www.facebook.com\/dublagembrasileira\",\"https:\/\/www.instagram.com\/dbdublagembrasileira\",\"https:\/\/x.com\/dbdublagem\"],\"url\":\"https:\/\/dublagembrasileira.com.br\/?author=4\"}]}<\/script>\n<!-- \/ Yoast SEO plugin. -->","yoast_head_json":{"title":"CONADUBLA confirma presen\u00e7a de Jorge Lucas. | DB - Dublagem Brasileira","description":"CONADUBLA confirma presen\u00e7a de Jorge Lucas. Voz do Ben Stiler e Fox Mulder (Arquivo X) estar\u00e1 no ConaDubla em agosto.","robots":{"index":"index","follow":"follow","max-snippet":"max-snippet:-1","max-image-preview":"max-image-preview:large","max-video-preview":"max-video-preview:-1"},"canonical":"https:\/\/dublagembrasileira.com.br\/?p=1982","og_locale":"pt_BR","og_type":"article","og_title":"CONADUBLA confirma presen\u00e7a de Jorge Lucas. | DB - Dublagem Brasileira","og_description":"CONADUBLA confirma presen\u00e7a de Jorge Lucas. Voz do Ben Stiler e Fox Mulder (Arquivo X) estar\u00e1 no ConaDubla em agosto.","og_url":"https:\/\/dublagembrasileira.com.br\/?p=1982","og_site_name":"DB - Dublagem Brasileira","article_author":"https:\/\/www.facebook.com\/dublagembrasileira","article_published_time":"2019-08-13T15:08:53+00:00","article_modified_time":"2019-09-14T16:30:30+00:00","og_image":[{"width":704,"height":496,"url":"https:\/\/dublagembrasileira.com.br\/wp-content\/uploads\/2019\/08\/jorgelucas.jpg","type":"image\/jpeg"}],"author":"Reda\u00e7\u00e3o","twitter_card":"summary_large_image","twitter_creator":"@dbdublagem","twitter_misc":{"Escrito por":"Reda\u00e7\u00e3o","Est. tempo de leitura":"1 minuto"},"schema":{"@context":"https:\/\/schema.org","@graph":[{"@type":"Article","@id":"https:\/\/dublagembrasileira.com.br\/?p=1982#article","isPartOf":{"@id":"https:\/\/dublagembrasileira.com.br\/?p=1982"},"author":{"name":"Reda\u00e7\u00e3o","@id":"https:\/\/dublagembrasileira.com.br\/#\/schema\/person\/a75bac594c0e9a0b96508b7e124f20d1"},"headline":"CONADUBLA confirma presen\u00e7a de Jorge Lucas.","datePublished":"2019-08-13T15:08:53+00:00","dateModified":"2019-09-14T16:30:30+00:00","mainEntityOfPage":{"@id":"https:\/\/dublagembrasileira.com.br\/?p=1982"},"wordCount":219,"commentCount":0,"publisher":{"@id":"https:\/\/dublagembrasileira.com.br\/#organization"},"image":{"@id":"https:\/\/dublagembrasileira.com.br\/?p=1982#primaryimage"},"thumbnailUrl":"https:\/\/dublagembrasileira.com.br\/wp-content\/uploads\/2019\/08\/jorgelucas.jpg","keywords":["dubla","dublado","dublador","dubladora","dublagem","evento"],"articleSection":["Acontece","Not\u00edcias"],"inLanguage":"pt-BR","potentialAction":[{"@type":"CommentAction","name":"Comment","target":["https:\/\/dublagembrasileira.com.br\/?p=1982#respond"]}]},{"@type":"WebPage","@id":"https:\/\/dublagembrasileira.com.br\/?p=1982","url":"https:\/\/dublagembrasileira.com.br\/?p=1982","name":"CONADUBLA confirma presen\u00e7a de Jorge Lucas. | DB - Dublagem Brasileira","isPartOf":{"@id":"https:\/\/dublagembrasileira.com.br\/#website"},"primaryImageOfPage":{"@id":"https:\/\/dublagembrasileira.com.br\/?p=1982#primaryimage"},"image":{"@id":"https:\/\/dublagembrasileira.com.br\/?p=1982#primaryimage"},"thumbnailUrl":"https:\/\/dublagembrasileira.com.br\/wp-content\/uploads\/2019\/08\/jorgelucas.jpg","datePublished":"2019-08-13T15:08:53+00:00","dateModified":"2019-09-14T16:30:30+00:00","description":"CONADUBLA confirma presen\u00e7a de Jorge Lucas. Voz do Ben Stiler e Fox Mulder (Arquivo X) estar\u00e1 no ConaDubla em agosto.","breadcrumb":{"@id":"https:\/\/dublagembrasileira.com.br\/?p=1982#breadcrumb"},"inLanguage":"pt-BR","potentialAction":[{"@type":"ReadAction","target":["https:\/\/dublagembrasileira.com.br\/?p=1982"]}]},{"@type":"ImageObject","inLanguage":"pt-BR","@id":"https:\/\/dublagembrasileira.com.br\/?p=1982#primaryimage","url":"https:\/\/dublagembrasileira.com.br\/wp-content\/uploads\/2019\/08\/jorgelucas.jpg","contentUrl":"https:\/\/dublagembrasileira.com.br\/wp-content\/uploads\/2019\/08\/jorgelucas.jpg","width":704,"height":496},{"@type":"BreadcrumbList","@id":"https:\/\/dublagembrasileira.com.br\/?p=1982#breadcrumb","itemListElement":[{"@type":"ListItem","position":1,"name":"In\u00edcio","item":"https:\/\/dublagembrasileira.com.br\/"},{"@type":"ListItem","position":2,"name":"CONADUBLA confirma presen\u00e7a de Jorge Lucas."}]},{"@type":"WebSite","@id":"https:\/\/dublagembrasileira.com.br\/#website","url":"https:\/\/dublagembrasileira.com.br\/","name":"DB - Dublagem Brasileira","description":"O seu portal de dublagem.","publisher":{"@id":"https:\/\/dublagembrasileira.com.br\/#organization"},"potentialAction":[{"@type":"SearchAction","target":{"@type":"EntryPoint","urlTemplate":"https:\/\/dublagembrasileira.com.br\/?s={search_term_string}"},"query-input":{"@type":"PropertyValueSpecification","valueRequired":true,"valueName":"search_term_string"}}],"inLanguage":"pt-BR"},{"@type":"Organization","@id":"https:\/\/dublagembrasileira.com.br\/#organization","name":"DB - Dublagem Brasileira","url":"https:\/\/dublagembrasileira.com.br\/","logo":{"@type":"ImageObject","inLanguage":"pt-BR","@id":"https:\/\/dublagembrasileira.com.br\/#\/schema\/logo\/image\/","url":"https:\/\/dublagembrasileira.com.br\/wp-content\/uploads\/2019\/07\/cropped-logotipodb.png","contentUrl":"https:\/\/dublagembrasileira.com.br\/wp-content\/uploads\/2019\/07\/cropped-logotipodb.png","width":946,"height":589,"caption":"DB - Dublagem Brasileira"},"image":{"@id":"https:\/\/dublagembrasileira.com.br\/#\/schema\/logo\/image\/"}},{"@type":"Person","@id":"https:\/\/dublagembrasileira.com.br\/#\/schema\/person\/a75bac594c0e9a0b96508b7e124f20d1","name":"Reda\u00e7\u00e3o","image":{"@type":"ImageObject","inLanguage":"pt-BR","@id":"https:\/\/dublagembrasileira.com.br\/#\/schema\/person\/image\/","url":"http:\/\/dublagembrasileira.com.br\/wp-content\/uploads\/2025\/06\/admin-96x96.jpg","contentUrl":"http:\/\/dublagembrasileira.com.br\/wp-content\/uploads\/2025\/06\/admin-96x96.jpg","caption":"Reda\u00e7\u00e3o"},"description":"Equipe do DB.","sameAs":["https:\/\/www.facebook.com\/dublagembrasileira","https:\/\/www.instagram.com\/dbdublagembrasileira","https:\/\/x.com\/dbdublagem"],"url":"https:\/\/dublagembrasileira.com.br\/?author=4"}]}},"rttpg_featured_image_url":{"full":["https:\/\/dublagembrasileira.com.br\/wp-content\/uploads\/2019\/08\/jorgelucas.jpg",704,496,false],"landscape":["https:\/\/dublagembrasileira.com.br\/wp-content\/uploads\/2019\/08\/jorgelucas.jpg",704,496,false],"portraits":["https:\/\/dublagembrasileira.com.br\/wp-content\/uploads\/2019\/08\/jorgelucas.jpg",704,496,false],"thumbnail":["https:\/\/dublagembrasileira.com.br\/wp-content\/uploads\/2019\/08\/jorgelucas-150x150.jpg",150,150,true],"medium":["https:\/\/dublagembrasileira.com.br\/wp-content\/uploads\/2019\/08\/jorgelucas-300x211.jpg",300,211,true],"large":["https:\/\/dublagembrasileira.com.br\/wp-content\/uploads\/2019\/08\/jorgelucas.jpg",640,451,false],"1536x1536":["https:\/\/dublagembrasileira.com.br\/wp-content\/uploads\/2019\/08\/jorgelucas.jpg",704,496,false],"2048x2048":["https:\/\/dublagembrasileira.com.br\/wp-content\/uploads\/2019\/08\/jorgelucas.jpg",704,496,false],"eggnews-slider-large":["https:\/\/dublagembrasileira.com.br\/wp-content\/uploads\/2019\/08\/jorgelucas.jpg",704,496,false],"eggnews-featured-medium":["https:\/\/dublagembrasileira.com.br\/wp-content\/uploads\/2019\/08\/jorgelucas-420x307.jpg",420,307,true],"eggnews-featured-long":["https:\/\/dublagembrasileira.com.br\/wp-content\/uploads\/2019\/08\/jorgelucas-300x443.jpg",300,443,true],"eggnews-block-medium":["https:\/\/dublagembrasileira.com.br\/wp-content\/uploads\/2019\/08\/jorgelucas-464x290.jpg",464,290,true],"eggnews-carousel-image":["https:\/\/dublagembrasileira.com.br\/wp-content\/uploads\/2019\/08\/jorgelucas-600x496.jpg",600,496,true],"eggnews-block-thumb":["https:\/\/dublagembrasileira.com.br\/wp-content\/uploads\/2019\/08\/jorgelucas-322x230.jpg",322,230,true],"eggnews-single-large":["https:\/\/dublagembrasileira.com.br\/wp-content\/uploads\/2019\/08\/jorgelucas.jpg",704,496,false],"crp_thumbnail":["https:\/\/dublagembrasileira.com.br\/wp-content\/uploads\/2019\/08\/jorgelucas-150x150.jpg",150,150,true]},"rttpg_author":{"display_name":"Reda\u00e7\u00e3o","author_link":"https:\/\/dublagembrasileira.com.br\/?author=4"},"rttpg_comment":0,"rttpg_category":"<a href=\"https:\/\/dublagembrasileira.com.br\/?cat=21\" rel=\"category\">Acontece<\/a> <a href=\"https:\/\/dublagembrasileira.com.br\/?cat=13\" rel=\"category\">Not\u00edcias<\/a>","rttpg_excerpt":"Voz do Ben Stiler e Fox Mulder (Arquivo X) estar\u00e1 no ConaDubla em agosto. Mais um dublador foi confirmado hoje (13) no ConaDubla, o primeiro Congresso Nacional de Dublagem do Brasil, que acontece de forma totalmente online e gratuita. Como informado no site oficial do evento. O nome agora \u00e9 de Jorge Lucas, dublador que&hellip;","_links":{"self":[{"href":"https:\/\/dublagembrasileira.com.br\/index.php?rest_route=\/wp\/v2\/posts\/1982","targetHints":{"allow":["GET"]}}],"collection":[{"href":"https:\/\/dublagembrasileira.com.br\/index.php?rest_route=\/wp\/v2\/posts"}],"about":[{"href":"https:\/\/dublagembrasileira.com.br\/index.php?rest_route=\/wp\/v2\/types\/post"}],"author":[{"embeddable":true,"href":"https:\/\/dublagembrasileira.com.br\/index.php?rest_route=\/wp\/v2\/users\/4"}],"replies":[{"embeddable":true,"href":"https:\/\/dublagembrasileira.com.br\/index.php?rest_route=%2Fwp%2Fv2%2Fcomments&post=1982"}],"version-history":[{"count":4,"href":"https:\/\/dublagembrasileira.com.br\/index.php?rest_route=\/wp\/v2\/posts\/1982\/revisions"}],"predecessor-version":[{"id":2976,"href":"https:\/\/dublagembrasileira.com.br\/index.php?rest_route=\/wp\/v2\/posts\/1982\/revisions\/2976"}],"wp:featuredmedia":[{"embeddable":true,"href":"https:\/\/dublagembrasileira.com.br\/index.php?rest_route=\/wp\/v2\/media\/1983"}],"wp:attachment":[{"href":"https:\/\/dublagembrasileira.com.br\/index.php?rest_route=%2Fwp%2Fv2%2Fmedia&parent=1982"}],"wp:term":[{"taxonomy":"category","embeddable":true,"href":"https:\/\/dublagembrasileira.com.br\/index.php?rest_route=%2Fwp%2Fv2%2Fcategories&post=1982"},{"taxonomy":"post_tag","embeddable":true,"href":"https:\/\/dublagembrasileira.com.br\/index.php?rest_route=%2Fwp%2Fv2%2Ftags&post=1982"}],"curies":[{"name":"wp","href":"https:\/\/api.w.org\/{rel}","templated":true}]}}