{"id":1947,"date":"2019-08-12T12:48:29","date_gmt":"2019-08-12T12:48:29","guid":{"rendered":"http:\/\/dublagembrasileira.com.br\/?p=1947"},"modified":"2019-08-13T12:31:14","modified_gmt":"2019-08-13T12:31:14","slug":"bianca-alencar-esta-confirmada-no-24o-pira-anime-fest","status":"publish","type":"post","link":"https:\/\/dublagembrasileira.com.br\/?p=1947","title":{"rendered":"Bianca Alencar est\u00e1 confirmada no 24\u00ba Pira Anime Fest."},"content":{"rendered":"<h4 style=\"text-align: justify;\"><em>Dubladora do Twilight em My Little Pony \u00e9 atra\u00e7\u00e3o em evento geek de Piracicaba.<\/em><\/h4>\n<hr \/>\n<p style=\"text-align: justify;\">No pr\u00f3ximo dia 19 de setembro acontece em Piracicaba o <a href=\"https:\/\/www.eventbrite.com.br\/e\/24o-pira-anime-fest-tickets-54706095404\"><strong>24\u00ba Pira Anime Fest\u00a0 <\/strong><\/a>o maior e mais tradicional evento evento Geek e de Entretenimento Jovem da regi\u00e3o de Piracicaba.<\/p>\n<p style=\"text-align: justify;\">O evento pertence ao Circuito Anime Fest de Eventos da Avalon Eventos, que conta com edi\u00e7\u00f5es nas cidades de Campinas, Ribeir\u00e3o Preto, Piracicaba, Americana, Jundia\u00ed, Limeira e S\u00e3o Jos\u00e9 dos Campos.<\/p>\n<p style=\"text-align: justify;\">Atualmente o Anime Fest \u00e9 o maior evento de cultura Pop do interior Paulista, e j\u00e1 realizou mais de 100 edi\u00e7\u00f5es em todo o Estado de S\u00e3o Paulo, com um p\u00fablico somado de mais de 300 mil visitantes.<\/p>\n<p style=\"text-align: justify;\">O Pira Anime Fest chega em sua 24\u00aa edi\u00e7\u00e3o com dezenas de atra\u00e7\u00f5es: convidados, lojas especializadas, torneios de games, dan\u00e7a, e muito mais! Entre os nomes confirmados est\u00e1 a dubladora <strong><a href=\"http:\/\/dublagembrasileira.com.br\/?p=306\">Bianca de Alencar<\/a><\/strong>.<\/p>\n<p style=\"text-align: justify;\">Bianca ingressou no mundo da dublagem aos 11 anos de idade, tornando-se muito atuante no meio. Fez a Pinky (<strong>Pinky Dinky Doo<\/strong>), Lola (<strong>Charlie e Lola<\/strong>), Linny (<strong>Super Fofos<\/strong>), Gabriela (<strong>Sid, o Cientista<\/strong>), Twilight (<strong>My Little Pony<\/strong>), Allisyn Ashley Arm (<strong>Sunny entre Estrelas, Sem Sentido!<\/strong>), Gabi em (<strong>As Aventuras de Doki)<\/strong>, entre outros.<\/p>\n<p style=\"text-align: justify;\"><strong>Dia:<\/strong> 19 de setembro<br \/>\n<strong>Hor\u00e1rio:<\/strong> Das 11h \u00e0s 19h<br \/>\n<strong>Custo:<\/strong> A partir de R$26,00<br \/>\n<strong>Local:<\/strong> Dom Bosco Cidade Alta<br \/>\nRua Alfredo Guedes, 1199, Cidade Alta \u2013 Piracicaba\/SP<\/p>\n<p style=\"text-align: justify;\"><strong>Mais informa\u00e7\u00f5es no <\/strong><a href=\"https:\/\/www.eventbrite.com.br\/e\/24o-pira-anime-fest-tickets-54706095404\"><strong>site oficial.<\/strong><\/a><\/p>\n","protected":false},"excerpt":{"rendered":"<p>Dubladora do Twilight em My Little Pony \u00e9 atra\u00e7\u00e3o em evento geek de Piracicaba. No pr\u00f3ximo dia 19 de setembro acontece em Piracicaba o 24\u00ba Pira Anime Fest\u00a0 o maior e mais tradicional evento evento Geek e de Entretenimento Jovem da regi\u00e3o de Piracicaba. O evento pertence ao Circuito Anime Fest de Eventos da Avalon Eventos, que conta com edi\u00e7\u00f5es nas cidades de Campinas, Ribeir\u00e3o Preto, Piracicaba, Americana, Jundia\u00ed, Limeira e S\u00e3o Jos\u00e9 dos Campos. Atualmente o Anime Fest \u00e9 o maior evento de cultura Pop do interior Paulista, e j\u00e1 realizou mais de 100 edi\u00e7\u00f5es em todo o Estado de S\u00e3o Paulo, com um p\u00fablico somado de mais de 300 mil visitantes. O Pira Anime Fest chega em sua 24\u00aa edi\u00e7\u00e3o com dezenas de atra\u00e7\u00f5es: convidados, lojas especializadas, torneios de games, dan\u00e7a, e muito mais! Entre os nomes confirmados est\u00e1 a dubladora Bianca de Alencar. Bianca ingressou no mundo da dublagem aos 11 anos de idade, tornando-se muito atuante no meio. Fez a Pinky (Pinky Dinky Doo), Lola (Charlie e Lola), Linny (Super Fofos), Gabriela (Sid, o Cientista), Twilight (My Little Pony), Allisyn Ashley Arm (Sunny entre Estrelas, Sem Sentido!), Gabi em (As Aventuras de Doki), entre outros. Dia: 19 de setembro Hor\u00e1rio: Das 11h \u00e0s 19h Custo: A partir de R$26,00 Local: Dom Bosco Cidade Alta Rua Alfredo Guedes, 1199, Cidade Alta \u2013 Piracicaba\/SP Mais informa\u00e7\u00f5es no site oficial.<\/p>\n","protected":false},"author":4,"featured_media":332,"comment_status":"open","ping_status":"open","sticky":false,"template":"","format":"standard","meta":{"_monsterinsights_skip_tracking":false,"_monsterinsights_sitenote_active":false,"_monsterinsights_sitenote_note":"","_monsterinsights_sitenote_category":0,"footnotes":""},"categories":[21,13],"tags":[127,124,33,34,27,66],"class_list":["post-1947","post","type-post","status-publish","format-standard","has-post-thumbnail","hentry","category-acontece","category-noticias","tag-dubla","tag-dublado","tag-dublador","tag-dubladora","tag-dublagem","tag-evento"],"yoast_head":"<!-- This site is optimized with the Yoast SEO plugin v26.1.1 - https:\/\/yoast.com\/wordpress\/plugins\/seo\/ -->\n<title>Bianca Alencar est\u00e1 confirmada no 24\u00ba Pira Anime Fest. | DB - Dublagem Brasileira<\/title>\n<meta name=\"robots\" content=\"index, follow, max-snippet:-1, max-image-preview:large, max-video-preview:-1\" \/>\n<link rel=\"canonical\" href=\"https:\/\/dublagembrasileira.com.br\/?p=1947\" \/>\n<meta property=\"og:locale\" content=\"pt_BR\" \/>\n<meta property=\"og:type\" content=\"article\" \/>\n<meta property=\"og:title\" content=\"Bianca Alencar est\u00e1 confirmada no 24\u00ba Pira Anime Fest. | DB - Dublagem Brasileira\" \/>\n<meta property=\"og:description\" content=\"Dubladora do Twilight em My Little Pony \u00e9 atra\u00e7\u00e3o em evento geek de Piracicaba. No pr\u00f3ximo dia 19 de setembro acontece em Piracicaba o 24\u00ba Pira Anime Fest\u00a0 o maior e mais tradicional evento evento Geek e de Entretenimento Jovem da regi\u00e3o de Piracicaba. O evento pertence ao Circuito Anime Fest de Eventos da Avalon Eventos, que conta com edi\u00e7\u00f5es nas cidades de Campinas, Ribeir\u00e3o Preto, Piracicaba, Americana, Jundia\u00ed, Limeira e S\u00e3o Jos\u00e9 dos Campos. Atualmente o Anime Fest \u00e9 o maior evento de cultura Pop do interior Paulista, e j\u00e1 realizou mais de 100 edi\u00e7\u00f5es em todo o Estado de S\u00e3o Paulo, com um p\u00fablico somado de mais de 300 mil visitantes. O Pira Anime Fest chega em sua 24\u00aa edi\u00e7\u00e3o com dezenas de atra\u00e7\u00f5es: convidados, lojas especializadas, torneios de games, dan\u00e7a, e muito mais! Entre os nomes confirmados est\u00e1 a dubladora Bianca de Alencar. Bianca ingressou no mundo da dublagem aos 11 anos de idade, tornando-se muito atuante no meio. Fez a Pinky (Pinky Dinky Doo), Lola (Charlie e Lola), Linny (Super Fofos), Gabriela (Sid, o Cientista), Twilight (My Little Pony), Allisyn Ashley Arm (Sunny entre Estrelas, Sem Sentido!), Gabi em (As Aventuras de Doki), entre outros. Dia: 19 de setembro Hor\u00e1rio: Das 11h \u00e0s 19h Custo: A partir de R$26,00 Local: Dom Bosco Cidade Alta Rua Alfredo Guedes, 1199, Cidade Alta \u2013 Piracicaba\/SP Mais informa\u00e7\u00f5es no site oficial.\" \/>\n<meta property=\"og:url\" content=\"https:\/\/dublagembrasileira.com.br\/?p=1947\" \/>\n<meta property=\"og:site_name\" content=\"DB - Dublagem Brasileira\" \/>\n<meta property=\"article:author\" content=\"https:\/\/www.facebook.com\/dublagembrasileira\" \/>\n<meta property=\"article:published_time\" content=\"2019-08-12T12:48:29+00:00\" \/>\n<meta property=\"article:modified_time\" content=\"2019-08-13T12:31:14+00:00\" \/>\n<meta property=\"og:image\" content=\"https:\/\/dublagembrasileira.com.br\/wp-content\/uploads\/2019\/07\/bale.jpg\" \/>\n\t<meta property=\"og:image:width\" content=\"474\" \/>\n\t<meta property=\"og:image:height\" content=\"334\" \/>\n\t<meta property=\"og:image:type\" content=\"image\/jpeg\" \/>\n<meta name=\"author\" content=\"Reda\u00e7\u00e3o\" \/>\n<meta name=\"twitter:card\" content=\"summary_large_image\" \/>\n<meta name=\"twitter:creator\" content=\"@dbdublagem\" \/>\n<meta name=\"twitter:label1\" content=\"Escrito por\" \/>\n\t<meta name=\"twitter:data1\" content=\"Reda\u00e7\u00e3o\" \/>\n\t<meta name=\"twitter:label2\" content=\"Est. tempo de leitura\" \/>\n\t<meta name=\"twitter:data2\" content=\"1 minuto\" \/>\n<script type=\"application\/ld+json\" class=\"yoast-schema-graph\">{\"@context\":\"https:\/\/schema.org\",\"@graph\":[{\"@type\":\"Article\",\"@id\":\"https:\/\/dublagembrasileira.com.br\/?p=1947#article\",\"isPartOf\":{\"@id\":\"https:\/\/dublagembrasileira.com.br\/?p=1947\"},\"author\":{\"name\":\"Reda\u00e7\u00e3o\",\"@id\":\"https:\/\/dublagembrasileira.com.br\/#\/schema\/person\/a75bac594c0e9a0b96508b7e124f20d1\"},\"headline\":\"Bianca Alencar est\u00e1 confirmada no 24\u00ba Pira Anime Fest.\",\"datePublished\":\"2019-08-12T12:48:29+00:00\",\"dateModified\":\"2019-08-13T12:31:14+00:00\",\"mainEntityOfPage\":{\"@id\":\"https:\/\/dublagembrasileira.com.br\/?p=1947\"},\"wordCount\":243,\"commentCount\":0,\"publisher\":{\"@id\":\"https:\/\/dublagembrasileira.com.br\/#organization\"},\"image\":{\"@id\":\"https:\/\/dublagembrasileira.com.br\/?p=1947#primaryimage\"},\"thumbnailUrl\":\"https:\/\/dublagembrasileira.com.br\/wp-content\/uploads\/2019\/07\/bale.jpg\",\"keywords\":[\"dubla\",\"dublado\",\"dublador\",\"dubladora\",\"dublagem\",\"evento\"],\"articleSection\":[\"Acontece\",\"Not\u00edcias\"],\"inLanguage\":\"pt-BR\",\"potentialAction\":[{\"@type\":\"CommentAction\",\"name\":\"Comment\",\"target\":[\"https:\/\/dublagembrasileira.com.br\/?p=1947#respond\"]}]},{\"@type\":\"WebPage\",\"@id\":\"https:\/\/dublagembrasileira.com.br\/?p=1947\",\"url\":\"https:\/\/dublagembrasileira.com.br\/?p=1947\",\"name\":\"Bianca Alencar est\u00e1 confirmada no 24\u00ba Pira Anime Fest. | DB - Dublagem Brasileira\",\"isPartOf\":{\"@id\":\"https:\/\/dublagembrasileira.com.br\/#website\"},\"primaryImageOfPage\":{\"@id\":\"https:\/\/dublagembrasileira.com.br\/?p=1947#primaryimage\"},\"image\":{\"@id\":\"https:\/\/dublagembrasileira.com.br\/?p=1947#primaryimage\"},\"thumbnailUrl\":\"https:\/\/dublagembrasileira.com.br\/wp-content\/uploads\/2019\/07\/bale.jpg\",\"datePublished\":\"2019-08-12T12:48:29+00:00\",\"dateModified\":\"2019-08-13T12:31:14+00:00\",\"breadcrumb\":{\"@id\":\"https:\/\/dublagembrasileira.com.br\/?p=1947#breadcrumb\"},\"inLanguage\":\"pt-BR\",\"potentialAction\":[{\"@type\":\"ReadAction\",\"target\":[\"https:\/\/dublagembrasileira.com.br\/?p=1947\"]}]},{\"@type\":\"ImageObject\",\"inLanguage\":\"pt-BR\",\"@id\":\"https:\/\/dublagembrasileira.com.br\/?p=1947#primaryimage\",\"url\":\"https:\/\/dublagembrasileira.com.br\/wp-content\/uploads\/2019\/07\/bale.jpg\",\"contentUrl\":\"https:\/\/dublagembrasileira.com.br\/wp-content\/uploads\/2019\/07\/bale.jpg\",\"width\":474,\"height\":334},{\"@type\":\"BreadcrumbList\",\"@id\":\"https:\/\/dublagembrasileira.com.br\/?p=1947#breadcrumb\",\"itemListElement\":[{\"@type\":\"ListItem\",\"position\":1,\"name\":\"In\u00edcio\",\"item\":\"https:\/\/dublagembrasileira.com.br\/\"},{\"@type\":\"ListItem\",\"position\":2,\"name\":\"Bianca Alencar est\u00e1 confirmada no 24\u00ba Pira Anime Fest.\"}]},{\"@type\":\"WebSite\",\"@id\":\"https:\/\/dublagembrasileira.com.br\/#website\",\"url\":\"https:\/\/dublagembrasileira.com.br\/\",\"name\":\"DB - Dublagem Brasileira\",\"description\":\"O seu portal de dublagem.\",\"publisher\":{\"@id\":\"https:\/\/dublagembrasileira.com.br\/#organization\"},\"potentialAction\":[{\"@type\":\"SearchAction\",\"target\":{\"@type\":\"EntryPoint\",\"urlTemplate\":\"https:\/\/dublagembrasileira.com.br\/?s={search_term_string}\"},\"query-input\":{\"@type\":\"PropertyValueSpecification\",\"valueRequired\":true,\"valueName\":\"search_term_string\"}}],\"inLanguage\":\"pt-BR\"},{\"@type\":\"Organization\",\"@id\":\"https:\/\/dublagembrasileira.com.br\/#organization\",\"name\":\"DB - Dublagem Brasileira\",\"url\":\"https:\/\/dublagembrasileira.com.br\/\",\"logo\":{\"@type\":\"ImageObject\",\"inLanguage\":\"pt-BR\",\"@id\":\"https:\/\/dublagembrasileira.com.br\/#\/schema\/logo\/image\/\",\"url\":\"https:\/\/dublagembrasileira.com.br\/wp-content\/uploads\/2019\/07\/cropped-logotipodb.png\",\"contentUrl\":\"https:\/\/dublagembrasileira.com.br\/wp-content\/uploads\/2019\/07\/cropped-logotipodb.png\",\"width\":946,\"height\":589,\"caption\":\"DB - Dublagem Brasileira\"},\"image\":{\"@id\":\"https:\/\/dublagembrasileira.com.br\/#\/schema\/logo\/image\/\"}},{\"@type\":\"Person\",\"@id\":\"https:\/\/dublagembrasileira.com.br\/#\/schema\/person\/a75bac594c0e9a0b96508b7e124f20d1\",\"name\":\"Reda\u00e7\u00e3o\",\"image\":{\"@type\":\"ImageObject\",\"inLanguage\":\"pt-BR\",\"@id\":\"https:\/\/dublagembrasileira.com.br\/#\/schema\/person\/image\/\",\"url\":\"http:\/\/dublagembrasileira.com.br\/wp-content\/uploads\/2025\/06\/admin-96x96.jpg\",\"contentUrl\":\"http:\/\/dublagembrasileira.com.br\/wp-content\/uploads\/2025\/06\/admin-96x96.jpg\",\"caption\":\"Reda\u00e7\u00e3o\"},\"description\":\"Equipe do DB.\",\"sameAs\":[\"https:\/\/www.facebook.com\/dublagembrasileira\",\"https:\/\/www.instagram.com\/dbdublagembrasileira\",\"https:\/\/x.com\/dbdublagem\"],\"url\":\"https:\/\/dublagembrasileira.com.br\/?author=4\"}]}<\/script>\n<!-- \/ Yoast SEO plugin. -->","yoast_head_json":{"title":"Bianca Alencar est\u00e1 confirmada no 24\u00ba Pira Anime Fest. | DB - Dublagem Brasileira","robots":{"index":"index","follow":"follow","max-snippet":"max-snippet:-1","max-image-preview":"max-image-preview:large","max-video-preview":"max-video-preview:-1"},"canonical":"https:\/\/dublagembrasileira.com.br\/?p=1947","og_locale":"pt_BR","og_type":"article","og_title":"Bianca Alencar est\u00e1 confirmada no 24\u00ba Pira Anime Fest. | DB - Dublagem Brasileira","og_description":"Dubladora do Twilight em My Little Pony \u00e9 atra\u00e7\u00e3o em evento geek de Piracicaba. No pr\u00f3ximo dia 19 de setembro acontece em Piracicaba o 24\u00ba Pira Anime Fest\u00a0 o maior e mais tradicional evento evento Geek e de Entretenimento Jovem da regi\u00e3o de Piracicaba. O evento pertence ao Circuito Anime Fest de Eventos da Avalon Eventos, que conta com edi\u00e7\u00f5es nas cidades de Campinas, Ribeir\u00e3o Preto, Piracicaba, Americana, Jundia\u00ed, Limeira e S\u00e3o Jos\u00e9 dos Campos. Atualmente o Anime Fest \u00e9 o maior evento de cultura Pop do interior Paulista, e j\u00e1 realizou mais de 100 edi\u00e7\u00f5es em todo o Estado de S\u00e3o Paulo, com um p\u00fablico somado de mais de 300 mil visitantes. O Pira Anime Fest chega em sua 24\u00aa edi\u00e7\u00e3o com dezenas de atra\u00e7\u00f5es: convidados, lojas especializadas, torneios de games, dan\u00e7a, e muito mais! Entre os nomes confirmados est\u00e1 a dubladora Bianca de Alencar. Bianca ingressou no mundo da dublagem aos 11 anos de idade, tornando-se muito atuante no meio. Fez a Pinky (Pinky Dinky Doo), Lola (Charlie e Lola), Linny (Super Fofos), Gabriela (Sid, o Cientista), Twilight (My Little Pony), Allisyn Ashley Arm (Sunny entre Estrelas, Sem Sentido!), Gabi em (As Aventuras de Doki), entre outros. Dia: 19 de setembro Hor\u00e1rio: Das 11h \u00e0s 19h Custo: A partir de R$26,00 Local: Dom Bosco Cidade Alta Rua Alfredo Guedes, 1199, Cidade Alta \u2013 Piracicaba\/SP Mais informa\u00e7\u00f5es no site oficial.","og_url":"https:\/\/dublagembrasileira.com.br\/?p=1947","og_site_name":"DB - Dublagem Brasileira","article_author":"https:\/\/www.facebook.com\/dublagembrasileira","article_published_time":"2019-08-12T12:48:29+00:00","article_modified_time":"2019-08-13T12:31:14+00:00","og_image":[{"width":474,"height":334,"url":"https:\/\/dublagembrasileira.com.br\/wp-content\/uploads\/2019\/07\/bale.jpg","type":"image\/jpeg"}],"author":"Reda\u00e7\u00e3o","twitter_card":"summary_large_image","twitter_creator":"@dbdublagem","twitter_misc":{"Escrito por":"Reda\u00e7\u00e3o","Est. tempo de leitura":"1 minuto"},"schema":{"@context":"https:\/\/schema.org","@graph":[{"@type":"Article","@id":"https:\/\/dublagembrasileira.com.br\/?p=1947#article","isPartOf":{"@id":"https:\/\/dublagembrasileira.com.br\/?p=1947"},"author":{"name":"Reda\u00e7\u00e3o","@id":"https:\/\/dublagembrasileira.com.br\/#\/schema\/person\/a75bac594c0e9a0b96508b7e124f20d1"},"headline":"Bianca Alencar est\u00e1 confirmada no 24\u00ba Pira Anime Fest.","datePublished":"2019-08-12T12:48:29+00:00","dateModified":"2019-08-13T12:31:14+00:00","mainEntityOfPage":{"@id":"https:\/\/dublagembrasileira.com.br\/?p=1947"},"wordCount":243,"commentCount":0,"publisher":{"@id":"https:\/\/dublagembrasileira.com.br\/#organization"},"image":{"@id":"https:\/\/dublagembrasileira.com.br\/?p=1947#primaryimage"},"thumbnailUrl":"https:\/\/dublagembrasileira.com.br\/wp-content\/uploads\/2019\/07\/bale.jpg","keywords":["dubla","dublado","dublador","dubladora","dublagem","evento"],"articleSection":["Acontece","Not\u00edcias"],"inLanguage":"pt-BR","potentialAction":[{"@type":"CommentAction","name":"Comment","target":["https:\/\/dublagembrasileira.com.br\/?p=1947#respond"]}]},{"@type":"WebPage","@id":"https:\/\/dublagembrasileira.com.br\/?p=1947","url":"https:\/\/dublagembrasileira.com.br\/?p=1947","name":"Bianca Alencar est\u00e1 confirmada no 24\u00ba Pira Anime Fest. | DB - Dublagem Brasileira","isPartOf":{"@id":"https:\/\/dublagembrasileira.com.br\/#website"},"primaryImageOfPage":{"@id":"https:\/\/dublagembrasileira.com.br\/?p=1947#primaryimage"},"image":{"@id":"https:\/\/dublagembrasileira.com.br\/?p=1947#primaryimage"},"thumbnailUrl":"https:\/\/dublagembrasileira.com.br\/wp-content\/uploads\/2019\/07\/bale.jpg","datePublished":"2019-08-12T12:48:29+00:00","dateModified":"2019-08-13T12:31:14+00:00","breadcrumb":{"@id":"https:\/\/dublagembrasileira.com.br\/?p=1947#breadcrumb"},"inLanguage":"pt-BR","potentialAction":[{"@type":"ReadAction","target":["https:\/\/dublagembrasileira.com.br\/?p=1947"]}]},{"@type":"ImageObject","inLanguage":"pt-BR","@id":"https:\/\/dublagembrasileira.com.br\/?p=1947#primaryimage","url":"https:\/\/dublagembrasileira.com.br\/wp-content\/uploads\/2019\/07\/bale.jpg","contentUrl":"https:\/\/dublagembrasileira.com.br\/wp-content\/uploads\/2019\/07\/bale.jpg","width":474,"height":334},{"@type":"BreadcrumbList","@id":"https:\/\/dublagembrasileira.com.br\/?p=1947#breadcrumb","itemListElement":[{"@type":"ListItem","position":1,"name":"In\u00edcio","item":"https:\/\/dublagembrasileira.com.br\/"},{"@type":"ListItem","position":2,"name":"Bianca Alencar est\u00e1 confirmada no 24\u00ba Pira Anime Fest."}]},{"@type":"WebSite","@id":"https:\/\/dublagembrasileira.com.br\/#website","url":"https:\/\/dublagembrasileira.com.br\/","name":"DB - Dublagem Brasileira","description":"O seu portal de dublagem.","publisher":{"@id":"https:\/\/dublagembrasileira.com.br\/#organization"},"potentialAction":[{"@type":"SearchAction","target":{"@type":"EntryPoint","urlTemplate":"https:\/\/dublagembrasileira.com.br\/?s={search_term_string}"},"query-input":{"@type":"PropertyValueSpecification","valueRequired":true,"valueName":"search_term_string"}}],"inLanguage":"pt-BR"},{"@type":"Organization","@id":"https:\/\/dublagembrasileira.com.br\/#organization","name":"DB - Dublagem Brasileira","url":"https:\/\/dublagembrasileira.com.br\/","logo":{"@type":"ImageObject","inLanguage":"pt-BR","@id":"https:\/\/dublagembrasileira.com.br\/#\/schema\/logo\/image\/","url":"https:\/\/dublagembrasileira.com.br\/wp-content\/uploads\/2019\/07\/cropped-logotipodb.png","contentUrl":"https:\/\/dublagembrasileira.com.br\/wp-content\/uploads\/2019\/07\/cropped-logotipodb.png","width":946,"height":589,"caption":"DB - Dublagem Brasileira"},"image":{"@id":"https:\/\/dublagembrasileira.com.br\/#\/schema\/logo\/image\/"}},{"@type":"Person","@id":"https:\/\/dublagembrasileira.com.br\/#\/schema\/person\/a75bac594c0e9a0b96508b7e124f20d1","name":"Reda\u00e7\u00e3o","image":{"@type":"ImageObject","inLanguage":"pt-BR","@id":"https:\/\/dublagembrasileira.com.br\/#\/schema\/person\/image\/","url":"http:\/\/dublagembrasileira.com.br\/wp-content\/uploads\/2025\/06\/admin-96x96.jpg","contentUrl":"http:\/\/dublagembrasileira.com.br\/wp-content\/uploads\/2025\/06\/admin-96x96.jpg","caption":"Reda\u00e7\u00e3o"},"description":"Equipe do DB.","sameAs":["https:\/\/www.facebook.com\/dublagembrasileira","https:\/\/www.instagram.com\/dbdublagembrasileira","https:\/\/x.com\/dbdublagem"],"url":"https:\/\/dublagembrasileira.com.br\/?author=4"}]}},"rttpg_featured_image_url":{"full":["https:\/\/dublagembrasileira.com.br\/wp-content\/uploads\/2019\/07\/bale.jpg",474,334,false],"landscape":["https:\/\/dublagembrasileira.com.br\/wp-content\/uploads\/2019\/07\/bale.jpg",474,334,false],"portraits":["https:\/\/dublagembrasileira.com.br\/wp-content\/uploads\/2019\/07\/bale.jpg",474,334,false],"thumbnail":["https:\/\/dublagembrasileira.com.br\/wp-content\/uploads\/2019\/07\/bale-150x150.jpg",150,150,true],"medium":["https:\/\/dublagembrasileira.com.br\/wp-content\/uploads\/2019\/07\/bale-300x211.jpg",300,211,true],"large":["https:\/\/dublagembrasileira.com.br\/wp-content\/uploads\/2019\/07\/bale.jpg",474,334,false],"1536x1536":["https:\/\/dublagembrasileira.com.br\/wp-content\/uploads\/2019\/07\/bale.jpg",474,334,false],"2048x2048":["https:\/\/dublagembrasileira.com.br\/wp-content\/uploads\/2019\/07\/bale.jpg",474,334,false],"eggnews-slider-large":["https:\/\/dublagembrasileira.com.br\/wp-content\/uploads\/2019\/07\/bale.jpg",474,334,false],"eggnews-featured-medium":["https:\/\/dublagembrasileira.com.br\/wp-content\/uploads\/2019\/07\/bale-420x307.jpg",420,307,true],"eggnews-featured-long":["https:\/\/dublagembrasileira.com.br\/wp-content\/uploads\/2019\/07\/bale-300x334.jpg",300,334,true],"eggnews-block-medium":["https:\/\/dublagembrasileira.com.br\/wp-content\/uploads\/2019\/07\/bale-464x290.jpg",464,290,true],"eggnews-carousel-image":["https:\/\/dublagembrasileira.com.br\/wp-content\/uploads\/2019\/07\/bale.jpg",474,334,false],"eggnews-block-thumb":["https:\/\/dublagembrasileira.com.br\/wp-content\/uploads\/2019\/07\/bale-322x230.jpg",322,230,true],"eggnews-single-large":["https:\/\/dublagembrasileira.com.br\/wp-content\/uploads\/2019\/07\/bale.jpg",474,334,false],"crp_thumbnail":["https:\/\/dublagembrasileira.com.br\/wp-content\/uploads\/2019\/07\/bale.jpg",150,106,false]},"rttpg_author":{"display_name":"Reda\u00e7\u00e3o","author_link":"https:\/\/dublagembrasileira.com.br\/?author=4"},"rttpg_comment":0,"rttpg_category":"<a href=\"https:\/\/dublagembrasileira.com.br\/?cat=21\" rel=\"category\">Acontece<\/a> <a href=\"https:\/\/dublagembrasileira.com.br\/?cat=13\" rel=\"category\">Not\u00edcias<\/a>","rttpg_excerpt":"Dubladora do Twilight em My Little Pony \u00e9 atra\u00e7\u00e3o em evento geek de Piracicaba. No pr\u00f3ximo dia 19 de setembro acontece em Piracicaba o 24\u00ba Pira Anime Fest\u00a0 o maior e mais tradicional evento evento Geek e de Entretenimento Jovem da regi\u00e3o de Piracicaba. O evento pertence ao Circuito Anime Fest de Eventos da Avalon&hellip;","_links":{"self":[{"href":"https:\/\/dublagembrasileira.com.br\/index.php?rest_route=\/wp\/v2\/posts\/1947","targetHints":{"allow":["GET"]}}],"collection":[{"href":"https:\/\/dublagembrasileira.com.br\/index.php?rest_route=\/wp\/v2\/posts"}],"about":[{"href":"https:\/\/dublagembrasileira.com.br\/index.php?rest_route=\/wp\/v2\/types\/post"}],"author":[{"embeddable":true,"href":"https:\/\/dublagembrasileira.com.br\/index.php?rest_route=\/wp\/v2\/users\/4"}],"replies":[{"embeddable":true,"href":"https:\/\/dublagembrasileira.com.br\/index.php?rest_route=%2Fwp%2Fv2%2Fcomments&post=1947"}],"version-history":[{"count":1,"href":"https:\/\/dublagembrasileira.com.br\/index.php?rest_route=\/wp\/v2\/posts\/1947\/revisions"}],"predecessor-version":[{"id":1948,"href":"https:\/\/dublagembrasileira.com.br\/index.php?rest_route=\/wp\/v2\/posts\/1947\/revisions\/1948"}],"wp:featuredmedia":[{"embeddable":true,"href":"https:\/\/dublagembrasileira.com.br\/index.php?rest_route=\/wp\/v2\/media\/332"}],"wp:attachment":[{"href":"https:\/\/dublagembrasileira.com.br\/index.php?rest_route=%2Fwp%2Fv2%2Fmedia&parent=1947"}],"wp:term":[{"taxonomy":"category","embeddable":true,"href":"https:\/\/dublagembrasileira.com.br\/index.php?rest_route=%2Fwp%2Fv2%2Fcategories&post=1947"},{"taxonomy":"post_tag","embeddable":true,"href":"https:\/\/dublagembrasileira.com.br\/index.php?rest_route=%2Fwp%2Fv2%2Ftags&post=1947"}],"curies":[{"name":"wp","href":"https:\/\/api.w.org\/{rel}","templated":true}]}}