{"id":1814,"date":"2019-08-08T12:20:28","date_gmt":"2019-08-08T12:20:28","guid":{"rendered":"http:\/\/dublagembrasileira.com.br\/?p=1814"},"modified":"2025-06-20T23:59:25","modified_gmt":"2025-06-20T23:59:25","slug":"1814","status":"publish","type":"post","link":"https:\/\/dublagembrasileira.com.br\/?p=1814","title":{"rendered":"Sons da Mem\u00f3ria: Turma da Pesada"},"content":{"rendered":"<h4 style=\"text-align: justify;\"><em>Vozes jovens e veteranas da Herbert Richers num desenho que marcou gera\u00e7\u00f5es.<\/em><\/h4>\n<hr \/>\n<p style=\"text-align: justify;\">Em Janeiro de 1987 a DIC Empresas e Coca-Cola Telecomunica\u00e7\u00f5es produziram a s\u00e9rie em desenho <strong>Turma da Pesada<\/strong> (Beverly Hills Teens) que estreou na emissora americana NBC no dia 19 de setembro de 1987.<\/p>\n<p style=\"text-align: justify;\">Produzido por Andy Heyward, o desenho contava aventuras baseadas na tend\u00eancia dos anos 80, o cotidiano de jovens na busca incessante pela popularidade, uma necessidade b\u00e1sica que inclu\u00eda fazer parte da turminha dos legais, ter seu nome conhecido em toda a escola, frequentar festas bacanas, entre outras futilidades. Mas esse privil\u00e9gio era de poucos, em especial dos teens milion\u00e1rios de Beverly Hills.<\/p>\n<h4 style=\"text-align: justify;\">A dublagem.<\/h4>\n<hr \/>\n<p style=\"text-align: justify;\">No Brasil a s\u00e9rie animada estreou em 1988 quando passou a fazer parte da programa\u00e7\u00e3o da Rede Globo no programa <strong>Xou da Xuxa<\/strong>. De forma curiosa &#8220;Beverly Hills Teens&#8221;\u00a0 ganhou a tradu\u00e7\u00e3o de <a href=\"http:\/\/www.infantv.com.br\/infantv\/?p=17251\"><strong>Turma da Pesada<\/strong><\/a>, mesmo t\u00edtulo de um desenho dos anos 70.<\/p>\n<p style=\"text-align: justify;\">Logo a anima\u00e7\u00e3o caiu no gosto da crian\u00e7ada e a Globo reservou no ano seguinte tamb\u00e9m a transmiss\u00e3o di\u00e1ria dele como parte da programa\u00e7\u00e3o da <strong>Sess\u00e3o Aventura<\/strong>.<\/p>\n<p style=\"text-align: justify;\">Turma da Pesada mesmo era o time de dubladores escalado para dar vozes brasileiras ao desenho na Herbert Richers. A maior parte dos profissionais escalados estavam muito \u00e0 vontade em dublar jovens na \u00e9poca, casos de\u00a0Marisa Leal,\u00a0Marco Ant\u00f4nio Costa, Oberdan J\u00fanior, Selton Melo, Ricardo Schnetzer e Miriam Ficher.<\/p>\n<p style=\"text-align: justify;\">Veteranos do est\u00fadio faziam falsetes de forma primorosa como Carmen Sheila e Selma Lopes. A mistura de gera\u00e7\u00f5es deu certo e na bancada de dublagem o que se viu foram atua\u00e7\u00f5es muito boas no n\u00edvel que a Herbert oferecia naquela \u00e9poca.<\/p>\n<p style=\"text-align: justify;\">Marisa Leal faz uma Larky Tanner meiga e doce e cai no gosto da crian\u00e7ada, assim como Teresa Cristina num trabalho maravilhoso ao interpretar a esnobe Bianca Dupree. Os demais do elenco d\u00e3o conta do recado e oferecem uma dublagem que n\u00e3o envelhece com o tempo.<\/p>\n<p style=\"text-align: center;\"><strong>Confira abaixo o elenco de dublagem do desenho:<\/strong><\/p>\n<hr \/>\n<table style=\"border-width: 0px; height: 32px;\" width=\"602\">\n<tbody>\n<tr>\n<td style=\"border-style: none; border-width: medium; text-align: center;\"><img fetchpriority=\"high\" decoding=\"async\" class=\"aligncenter wp-image-195 size-full\" src=\"http:\/\/dublagembrasileira.com.br\/wp-content\/uploads\/2019\/08\/turma_larke.jpg\" alt=\"\" width=\"210\" height=\"240\" \/><\/td>\n<td style=\"border-style: none; border-width: medium; text-align: center;\"><a href=\"https:\/\/dublagembrasileira.com.br\/?s=Marisa+Leal&cat=186,187\"><img decoding=\"async\" class=\"aligncenter wp-image-196 size-full lazyload\" data-src=\"http:\/\/dublagembrasileira.com.br\/wp-content\/uploads\/2019\/07\/marisaleal.jpg\" alt=\"\" width=\"210\" height=\"240\" src=\"data:image\/svg+xml;base64,PHN2ZyB3aWR0aD0iMSIgaGVpZ2h0PSIxIiB4bWxucz0iaHR0cDovL3d3dy53My5vcmcvMjAwMC9zdmciPjwvc3ZnPg==\" style=\"--smush-placeholder-width: 210px; --smush-placeholder-aspect-ratio: 210\/240;\" \/><\/a><\/td>\n<\/tr>\n<tr>\n<td style=\"border-style: none; border-width: medium; text-align: center;\">Larky Tanner<\/td>\n<td style=\"border-style: none; border-width: medium; text-align: center;\">Marisa Leal<br \/>\n<div class=\"su-audio\" data-id=\"su_audio_player_69f1c553a03de\" data-audio=\"http:\/\/www.infantv.com.br\/sons\/tp_larke.mp3\" data-swf=\"https:\/\/dublagembrasileira.com.br\/wp-content\/plugins\/shortcodes-ultimate\/vendor\/jplayer\/jplayer.swf\" data-autoplay=\"no\" data-loop=\"no\" style=\"max-width:100%\"><div id=\"su_audio_player_69f1c553a03de\" class=\"jp-jplayer\"><\/div><div id=\"su_audio_player_69f1c553a03de_container\" class=\"jp-audio\"><div class=\"jp-type-single\"><div class=\"jp-gui jp-interface\"><div class=\"jp-controls\"><span class=\"jp-play\"><\/span><span class=\"jp-pause\"><\/span><span class=\"jp-stop\"><\/span><span class=\"jp-mute\"><\/span><span class=\"jp-unmute\"><\/span><span class=\"jp-volume-max\"><\/span><\/div><div class=\"jp-progress\"><div class=\"jp-seek-bar\"><div class=\"jp-play-bar\"><\/div><\/div><\/div><div class=\"jp-volume-bar\"><div class=\"jp-volume-bar-value\"><\/div><\/div><div class=\"jp-current-time\"><\/div><div class=\"jp-duration\"><\/div><\/div><div class=\"jp-title\"><\/div><\/div><\/div><\/div><\/td>\n<\/tr>\n<\/tbody>\n<\/table>\n<hr \/>\n<table style=\"border-width: 0px; height: 32px;\" width=\"602\">\n<tbody>\n<tr>\n<td style=\"border-style: none; border-width: medium; text-align: center;\"><img decoding=\"async\" class=\"aligncenter wp-image-195 size-full lazyload\" data-src=\"http:\/\/dublagembrasileira.com.br\/wp-content\/uploads\/2019\/08\/turma_bianca.jpg\" alt=\"\" width=\"210\" height=\"240\" src=\"data:image\/svg+xml;base64,PHN2ZyB3aWR0aD0iMSIgaGVpZ2h0PSIxIiB4bWxucz0iaHR0cDovL3d3dy53My5vcmcvMjAwMC9zdmciPjwvc3ZnPg==\" style=\"--smush-placeholder-width: 210px; --smush-placeholder-aspect-ratio: 210\/240;\" \/><\/td>\n<td style=\"border-style: none; border-width: medium; text-align: center;\"><img decoding=\"async\" class=\"aligncenter wp-image-196 size-full lazyload\" data-src=\"http:\/\/dublagembrasileira.com.br\/wp-content\/uploads\/2019\/08\/terezacristina.jpg\" alt=\"\" width=\"210\" height=\"240\" src=\"data:image\/svg+xml;base64,PHN2ZyB3aWR0aD0iMSIgaGVpZ2h0PSIxIiB4bWxucz0iaHR0cDovL3d3dy53My5vcmcvMjAwMC9zdmciPjwvc3ZnPg==\" style=\"--smush-placeholder-width: 210px; --smush-placeholder-aspect-ratio: 210\/240;\" \/><\/td>\n<\/tr>\n<tr>\n<td style=\"border-style: none; border-width: medium; text-align: center;\">Bianca Dupree<\/td>\n<td style=\"border-style: none; border-width: medium; text-align: center;\">Teresa Cristina<br \/>\n<div class=\"su-audio\" data-id=\"su_audio_player_69f1c553a0409\" data-audio=\"http:\/\/www.infantv.com.br\/sons\/tp_bianca.mp3\" data-swf=\"https:\/\/dublagembrasileira.com.br\/wp-content\/plugins\/shortcodes-ultimate\/vendor\/jplayer\/jplayer.swf\" data-autoplay=\"no\" data-loop=\"no\" style=\"max-width:100%\"><div id=\"su_audio_player_69f1c553a0409\" class=\"jp-jplayer\"><\/div><div id=\"su_audio_player_69f1c553a0409_container\" class=\"jp-audio\"><div class=\"jp-type-single\"><div class=\"jp-gui jp-interface\"><div class=\"jp-controls\"><span class=\"jp-play\"><\/span><span class=\"jp-pause\"><\/span><span class=\"jp-stop\"><\/span><span class=\"jp-mute\"><\/span><span class=\"jp-unmute\"><\/span><span class=\"jp-volume-max\"><\/span><\/div><div class=\"jp-progress\"><div class=\"jp-seek-bar\"><div class=\"jp-play-bar\"><\/div><\/div><\/div><div class=\"jp-volume-bar\"><div class=\"jp-volume-bar-value\"><\/div><\/div><div class=\"jp-current-time\"><\/div><div class=\"jp-duration\"><\/div><\/div><div class=\"jp-title\"><\/div><\/div><\/div><\/div><\/td>\n<\/tr>\n<\/tbody>\n<\/table>\n<hr \/>\n<table style=\"border-width: 0px; height: 32px;\" width=\"602\">\n<tbody>\n<tr>\n<td style=\"border-style: none; border-width: medium; text-align: center;\"><img decoding=\"async\" class=\"aligncenter wp-image-195 size-full lazyload\" data-src=\"http:\/\/dublagembrasileira.com.br\/wp-content\/uploads\/2019\/08\/turma_troy.jpg\" alt=\"\" width=\"210\" height=\"240\" src=\"data:image\/svg+xml;base64,PHN2ZyB3aWR0aD0iMSIgaGVpZ2h0PSIxIiB4bWxucz0iaHR0cDovL3d3dy53My5vcmcvMjAwMC9zdmciPjwvc3ZnPg==\" style=\"--smush-placeholder-width: 210px; --smush-placeholder-aspect-ratio: 210\/240;\" \/><\/td>\n<td style=\"border-style: none; border-width: medium; text-align: center;\"><img decoding=\"async\" class=\"aligncenter wp-image-196 size-full lazyload\" data-src=\"http:\/\/dublagembrasileira.com.br\/wp-content\/uploads\/2019\/07\/marcoantoniocosta.jpg\" alt=\"\" width=\"210\" height=\"240\" src=\"data:image\/svg+xml;base64,PHN2ZyB3aWR0aD0iMSIgaGVpZ2h0PSIxIiB4bWxucz0iaHR0cDovL3d3dy53My5vcmcvMjAwMC9zdmciPjwvc3ZnPg==\" style=\"--smush-placeholder-width: 210px; --smush-placeholder-aspect-ratio: 210\/240;\" \/><\/td>\n<\/tr>\n<tr>\n<td style=\"border-style: none; border-width: medium; text-align: center;\">Troy Jeffries<\/td>\n<td style=\"border-style: none; border-width: medium; text-align: center;\">Marco Ant\u00f4nio Costa<br \/>\n<div class=\"su-audio\" data-id=\"su_audio_player_69f1c553a041d\" data-audio=\"http:\/\/www.infantv.com.br\/sons\/tp_troy.mp3\" data-swf=\"https:\/\/dublagembrasileira.com.br\/wp-content\/plugins\/shortcodes-ultimate\/vendor\/jplayer\/jplayer.swf\" data-autoplay=\"no\" data-loop=\"no\" style=\"max-width:100%\"><div id=\"su_audio_player_69f1c553a041d\" class=\"jp-jplayer\"><\/div><div id=\"su_audio_player_69f1c553a041d_container\" class=\"jp-audio\"><div class=\"jp-type-single\"><div class=\"jp-gui jp-interface\"><div class=\"jp-controls\"><span class=\"jp-play\"><\/span><span class=\"jp-pause\"><\/span><span class=\"jp-stop\"><\/span><span class=\"jp-mute\"><\/span><span class=\"jp-unmute\"><\/span><span class=\"jp-volume-max\"><\/span><\/div><div class=\"jp-progress\"><div class=\"jp-seek-bar\"><div class=\"jp-play-bar\"><\/div><\/div><\/div><div class=\"jp-volume-bar\"><div class=\"jp-volume-bar-value\"><\/div><\/div><div class=\"jp-current-time\"><\/div><div class=\"jp-duration\"><\/div><\/div><div class=\"jp-title\"><\/div><\/div><\/div><\/div><\/td>\n<\/tr>\n<\/tbody>\n<\/table>\n<hr \/>\n<table style=\"border-width: 0px; height: 32px;\" width=\"602\">\n<tbody>\n<tr>\n<td style=\"border-style: none; border-width: medium; text-align: center;\"><img decoding=\"async\" class=\"aligncenter wp-image-195 size-full lazyload\" data-src=\"http:\/\/dublagembrasileira.com.br\/wp-content\/uploads\/2019\/08\/turma_chester.jpg\" alt=\"\" width=\"210\" height=\"240\" src=\"data:image\/svg+xml;base64,PHN2ZyB3aWR0aD0iMSIgaGVpZ2h0PSIxIiB4bWxucz0iaHR0cDovL3d3dy53My5vcmcvMjAwMC9zdmciPjwvc3ZnPg==\" style=\"--smush-placeholder-width: 210px; --smush-placeholder-aspect-ratio: 210\/240;\" \/><\/td>\n<td style=\"border-style: none; border-width: medium; text-align: center;\"><img decoding=\"async\" class=\"aligncenter wp-image-196 size-full lazyload\" data-src=\"http:\/\/dublagembrasileira.com.br\/wp-content\/uploads\/2019\/07\/oberdanjunior.jpg\" alt=\"\" width=\"210\" height=\"240\" src=\"data:image\/svg+xml;base64,PHN2ZyB3aWR0aD0iMSIgaGVpZ2h0PSIxIiB4bWxucz0iaHR0cDovL3d3dy53My5vcmcvMjAwMC9zdmciPjwvc3ZnPg==\" style=\"--smush-placeholder-width: 210px; --smush-placeholder-aspect-ratio: 210\/240;\" \/><\/td>\n<\/tr>\n<tr>\n<td style=\"border-style: none; border-width: medium; text-align: center;\">Chester McTech<\/td>\n<td style=\"border-style: none; border-width: medium; text-align: center;\">Oberdan J\u00fanior<br \/>\n<div class=\"su-audio\" data-id=\"su_audio_player_69f1c553a042d\" data-audio=\"http:\/\/www.infantv.com.br\/sons\/tp_chester.mp3\" data-swf=\"https:\/\/dublagembrasileira.com.br\/wp-content\/plugins\/shortcodes-ultimate\/vendor\/jplayer\/jplayer.swf\" data-autoplay=\"no\" data-loop=\"no\" style=\"max-width:100%\"><div id=\"su_audio_player_69f1c553a042d\" class=\"jp-jplayer\"><\/div><div id=\"su_audio_player_69f1c553a042d_container\" class=\"jp-audio\"><div class=\"jp-type-single\"><div class=\"jp-gui jp-interface\"><div class=\"jp-controls\"><span class=\"jp-play\"><\/span><span class=\"jp-pause\"><\/span><span class=\"jp-stop\"><\/span><span class=\"jp-mute\"><\/span><span class=\"jp-unmute\"><\/span><span class=\"jp-volume-max\"><\/span><\/div><div class=\"jp-progress\"><div class=\"jp-seek-bar\"><div class=\"jp-play-bar\"><\/div><\/div><\/div><div class=\"jp-volume-bar\"><div class=\"jp-volume-bar-value\"><\/div><\/div><div class=\"jp-current-time\"><\/div><div class=\"jp-duration\"><\/div><\/div><div class=\"jp-title\"><\/div><\/div><\/div><\/div><\/td>\n<\/tr>\n<\/tbody>\n<\/table>\n<hr \/>\n<table style=\"border-width: 0px; height: 32px;\" width=\"602\">\n<tbody>\n<tr>\n<td style=\"border-style: none; border-width: medium; text-align: center;\"><img decoding=\"async\" class=\"aligncenter wp-image-195 size-full lazyload\" data-src=\"http:\/\/dublagembrasileira.com.br\/wp-content\/uploads\/2019\/08\/turma_tara.jpg\" alt=\"\" width=\"210\" height=\"240\" src=\"data:image\/svg+xml;base64,PHN2ZyB3aWR0aD0iMSIgaGVpZ2h0PSIxIiB4bWxucz0iaHR0cDovL3d3dy53My5vcmcvMjAwMC9zdmciPjwvc3ZnPg==\" style=\"--smush-placeholder-width: 210px; --smush-placeholder-aspect-ratio: 210\/240;\" \/><\/td>\n<td style=\"border-style: none; border-width: medium; text-align: center;\"><img decoding=\"async\" class=\"aligncenter wp-image-196 size-full lazyload\" data-src=\"http:\/\/dublagembrasileira.com.br\/wp-content\/uploads\/2019\/08\/francisclay.jpg\" alt=\"\" width=\"210\" height=\"240\" src=\"data:image\/svg+xml;base64,PHN2ZyB3aWR0aD0iMSIgaGVpZ2h0PSIxIiB4bWxucz0iaHR0cDovL3d3dy53My5vcmcvMjAwMC9zdmciPjwvc3ZnPg==\" style=\"--smush-placeholder-width: 210px; --smush-placeholder-aspect-ratio: 210\/240;\" \/><\/td>\n<\/tr>\n<tr>\n<td style=\"border-style: none; border-width: medium; text-align: center;\">Tara Belle<\/td>\n<td style=\"border-style: none; border-width: medium; text-align: center;\">Francis Clay<br \/>\n<div class=\"su-audio\" data-id=\"su_audio_player_69f1c553a043c\" data-audio=\"http:\/\/www.infantv.com.br\/sons\/tp_tara.mp3\" data-swf=\"https:\/\/dublagembrasileira.com.br\/wp-content\/plugins\/shortcodes-ultimate\/vendor\/jplayer\/jplayer.swf\" data-autoplay=\"no\" data-loop=\"no\" style=\"max-width:100%\"><div id=\"su_audio_player_69f1c553a043c\" class=\"jp-jplayer\"><\/div><div id=\"su_audio_player_69f1c553a043c_container\" class=\"jp-audio\"><div class=\"jp-type-single\"><div class=\"jp-gui jp-interface\"><div class=\"jp-controls\"><span class=\"jp-play\"><\/span><span class=\"jp-pause\"><\/span><span class=\"jp-stop\"><\/span><span class=\"jp-mute\"><\/span><span class=\"jp-unmute\"><\/span><span class=\"jp-volume-max\"><\/span><\/div><div class=\"jp-progress\"><div class=\"jp-seek-bar\"><div class=\"jp-play-bar\"><\/div><\/div><\/div><div class=\"jp-volume-bar\"><div class=\"jp-volume-bar-value\"><\/div><\/div><div class=\"jp-current-time\"><\/div><div class=\"jp-duration\"><\/div><\/div><div class=\"jp-title\"><\/div><\/div><\/div><\/div><\/td>\n<\/tr>\n<\/tbody>\n<\/table>\n<hr \/>\n<table style=\"border-width: 0px; height: 32px;\" width=\"602\">\n<tbody>\n<tr>\n<td style=\"border-style: none; border-width: medium; text-align: center;\"><img decoding=\"async\" class=\"aligncenter wp-image-195 size-full lazyload\" data-src=\"http:\/\/dublagembrasileira.com.br\/wp-content\/uploads\/2019\/08\/turma_shanelle.jpg\" alt=\"\" width=\"210\" height=\"240\" src=\"data:image\/svg+xml;base64,PHN2ZyB3aWR0aD0iMSIgaGVpZ2h0PSIxIiB4bWxucz0iaHR0cDovL3d3dy53My5vcmcvMjAwMC9zdmciPjwvc3ZnPg==\" style=\"--smush-placeholder-width: 210px; --smush-placeholder-aspect-ratio: 210\/240;\" \/><\/td>\n<td style=\"border-style: none; border-width: medium; text-align: center;\"><a href=\"https:\/\/dublagembrasileira.com.br\/?s=Jane+Kelly&cat=186,187\"><img decoding=\"async\" class=\"aligncenter wp-image-196 size-full lazyload\" data-src=\"http:\/\/dublagembrasileira.com.br\/wp-content\/uploads\/2019\/08\/janekelly.jpg\" alt=\"\" width=\"210\" height=\"240\" src=\"data:image\/svg+xml;base64,PHN2ZyB3aWR0aD0iMSIgaGVpZ2h0PSIxIiB4bWxucz0iaHR0cDovL3d3dy53My5vcmcvMjAwMC9zdmciPjwvc3ZnPg==\" style=\"--smush-placeholder-width: 210px; --smush-placeholder-aspect-ratio: 210\/240;\" \/><\/a><\/td>\n<\/tr>\n<tr>\n<td style=\"border-style: none; border-width: medium; text-align: center;\">Shanelle Spencer<\/td>\n<td style=\"border-style: none; border-width: medium; text-align: center;\">Jane Kelly<br \/>\n<div class=\"su-audio\" data-id=\"su_audio_player_69f1c553a044a\" data-audio=\"http:\/\/www.infantv.com.br\/sons\/tp_shanelle.mp3\" data-swf=\"https:\/\/dublagembrasileira.com.br\/wp-content\/plugins\/shortcodes-ultimate\/vendor\/jplayer\/jplayer.swf\" data-autoplay=\"no\" data-loop=\"no\" style=\"max-width:100%\"><div id=\"su_audio_player_69f1c553a044a\" class=\"jp-jplayer\"><\/div><div id=\"su_audio_player_69f1c553a044a_container\" class=\"jp-audio\"><div class=\"jp-type-single\"><div class=\"jp-gui jp-interface\"><div class=\"jp-controls\"><span class=\"jp-play\"><\/span><span class=\"jp-pause\"><\/span><span class=\"jp-stop\"><\/span><span class=\"jp-mute\"><\/span><span class=\"jp-unmute\"><\/span><span class=\"jp-volume-max\"><\/span><\/div><div class=\"jp-progress\"><div class=\"jp-seek-bar\"><div class=\"jp-play-bar\"><\/div><\/div><\/div><div class=\"jp-volume-bar\"><div class=\"jp-volume-bar-value\"><\/div><\/div><div class=\"jp-current-time\"><\/div><div class=\"jp-duration\"><\/div><\/div><div class=\"jp-title\"><\/div><\/div><\/div><\/div><\/td>\n<\/tr>\n<\/tbody>\n<\/table>\n<hr \/>\n<table style=\"border-width: 0px; height: 32px;\" width=\"602\">\n<tbody>\n<tr>\n<td style=\"border-style: none; border-width: medium; text-align: center;\"><img decoding=\"async\" class=\"aligncenter wp-image-195 size-full lazyload\" data-src=\"http:\/\/dublagembrasileira.com.br\/wp-content\/uploads\/2019\/08\/turma_pierce.jpg\" alt=\"\" width=\"210\" height=\"240\" src=\"data:image\/svg+xml;base64,PHN2ZyB3aWR0aD0iMSIgaGVpZ2h0PSIxIiB4bWxucz0iaHR0cDovL3d3dy53My5vcmcvMjAwMC9zdmciPjwvc3ZnPg==\" style=\"--smush-placeholder-width: 210px; --smush-placeholder-aspect-ratio: 210\/240;\" \/><\/td>\n<td style=\"border-style: none; border-width: medium; text-align: center;\"><img decoding=\"async\" class=\"aligncenter wp-image-196 size-full lazyload\" data-src=\"http:\/\/dublagembrasileira.com.br\/wp-content\/uploads\/2019\/08\/semi.jpg\" alt=\"\" width=\"210\" height=\"240\" src=\"data:image\/svg+xml;base64,PHN2ZyB3aWR0aD0iMSIgaGVpZ2h0PSIxIiB4bWxucz0iaHR0cDovL3d3dy53My5vcmcvMjAwMC9zdmciPjwvc3ZnPg==\" style=\"--smush-placeholder-width: 210px; --smush-placeholder-aspect-ratio: 210\/240;\" \/><\/td>\n<\/tr>\n<tr>\n<td style=\"border-style: none; border-width: medium; text-align: center;\">Pierce Thorndyke III<\/td>\n<td style=\"border-style: none; border-width: medium; text-align: center;\">Armando Braga<br \/>\n<div class=\"su-audio\" data-id=\"su_audio_player_69f1c553a0458\" data-audio=\"http:\/\/www.infantv.com.br\/sons\/tp_pierce.mp3\" data-swf=\"https:\/\/dublagembrasileira.com.br\/wp-content\/plugins\/shortcodes-ultimate\/vendor\/jplayer\/jplayer.swf\" data-autoplay=\"no\" data-loop=\"no\" style=\"max-width:100%\"><div id=\"su_audio_player_69f1c553a0458\" class=\"jp-jplayer\"><\/div><div id=\"su_audio_player_69f1c553a0458_container\" class=\"jp-audio\"><div class=\"jp-type-single\"><div class=\"jp-gui jp-interface\"><div class=\"jp-controls\"><span class=\"jp-play\"><\/span><span class=\"jp-pause\"><\/span><span class=\"jp-stop\"><\/span><span class=\"jp-mute\"><\/span><span class=\"jp-unmute\"><\/span><span class=\"jp-volume-max\"><\/span><\/div><div class=\"jp-progress\"><div class=\"jp-seek-bar\"><div class=\"jp-play-bar\"><\/div><\/div><\/div><div class=\"jp-volume-bar\"><div class=\"jp-volume-bar-value\"><\/div><\/div><div class=\"jp-current-time\"><\/div><div class=\"jp-duration\"><\/div><\/div><div class=\"jp-title\"><\/div><\/div><\/div><\/div><\/td>\n<\/tr>\n<\/tbody>\n<\/table>\n<hr \/>\n<table style=\"border-width: 0px; height: 32px;\" width=\"602\">\n<tbody>\n<tr>\n<td style=\"border-style: none; border-width: medium; text-align: center;\"><img decoding=\"async\" class=\"aligncenter wp-image-195 size-full lazyload\" data-src=\"http:\/\/dublagembrasileira.com.br\/wp-content\/uploads\/2019\/08\/turma_nikki.jpg\" alt=\"\" width=\"210\" height=\"240\" src=\"data:image\/svg+xml;base64,PHN2ZyB3aWR0aD0iMSIgaGVpZ2h0PSIxIiB4bWxucz0iaHR0cDovL3d3dy53My5vcmcvMjAwMC9zdmciPjwvc3ZnPg==\" style=\"--smush-placeholder-width: 210px; --smush-placeholder-aspect-ratio: 210\/240;\" \/><\/td>\n<td style=\"border-style: none; border-width: medium; text-align: center;\"><img decoding=\"async\" class=\"aligncenter wp-image-196 size-full lazyload\" data-src=\"http:\/\/dublagembrasileira.com.br\/wp-content\/uploads\/2019\/08\/nadia_carvalho.jpg\" alt=\"\" width=\"210\" height=\"240\" src=\"data:image\/svg+xml;base64,PHN2ZyB3aWR0aD0iMSIgaGVpZ2h0PSIxIiB4bWxucz0iaHR0cDovL3d3dy53My5vcmcvMjAwMC9zdmciPjwvc3ZnPg==\" style=\"--smush-placeholder-width: 210px; --smush-placeholder-aspect-ratio: 210\/240;\" \/><\/td>\n<\/tr>\n<tr>\n<td style=\"border-style: none; border-width: medium; text-align: center;\">Nikki Darling<\/td>\n<td style=\"border-style: none; border-width: medium; text-align: center;\">N\u00e1dia de Carvalho<br \/>\n<div class=\"su-audio\" data-id=\"su_audio_player_69f1c553a0466\" data-audio=\"http:\/\/www.infantv.com.br\/sons\/tp_nikki.mp3\" data-swf=\"https:\/\/dublagembrasileira.com.br\/wp-content\/plugins\/shortcodes-ultimate\/vendor\/jplayer\/jplayer.swf\" data-autoplay=\"no\" data-loop=\"no\" style=\"max-width:100%\"><div id=\"su_audio_player_69f1c553a0466\" class=\"jp-jplayer\"><\/div><div id=\"su_audio_player_69f1c553a0466_container\" class=\"jp-audio\"><div class=\"jp-type-single\"><div class=\"jp-gui jp-interface\"><div class=\"jp-controls\"><span class=\"jp-play\"><\/span><span class=\"jp-pause\"><\/span><span class=\"jp-stop\"><\/span><span class=\"jp-mute\"><\/span><span class=\"jp-unmute\"><\/span><span class=\"jp-volume-max\"><\/span><\/div><div class=\"jp-progress\"><div class=\"jp-seek-bar\"><div class=\"jp-play-bar\"><\/div><\/div><\/div><div class=\"jp-volume-bar\"><div class=\"jp-volume-bar-value\"><\/div><\/div><div class=\"jp-current-time\"><\/div><div class=\"jp-duration\"><\/div><\/div><div class=\"jp-title\"><\/div><\/div><\/div><\/div><\/td>\n<\/tr>\n<\/tbody>\n<\/table>\n<hr \/>\n<table style=\"border-width: 0px; height: 32px;\" width=\"602\">\n<tbody>\n<tr>\n<td style=\"border-style: none; border-width: medium; text-align: center;\"><img decoding=\"async\" class=\"aligncenter wp-image-195 size-full lazyload\" data-src=\"http:\/\/dublagembrasileira.com.br\/wp-content\/uploads\/2019\/08\/turma_radley.jpg\" alt=\"\" width=\"210\" height=\"240\" src=\"data:image\/svg+xml;base64,PHN2ZyB3aWR0aD0iMSIgaGVpZ2h0PSIxIiB4bWxucz0iaHR0cDovL3d3dy53My5vcmcvMjAwMC9zdmciPjwvc3ZnPg==\" style=\"--smush-placeholder-width: 210px; --smush-placeholder-aspect-ratio: 210\/240;\" \/><\/td>\n<td style=\"border-style: none; border-width: medium; text-align: center;\"><img decoding=\"async\" class=\"aligncenter wp-image-196 size-full lazyload\" data-src=\"http:\/\/dublagembrasileira.com.br\/wp-content\/uploads\/2019\/08\/marcelomeirelles.jpg\" alt=\"\" width=\"210\" height=\"240\" src=\"data:image\/svg+xml;base64,PHN2ZyB3aWR0aD0iMSIgaGVpZ2h0PSIxIiB4bWxucz0iaHR0cDovL3d3dy53My5vcmcvMjAwMC9zdmciPjwvc3ZnPg==\" style=\"--smush-placeholder-width: 210px; --smush-placeholder-aspect-ratio: 210\/240;\" \/><\/td>\n<\/tr>\n<tr>\n<td style=\"border-style: none; border-width: medium; text-align: center;\">Radley<\/td>\n<td style=\"border-style: none; border-width: medium; text-align: center;\">Marcelo Meirelles<br \/>\n<div class=\"su-audio\" data-id=\"su_audio_player_69f1c553a0473\" data-audio=\"http:\/\/www.infantv.com.br\/sons\/tp_radley.mp3\" data-swf=\"https:\/\/dublagembrasileira.com.br\/wp-content\/plugins\/shortcodes-ultimate\/vendor\/jplayer\/jplayer.swf\" data-autoplay=\"no\" data-loop=\"no\" style=\"max-width:100%\"><div id=\"su_audio_player_69f1c553a0473\" class=\"jp-jplayer\"><\/div><div id=\"su_audio_player_69f1c553a0473_container\" class=\"jp-audio\"><div class=\"jp-type-single\"><div class=\"jp-gui jp-interface\"><div class=\"jp-controls\"><span class=\"jp-play\"><\/span><span class=\"jp-pause\"><\/span><span class=\"jp-stop\"><\/span><span class=\"jp-mute\"><\/span><span class=\"jp-unmute\"><\/span><span class=\"jp-volume-max\"><\/span><\/div><div class=\"jp-progress\"><div class=\"jp-seek-bar\"><div class=\"jp-play-bar\"><\/div><\/div><\/div><div class=\"jp-volume-bar\"><div class=\"jp-volume-bar-value\"><\/div><\/div><div class=\"jp-current-time\"><\/div><div class=\"jp-duration\"><\/div><\/div><div class=\"jp-title\"><\/div><\/div><\/div><\/div><\/td>\n<\/tr>\n<\/tbody>\n<\/table>\n<hr \/>\n<table style=\"border-width: 0px; height: 32px;\" width=\"602\">\n<tbody>\n<tr>\n<td style=\"border-style: none; border-width: medium; text-align: center;\"><img decoding=\"async\" class=\"aligncenter wp-image-195 size-full lazyload\" data-src=\"http:\/\/dublagembrasileira.com.br\/wp-content\/uploads\/2019\/08\/turma_jett.jpg\" alt=\"\" width=\"210\" height=\"240\" src=\"data:image\/svg+xml;base64,PHN2ZyB3aWR0aD0iMSIgaGVpZ2h0PSIxIiB4bWxucz0iaHR0cDovL3d3dy53My5vcmcvMjAwMC9zdmciPjwvc3ZnPg==\" style=\"--smush-placeholder-width: 210px; --smush-placeholder-aspect-ratio: 210\/240;\" \/><\/td>\n<td style=\"border-style: none; border-width: medium; text-align: center;\"><img decoding=\"async\" class=\"aligncenter wp-image-196 size-full lazyload\" data-src=\"http:\/\/dublagembrasileira.com.br\/wp-content\/uploads\/2019\/07\/miriamficher4.jpg\" alt=\"\" width=\"210\" height=\"240\" src=\"data:image\/svg+xml;base64,PHN2ZyB3aWR0aD0iMSIgaGVpZ2h0PSIxIiB4bWxucz0iaHR0cDovL3d3dy53My5vcmcvMjAwMC9zdmciPjwvc3ZnPg==\" style=\"--smush-placeholder-width: 210px; --smush-placeholder-aspect-ratio: 210\/240;\" \/><\/td>\n<\/tr>\n<tr>\n<td style=\"border-style: none; border-width: medium; text-align: center;\">Jett<\/td>\n<td style=\"border-style: none; border-width: medium; text-align: center;\">Miriam Ficher<br \/>\n<div class=\"su-audio\" data-id=\"su_audio_player_69f1c553a0481\" data-audio=\"http:\/\/www.infantv.com.br\/sons\/tp_jett.mp3\" data-swf=\"https:\/\/dublagembrasileira.com.br\/wp-content\/plugins\/shortcodes-ultimate\/vendor\/jplayer\/jplayer.swf\" data-autoplay=\"no\" data-loop=\"no\" style=\"max-width:100%\"><div id=\"su_audio_player_69f1c553a0481\" class=\"jp-jplayer\"><\/div><div id=\"su_audio_player_69f1c553a0481_container\" class=\"jp-audio\"><div class=\"jp-type-single\"><div class=\"jp-gui jp-interface\"><div class=\"jp-controls\"><span class=\"jp-play\"><\/span><span class=\"jp-pause\"><\/span><span class=\"jp-stop\"><\/span><span class=\"jp-mute\"><\/span><span class=\"jp-unmute\"><\/span><span class=\"jp-volume-max\"><\/span><\/div><div class=\"jp-progress\"><div class=\"jp-seek-bar\"><div class=\"jp-play-bar\"><\/div><\/div><\/div><div class=\"jp-volume-bar\"><div class=\"jp-volume-bar-value\"><\/div><\/div><div class=\"jp-current-time\"><\/div><div class=\"jp-duration\"><\/div><\/div><div class=\"jp-title\"><\/div><\/div><\/div><\/div><\/td>\n<\/tr>\n<\/tbody>\n<\/table>\n<hr \/>\n<table style=\"border-width: 0px; height: 32px;\" width=\"602\">\n<tbody>\n<tr>\n<td style=\"border-style: none; border-width: medium; text-align: center;\"><img decoding=\"async\" class=\"aligncenter wp-image-195 size-full lazyload\" data-src=\"http:\/\/dublagembrasileira.com.br\/wp-content\/uploads\/2019\/08\/turma_gig.jpg\" alt=\"\" width=\"210\" height=\"240\" src=\"data:image\/svg+xml;base64,PHN2ZyB3aWR0aD0iMSIgaGVpZ2h0PSIxIiB4bWxucz0iaHR0cDovL3d3dy53My5vcmcvMjAwMC9zdmciPjwvc3ZnPg==\" style=\"--smush-placeholder-width: 210px; --smush-placeholder-aspect-ratio: 210\/240;\" \/><\/td>\n<td style=\"border-style: none; border-width: medium; text-align: center;\"><img decoding=\"async\" class=\"aligncenter wp-image-196 size-full lazyload\" data-src=\"http:\/\/dublagembrasileira.com.br\/wp-content\/uploads\/2019\/08\/seltonmelo.jpg\" alt=\"\" width=\"210\" height=\"240\" src=\"data:image\/svg+xml;base64,PHN2ZyB3aWR0aD0iMSIgaGVpZ2h0PSIxIiB4bWxucz0iaHR0cDovL3d3dy53My5vcmcvMjAwMC9zdmciPjwvc3ZnPg==\" style=\"--smush-placeholder-width: 210px; --smush-placeholder-aspect-ratio: 210\/240;\" \/><\/td>\n<\/tr>\n<tr>\n<td style=\"border-style: none; border-width: medium; text-align: center;\">Gig<\/td>\n<td style=\"border-style: none; border-width: medium; text-align: center;\">Selton Melo<br \/>\n<div class=\"su-audio\" data-id=\"su_audio_player_69f1c553a048f\" data-audio=\"http:\/\/www.infantv.com.br\/sons\/tp_gig.mp3\" data-swf=\"https:\/\/dublagembrasileira.com.br\/wp-content\/plugins\/shortcodes-ultimate\/vendor\/jplayer\/jplayer.swf\" data-autoplay=\"no\" data-loop=\"no\" style=\"max-width:100%\"><div id=\"su_audio_player_69f1c553a048f\" class=\"jp-jplayer\"><\/div><div id=\"su_audio_player_69f1c553a048f_container\" class=\"jp-audio\"><div class=\"jp-type-single\"><div class=\"jp-gui jp-interface\"><div class=\"jp-controls\"><span class=\"jp-play\"><\/span><span class=\"jp-pause\"><\/span><span class=\"jp-stop\"><\/span><span class=\"jp-mute\"><\/span><span class=\"jp-unmute\"><\/span><span class=\"jp-volume-max\"><\/span><\/div><div class=\"jp-progress\"><div class=\"jp-seek-bar\"><div class=\"jp-play-bar\"><\/div><\/div><\/div><div class=\"jp-volume-bar\"><div class=\"jp-volume-bar-value\"><\/div><\/div><div class=\"jp-current-time\"><\/div><div class=\"jp-duration\"><\/div><\/div><div class=\"jp-title\"><\/div><\/div><\/div><\/div><\/td>\n<\/tr>\n<\/tbody>\n<\/table>\n<hr \/>\n<table style=\"border-width: 0px; height: 32px;\" width=\"602\">\n<tbody>\n<tr>\n<td style=\"border-style: none; border-width: medium; text-align: center;\"><img decoding=\"async\" class=\"aligncenter wp-image-195 size-full lazyload\" data-src=\"http:\/\/dublagembrasileira.com.br\/wp-content\/uploads\/2019\/08\/turma_switchboard.jpg\" alt=\"\" width=\"210\" height=\"240\" src=\"data:image\/svg+xml;base64,PHN2ZyB3aWR0aD0iMSIgaGVpZ2h0PSIxIiB4bWxucz0iaHR0cDovL3d3dy53My5vcmcvMjAwMC9zdmciPjwvc3ZnPg==\" style=\"--smush-placeholder-width: 210px; --smush-placeholder-aspect-ratio: 210\/240;\" \/><\/td>\n<td style=\"border-style: none; border-width: medium; text-align: center;\"><img decoding=\"async\" class=\"aligncenter wp-image-196 size-full lazyload\" data-src=\"http:\/\/dublagembrasileira.com.br\/wp-content\/uploads\/2019\/08\/selma_lopes.jpg\" alt=\"\" width=\"210\" height=\"240\" src=\"data:image\/svg+xml;base64,PHN2ZyB3aWR0aD0iMSIgaGVpZ2h0PSIxIiB4bWxucz0iaHR0cDovL3d3dy53My5vcmcvMjAwMC9zdmciPjwvc3ZnPg==\" style=\"--smush-placeholder-width: 210px; --smush-placeholder-aspect-ratio: 210\/240;\" \/><\/td>\n<\/tr>\n<tr>\n<td style=\"border-style: none; border-width: medium; text-align: center;\">Switchboard<\/td>\n<td style=\"border-style: none; border-width: medium; text-align: center;\">Selma Lopes<br \/>\n<div class=\"su-audio\" data-id=\"su_audio_player_69f1c553a049c\" data-audio=\"http:\/\/www.infantv.com.br\/sons\/tp_switchboard2.mp3\" data-swf=\"https:\/\/dublagembrasileira.com.br\/wp-content\/plugins\/shortcodes-ultimate\/vendor\/jplayer\/jplayer.swf\" data-autoplay=\"no\" data-loop=\"no\" style=\"max-width:100%\"><div id=\"su_audio_player_69f1c553a049c\" class=\"jp-jplayer\"><\/div><div id=\"su_audio_player_69f1c553a049c_container\" class=\"jp-audio\"><div class=\"jp-type-single\"><div class=\"jp-gui jp-interface\"><div class=\"jp-controls\"><span class=\"jp-play\"><\/span><span class=\"jp-pause\"><\/span><span class=\"jp-stop\"><\/span><span class=\"jp-mute\"><\/span><span class=\"jp-unmute\"><\/span><span class=\"jp-volume-max\"><\/span><\/div><div class=\"jp-progress\"><div class=\"jp-seek-bar\"><div class=\"jp-play-bar\"><\/div><\/div><\/div><div class=\"jp-volume-bar\"><div class=\"jp-volume-bar-value\"><\/div><\/div><div class=\"jp-current-time\"><\/div><div class=\"jp-duration\"><\/div><\/div><div class=\"jp-title\"><\/div><\/div><\/div><\/div><\/td>\n<\/tr>\n<\/tbody>\n<\/table>\n<hr \/>\n<table style=\"border-width: 0px; height: 32px;\" width=\"602\">\n<tbody>\n<tr>\n<td style=\"border-style: none; border-width: medium; text-align: center;\"><img decoding=\"async\" class=\"aligncenter wp-image-195 size-full lazyload\" data-src=\"http:\/\/dublagembrasileira.com.br\/wp-content\/uploads\/2019\/08\/turma_wilshire.jpg\" alt=\"\" width=\"210\" height=\"240\" src=\"data:image\/svg+xml;base64,PHN2ZyB3aWR0aD0iMSIgaGVpZ2h0PSIxIiB4bWxucz0iaHR0cDovL3d3dy53My5vcmcvMjAwMC9zdmciPjwvc3ZnPg==\" style=\"--smush-placeholder-width: 210px; --smush-placeholder-aspect-ratio: 210\/240;\" \/><\/td>\n<td style=\"border-style: none; border-width: medium; text-align: center;\"><img decoding=\"async\" class=\"aligncenter wp-image-196 size-full lazyload\" data-src=\"http:\/\/dublagembrasileira.com.br\/wp-content\/uploads\/2019\/07\/ricardoschnetzer.jpg\" alt=\"\" width=\"210\" height=\"240\" src=\"data:image\/svg+xml;base64,PHN2ZyB3aWR0aD0iMSIgaGVpZ2h0PSIxIiB4bWxucz0iaHR0cDovL3d3dy53My5vcmcvMjAwMC9zdmciPjwvc3ZnPg==\" style=\"--smush-placeholder-width: 210px; --smush-placeholder-aspect-ratio: 210\/240;\" \/><\/td>\n<\/tr>\n<tr>\n<td style=\"border-style: none; border-width: medium; text-align: center;\">Wilshire Brentwood<\/td>\n<td style=\"border-style: none; border-width: medium; text-align: center;\">Ricardo Schnetzer<br \/>\n<div class=\"su-audio\" data-id=\"su_audio_player_69f1c553a04aa\" data-audio=\"http:\/\/www.infantv.com.br\/sons\/tp_wilshire.mp3\" data-swf=\"https:\/\/dublagembrasileira.com.br\/wp-content\/plugins\/shortcodes-ultimate\/vendor\/jplayer\/jplayer.swf\" data-autoplay=\"no\" data-loop=\"no\" style=\"max-width:100%\"><div id=\"su_audio_player_69f1c553a04aa\" class=\"jp-jplayer\"><\/div><div id=\"su_audio_player_69f1c553a04aa_container\" class=\"jp-audio\"><div class=\"jp-type-single\"><div class=\"jp-gui jp-interface\"><div class=\"jp-controls\"><span class=\"jp-play\"><\/span><span class=\"jp-pause\"><\/span><span class=\"jp-stop\"><\/span><span class=\"jp-mute\"><\/span><span class=\"jp-unmute\"><\/span><span class=\"jp-volume-max\"><\/span><\/div><div class=\"jp-progress\"><div class=\"jp-seek-bar\"><div class=\"jp-play-bar\"><\/div><\/div><\/div><div class=\"jp-volume-bar\"><div class=\"jp-volume-bar-value\"><\/div><\/div><div class=\"jp-current-time\"><\/div><div class=\"jp-duration\"><\/div><\/div><div class=\"jp-title\"><\/div><\/div><\/div><\/div><\/td>\n<\/tr>\n<\/tbody>\n<\/table>\n<hr \/>\n<table style=\"border-width: 0px; height: 32px;\" width=\"602\">\n<tbody>\n<tr>\n<td style=\"border-style: none; border-width: medium; text-align: center;\"><img decoding=\"async\" class=\"aligncenter wp-image-195 size-full lazyload\" data-src=\"http:\/\/dublagembrasileira.com.br\/wp-content\/uploads\/2019\/08\/turma_blaze.jpg\" alt=\"\" width=\"210\" height=\"240\" src=\"data:image\/svg+xml;base64,PHN2ZyB3aWR0aD0iMSIgaGVpZ2h0PSIxIiB4bWxucz0iaHR0cDovL3d3dy53My5vcmcvMjAwMC9zdmciPjwvc3ZnPg==\" style=\"--smush-placeholder-width: 210px; --smush-placeholder-aspect-ratio: 210\/240;\" \/><\/td>\n<td style=\"border-style: none; border-width: medium; text-align: center;\"><img decoding=\"async\" class=\"aligncenter wp-image-196 size-full lazyload\" data-src=\"http:\/\/dublagembrasileira.com.br\/wp-content\/uploads\/2019\/08\/carmensheila2.jpg\" alt=\"\" width=\"210\" height=\"240\" src=\"data:image\/svg+xml;base64,PHN2ZyB3aWR0aD0iMSIgaGVpZ2h0PSIxIiB4bWxucz0iaHR0cDovL3d3dy53My5vcmcvMjAwMC9zdmciPjwvc3ZnPg==\" style=\"--smush-placeholder-width: 210px; --smush-placeholder-aspect-ratio: 210\/240;\" \/><\/td>\n<\/tr>\n<tr>\n<td style=\"border-style: none; border-width: medium; text-align: center;\">Blaze Summers<\/td>\n<td style=\"border-style: none; border-width: medium; text-align: center;\">Carmen Sheila<br \/>\n<div class=\"su-audio\" data-id=\"su_audio_player_69f1c553a04b8\" data-audio=\"http:\/\/www.infantv.com.br\/sons\/tp_blaze.mp3\" data-swf=\"https:\/\/dublagembrasileira.com.br\/wp-content\/plugins\/shortcodes-ultimate\/vendor\/jplayer\/jplayer.swf\" data-autoplay=\"no\" data-loop=\"no\" style=\"max-width:100%\"><div id=\"su_audio_player_69f1c553a04b8\" class=\"jp-jplayer\"><\/div><div id=\"su_audio_player_69f1c553a04b8_container\" class=\"jp-audio\"><div class=\"jp-type-single\"><div class=\"jp-gui jp-interface\"><div class=\"jp-controls\"><span class=\"jp-play\"><\/span><span class=\"jp-pause\"><\/span><span class=\"jp-stop\"><\/span><span class=\"jp-mute\"><\/span><span class=\"jp-unmute\"><\/span><span class=\"jp-volume-max\"><\/span><\/div><div class=\"jp-progress\"><div class=\"jp-seek-bar\"><div class=\"jp-play-bar\"><\/div><\/div><\/div><div class=\"jp-volume-bar\"><div class=\"jp-volume-bar-value\"><\/div><\/div><div class=\"jp-current-time\"><\/div><div class=\"jp-duration\"><\/div><\/div><div class=\"jp-title\"><\/div><\/div><\/div><\/div><\/td>\n<\/tr>\n<\/tbody>\n<\/table>\n","protected":false},"excerpt":{"rendered":"<p>Vozes jovens e veteranas da Herbert Richers num desenho que marcou gera\u00e7\u00f5es. Em Janeiro de 1987 a DIC Empresas e Coca-Cola Telecomunica\u00e7\u00f5es produziram a s\u00e9rie em desenho Turma da Pesada (Beverly Hills Teens) que estreou na emissora americana NBC no dia 19 de setembro de 1987. Produzido por Andy Heyward, o desenho contava aventuras baseadas na tend\u00eancia dos anos 80, o cotidiano de jovens na busca incessante pela popularidade, uma necessidade b\u00e1sica que inclu\u00eda fazer parte da turminha dos legais, ter seu nome conhecido em toda a escola, frequentar festas bacanas, entre outras futilidades. Mas esse privil\u00e9gio era de poucos, em especial dos teens milion\u00e1rios de Beverly Hills. A dublagem. No Brasil a s\u00e9rie animada estreou em 1988 quando passou a fazer parte da programa\u00e7\u00e3o da Rede Globo no programa Xou da Xuxa. De forma curiosa &#8220;Beverly Hills Teens&#8221;\u00a0 ganhou a tradu\u00e7\u00e3o de Turma da Pesada, mesmo t\u00edtulo de um desenho dos anos 70. Logo a anima\u00e7\u00e3o caiu no gosto da crian\u00e7ada e a Globo reservou no ano seguinte tamb\u00e9m a transmiss\u00e3o di\u00e1ria dele como parte da programa\u00e7\u00e3o da Sess\u00e3o Aventura. Turma da Pesada mesmo era o time de dubladores escalado para dar vozes brasileiras ao desenho na Herbert Richers. A maior parte dos profissionais escalados estavam muito \u00e0 vontade em dublar jovens na \u00e9poca, casos de\u00a0Marisa Leal,\u00a0Marco Ant\u00f4nio Costa, Oberdan J\u00fanior, Selton Melo, Ricardo Schnetzer e Miriam Ficher. Veteranos do est\u00fadio faziam falsetes de forma primorosa como Carmen Sheila e Selma Lopes. A mistura de gera\u00e7\u00f5es deu certo e na bancada de dublagem o que se viu foram atua\u00e7\u00f5es muito boas no n\u00edvel que a Herbert oferecia naquela \u00e9poca. Marisa Leal faz uma Larky Tanner meiga e doce e cai no gosto da crian\u00e7ada, assim como Teresa Cristina num trabalho maravilhoso ao interpretar a esnobe Bianca Dupree. Os demais do elenco d\u00e3o conta do recado e oferecem uma dublagem que n\u00e3o envelhece com o tempo. Confira abaixo o elenco de dublagem do desenho: Larky Tanner Marisa Leal Bianca Dupree Teresa Cristina Troy Jeffries Marco Ant\u00f4nio Costa Chester McTech Oberdan J\u00fanior Tara Belle Francis Clay Shanelle Spencer Jane Kelly Pierce Thorndyke III Armando Braga Nikki Darling N\u00e1dia de Carvalho Radley Marcelo Meirelles Jett Miriam Ficher Gig Selton Melo Switchboard Selma Lopes Wilshire Brentwood Ricardo Schnetzer Blaze Summers Carmen Sheila<\/p>\n","protected":false},"author":1,"featured_media":1841,"comment_status":"open","ping_status":"open","sticky":false,"template":"","format":"standard","meta":{"_monsterinsights_skip_tracking":false,"_monsterinsights_sitenote_active":false,"_monsterinsights_sitenote_note":"","_monsterinsights_sitenote_category":0,"footnotes":""},"categories":[15,263],"tags":[35,127,124,33,34,27],"class_list":["post-1814","post","type-post","status-publish","format-standard","has-post-thumbnail","hentry","category-materias","category-sons-da-memoria","tag-bau-da-dublagem","tag-dubla","tag-dublado","tag-dublador","tag-dubladora","tag-dublagem"],"yoast_head":"<!-- This site is optimized with the Yoast SEO plugin v26.1.1 - https:\/\/yoast.com\/wordpress\/plugins\/seo\/ -->\n<title>Sons da Mem\u00f3ria: Turma da Pesada | DB - Dublagem Brasileira<\/title>\n<meta name=\"description\" content=\"Ba\u00fa da Dublagem: Turma da Pesada. Vozes jovens e veteranas da Herbert Richers num desenho que marcou gera\u00e7\u00f5es.\" \/>\n<meta name=\"robots\" content=\"index, follow, max-snippet:-1, max-image-preview:large, max-video-preview:-1\" \/>\n<link rel=\"canonical\" href=\"https:\/\/dublagembrasileira.com.br\/?p=1814\" \/>\n<meta property=\"og:locale\" content=\"pt_BR\" \/>\n<meta property=\"og:type\" content=\"article\" \/>\n<meta property=\"og:title\" content=\"Sons da Mem\u00f3ria: Turma da Pesada | DB - Dublagem Brasileira\" \/>\n<meta property=\"og:description\" content=\"Ba\u00fa da Dublagem: Turma da Pesada. Vozes jovens e veteranas da Herbert Richers num desenho que marcou gera\u00e7\u00f5es.\" \/>\n<meta property=\"og:url\" content=\"https:\/\/dublagembrasileira.com.br\/?p=1814\" \/>\n<meta property=\"og:site_name\" content=\"DB - Dublagem Brasileira\" \/>\n<meta property=\"article:published_time\" content=\"2019-08-08T12:20:28+00:00\" \/>\n<meta property=\"article:modified_time\" content=\"2025-06-20T23:59:25+00:00\" \/>\n<meta property=\"og:image\" content=\"http:\/\/dublagembrasileira.com.br\/wp-content\/uploads\/2019\/08\/turma_pesada.jpg\" \/>\n\t<meta property=\"og:image:width\" content=\"704\" \/>\n\t<meta property=\"og:image:height\" content=\"496\" \/>\n\t<meta property=\"og:image:type\" content=\"image\/jpeg\" \/>\n<meta name=\"author\" content=\"Iza\u00edas Correia\" \/>\n<meta name=\"twitter:card\" content=\"summary_large_image\" \/>\n<meta name=\"twitter:label1\" content=\"Escrito por\" \/>\n\t<meta name=\"twitter:data1\" content=\"Iza\u00edas Correia\" \/>\n\t<meta name=\"twitter:label2\" content=\"Est. tempo de leitura\" \/>\n\t<meta name=\"twitter:data2\" content=\"9 minutos\" \/>\n<script type=\"application\/ld+json\" class=\"yoast-schema-graph\">{\"@context\":\"https:\/\/schema.org\",\"@graph\":[{\"@type\":\"Article\",\"@id\":\"https:\/\/dublagembrasileira.com.br\/?p=1814#article\",\"isPartOf\":{\"@id\":\"https:\/\/dublagembrasileira.com.br\/?p=1814\"},\"author\":{\"name\":\"Iza\u00edas Correia\",\"@id\":\"https:\/\/dublagembrasileira.com.br\/#\/schema\/person\/6298fd46a47d1ef447a90b2fc9f2b215\"},\"headline\":\"Sons da Mem\u00f3ria: Turma da Pesada\",\"datePublished\":\"2019-08-08T12:20:28+00:00\",\"dateModified\":\"2025-06-20T23:59:25+00:00\",\"mainEntityOfPage\":{\"@id\":\"https:\/\/dublagembrasileira.com.br\/?p=1814\"},\"wordCount\":622,\"commentCount\":0,\"publisher\":{\"@id\":\"https:\/\/dublagembrasileira.com.br\/#organization\"},\"image\":{\"@id\":\"https:\/\/dublagembrasileira.com.br\/?p=1814#primaryimage\"},\"thumbnailUrl\":\"https:\/\/dublagembrasileira.com.br\/wp-content\/uploads\/2019\/08\/turma_pesada.jpg\",\"keywords\":[\"ba\u00fa da dublagem\",\"dubla\",\"dublado\",\"dublador\",\"dubladora\",\"dublagem\"],\"articleSection\":[\"Mat\u00e9rias\",\"Sons da Mem\u00f3ria\"],\"inLanguage\":\"pt-BR\",\"potentialAction\":[{\"@type\":\"CommentAction\",\"name\":\"Comment\",\"target\":[\"https:\/\/dublagembrasileira.com.br\/?p=1814#respond\"]}]},{\"@type\":\"WebPage\",\"@id\":\"https:\/\/dublagembrasileira.com.br\/?p=1814\",\"url\":\"https:\/\/dublagembrasileira.com.br\/?p=1814\",\"name\":\"Sons da Mem\u00f3ria: Turma da Pesada | DB - Dublagem Brasileira\",\"isPartOf\":{\"@id\":\"https:\/\/dublagembrasileira.com.br\/#website\"},\"primaryImageOfPage\":{\"@id\":\"https:\/\/dublagembrasileira.com.br\/?p=1814#primaryimage\"},\"image\":{\"@id\":\"https:\/\/dublagembrasileira.com.br\/?p=1814#primaryimage\"},\"thumbnailUrl\":\"https:\/\/dublagembrasileira.com.br\/wp-content\/uploads\/2019\/08\/turma_pesada.jpg\",\"datePublished\":\"2019-08-08T12:20:28+00:00\",\"dateModified\":\"2025-06-20T23:59:25+00:00\",\"description\":\"Ba\u00fa da Dublagem: Turma da Pesada. Vozes jovens e veteranas da Herbert Richers num desenho que marcou gera\u00e7\u00f5es.\",\"breadcrumb\":{\"@id\":\"https:\/\/dublagembrasileira.com.br\/?p=1814#breadcrumb\"},\"inLanguage\":\"pt-BR\",\"potentialAction\":[{\"@type\":\"ReadAction\",\"target\":[\"https:\/\/dublagembrasileira.com.br\/?p=1814\"]}]},{\"@type\":\"ImageObject\",\"inLanguage\":\"pt-BR\",\"@id\":\"https:\/\/dublagembrasileira.com.br\/?p=1814#primaryimage\",\"url\":\"https:\/\/dublagembrasileira.com.br\/wp-content\/uploads\/2019\/08\/turma_pesada.jpg\",\"contentUrl\":\"https:\/\/dublagembrasileira.com.br\/wp-content\/uploads\/2019\/08\/turma_pesada.jpg\",\"width\":704,\"height\":496},{\"@type\":\"BreadcrumbList\",\"@id\":\"https:\/\/dublagembrasileira.com.br\/?p=1814#breadcrumb\",\"itemListElement\":[{\"@type\":\"ListItem\",\"position\":1,\"name\":\"In\u00edcio\",\"item\":\"https:\/\/dublagembrasileira.com.br\/\"},{\"@type\":\"ListItem\",\"position\":2,\"name\":\"Sons da Mem\u00f3ria: Turma da Pesada\"}]},{\"@type\":\"WebSite\",\"@id\":\"https:\/\/dublagembrasileira.com.br\/#website\",\"url\":\"https:\/\/dublagembrasileira.com.br\/\",\"name\":\"DB - Dublagem Brasileira\",\"description\":\"O seu portal de dublagem.\",\"publisher\":{\"@id\":\"https:\/\/dublagembrasileira.com.br\/#organization\"},\"potentialAction\":[{\"@type\":\"SearchAction\",\"target\":{\"@type\":\"EntryPoint\",\"urlTemplate\":\"https:\/\/dublagembrasileira.com.br\/?s={search_term_string}\"},\"query-input\":{\"@type\":\"PropertyValueSpecification\",\"valueRequired\":true,\"valueName\":\"search_term_string\"}}],\"inLanguage\":\"pt-BR\"},{\"@type\":\"Organization\",\"@id\":\"https:\/\/dublagembrasileira.com.br\/#organization\",\"name\":\"DB - Dublagem Brasileira\",\"url\":\"https:\/\/dublagembrasileira.com.br\/\",\"logo\":{\"@type\":\"ImageObject\",\"inLanguage\":\"pt-BR\",\"@id\":\"https:\/\/dublagembrasileira.com.br\/#\/schema\/logo\/image\/\",\"url\":\"https:\/\/dublagembrasileira.com.br\/wp-content\/uploads\/2019\/07\/cropped-logotipodb.png\",\"contentUrl\":\"https:\/\/dublagembrasileira.com.br\/wp-content\/uploads\/2019\/07\/cropped-logotipodb.png\",\"width\":946,\"height\":589,\"caption\":\"DB - Dublagem Brasileira\"},\"image\":{\"@id\":\"https:\/\/dublagembrasileira.com.br\/#\/schema\/logo\/image\/\"}},{\"@type\":\"Person\",\"@id\":\"https:\/\/dublagembrasileira.com.br\/#\/schema\/person\/6298fd46a47d1ef447a90b2fc9f2b215\",\"name\":\"Iza\u00edas Correia\",\"image\":{\"@type\":\"ImageObject\",\"inLanguage\":\"pt-BR\",\"@id\":\"https:\/\/dublagembrasileira.com.br\/#\/schema\/person\/image\/\",\"url\":\"http:\/\/dublagembrasileira.com.br\/wp-content\/uploads\/2025\/06\/cropped-izaiascorreia-96x96.jpg\",\"contentUrl\":\"http:\/\/dublagembrasileira.com.br\/wp-content\/uploads\/2025\/06\/cropped-izaiascorreia-96x96.jpg\",\"caption\":\"Iza\u00edas Correia\"},\"description\":\"Professor, roteirista e web-designer, respons\u00e1vel pelo site InfanTv. Tamb\u00e9m \u00e9 pesquisador da dublagem brasileira.\",\"url\":\"https:\/\/dublagembrasileira.com.br\/?author=1\"}]}<\/script>\n<!-- \/ Yoast SEO plugin. -->","yoast_head_json":{"title":"Sons da Mem\u00f3ria: Turma da Pesada | DB - Dublagem Brasileira","description":"Ba\u00fa da Dublagem: Turma da Pesada. Vozes jovens e veteranas da Herbert Richers num desenho que marcou gera\u00e7\u00f5es.","robots":{"index":"index","follow":"follow","max-snippet":"max-snippet:-1","max-image-preview":"max-image-preview:large","max-video-preview":"max-video-preview:-1"},"canonical":"https:\/\/dublagembrasileira.com.br\/?p=1814","og_locale":"pt_BR","og_type":"article","og_title":"Sons da Mem\u00f3ria: Turma da Pesada | DB - Dublagem Brasileira","og_description":"Ba\u00fa da Dublagem: Turma da Pesada. Vozes jovens e veteranas da Herbert Richers num desenho que marcou gera\u00e7\u00f5es.","og_url":"https:\/\/dublagembrasileira.com.br\/?p=1814","og_site_name":"DB - Dublagem Brasileira","article_published_time":"2019-08-08T12:20:28+00:00","article_modified_time":"2025-06-20T23:59:25+00:00","og_image":[{"width":704,"height":496,"url":"http:\/\/dublagembrasileira.com.br\/wp-content\/uploads\/2019\/08\/turma_pesada.jpg","type":"image\/jpeg"}],"author":"Iza\u00edas Correia","twitter_card":"summary_large_image","twitter_misc":{"Escrito por":"Iza\u00edas Correia","Est. tempo de leitura":"9 minutos"},"schema":{"@context":"https:\/\/schema.org","@graph":[{"@type":"Article","@id":"https:\/\/dublagembrasileira.com.br\/?p=1814#article","isPartOf":{"@id":"https:\/\/dublagembrasileira.com.br\/?p=1814"},"author":{"name":"Iza\u00edas Correia","@id":"https:\/\/dublagembrasileira.com.br\/#\/schema\/person\/6298fd46a47d1ef447a90b2fc9f2b215"},"headline":"Sons da Mem\u00f3ria: Turma da Pesada","datePublished":"2019-08-08T12:20:28+00:00","dateModified":"2025-06-20T23:59:25+00:00","mainEntityOfPage":{"@id":"https:\/\/dublagembrasileira.com.br\/?p=1814"},"wordCount":622,"commentCount":0,"publisher":{"@id":"https:\/\/dublagembrasileira.com.br\/#organization"},"image":{"@id":"https:\/\/dublagembrasileira.com.br\/?p=1814#primaryimage"},"thumbnailUrl":"https:\/\/dublagembrasileira.com.br\/wp-content\/uploads\/2019\/08\/turma_pesada.jpg","keywords":["ba\u00fa da dublagem","dubla","dublado","dublador","dubladora","dublagem"],"articleSection":["Mat\u00e9rias","Sons da Mem\u00f3ria"],"inLanguage":"pt-BR","potentialAction":[{"@type":"CommentAction","name":"Comment","target":["https:\/\/dublagembrasileira.com.br\/?p=1814#respond"]}]},{"@type":"WebPage","@id":"https:\/\/dublagembrasileira.com.br\/?p=1814","url":"https:\/\/dublagembrasileira.com.br\/?p=1814","name":"Sons da Mem\u00f3ria: Turma da Pesada | DB - Dublagem Brasileira","isPartOf":{"@id":"https:\/\/dublagembrasileira.com.br\/#website"},"primaryImageOfPage":{"@id":"https:\/\/dublagembrasileira.com.br\/?p=1814#primaryimage"},"image":{"@id":"https:\/\/dublagembrasileira.com.br\/?p=1814#primaryimage"},"thumbnailUrl":"https:\/\/dublagembrasileira.com.br\/wp-content\/uploads\/2019\/08\/turma_pesada.jpg","datePublished":"2019-08-08T12:20:28+00:00","dateModified":"2025-06-20T23:59:25+00:00","description":"Ba\u00fa da Dublagem: Turma da Pesada. Vozes jovens e veteranas da Herbert Richers num desenho que marcou gera\u00e7\u00f5es.","breadcrumb":{"@id":"https:\/\/dublagembrasileira.com.br\/?p=1814#breadcrumb"},"inLanguage":"pt-BR","potentialAction":[{"@type":"ReadAction","target":["https:\/\/dublagembrasileira.com.br\/?p=1814"]}]},{"@type":"ImageObject","inLanguage":"pt-BR","@id":"https:\/\/dublagembrasileira.com.br\/?p=1814#primaryimage","url":"https:\/\/dublagembrasileira.com.br\/wp-content\/uploads\/2019\/08\/turma_pesada.jpg","contentUrl":"https:\/\/dublagembrasileira.com.br\/wp-content\/uploads\/2019\/08\/turma_pesada.jpg","width":704,"height":496},{"@type":"BreadcrumbList","@id":"https:\/\/dublagembrasileira.com.br\/?p=1814#breadcrumb","itemListElement":[{"@type":"ListItem","position":1,"name":"In\u00edcio","item":"https:\/\/dublagembrasileira.com.br\/"},{"@type":"ListItem","position":2,"name":"Sons da Mem\u00f3ria: Turma da Pesada"}]},{"@type":"WebSite","@id":"https:\/\/dublagembrasileira.com.br\/#website","url":"https:\/\/dublagembrasileira.com.br\/","name":"DB - Dublagem Brasileira","description":"O seu portal de dublagem.","publisher":{"@id":"https:\/\/dublagembrasileira.com.br\/#organization"},"potentialAction":[{"@type":"SearchAction","target":{"@type":"EntryPoint","urlTemplate":"https:\/\/dublagembrasileira.com.br\/?s={search_term_string}"},"query-input":{"@type":"PropertyValueSpecification","valueRequired":true,"valueName":"search_term_string"}}],"inLanguage":"pt-BR"},{"@type":"Organization","@id":"https:\/\/dublagembrasileira.com.br\/#organization","name":"DB - Dublagem Brasileira","url":"https:\/\/dublagembrasileira.com.br\/","logo":{"@type":"ImageObject","inLanguage":"pt-BR","@id":"https:\/\/dublagembrasileira.com.br\/#\/schema\/logo\/image\/","url":"https:\/\/dublagembrasileira.com.br\/wp-content\/uploads\/2019\/07\/cropped-logotipodb.png","contentUrl":"https:\/\/dublagembrasileira.com.br\/wp-content\/uploads\/2019\/07\/cropped-logotipodb.png","width":946,"height":589,"caption":"DB - Dublagem Brasileira"},"image":{"@id":"https:\/\/dublagembrasileira.com.br\/#\/schema\/logo\/image\/"}},{"@type":"Person","@id":"https:\/\/dublagembrasileira.com.br\/#\/schema\/person\/6298fd46a47d1ef447a90b2fc9f2b215","name":"Iza\u00edas Correia","image":{"@type":"ImageObject","inLanguage":"pt-BR","@id":"https:\/\/dublagembrasileira.com.br\/#\/schema\/person\/image\/","url":"http:\/\/dublagembrasileira.com.br\/wp-content\/uploads\/2025\/06\/cropped-izaiascorreia-96x96.jpg","contentUrl":"http:\/\/dublagembrasileira.com.br\/wp-content\/uploads\/2025\/06\/cropped-izaiascorreia-96x96.jpg","caption":"Iza\u00edas Correia"},"description":"Professor, roteirista e web-designer, respons\u00e1vel pelo site InfanTv. Tamb\u00e9m \u00e9 pesquisador da dublagem brasileira.","url":"https:\/\/dublagembrasileira.com.br\/?author=1"}]}},"rttpg_featured_image_url":{"full":["https:\/\/dublagembrasileira.com.br\/wp-content\/uploads\/2019\/08\/turma_pesada.jpg",704,496,false],"landscape":["https:\/\/dublagembrasileira.com.br\/wp-content\/uploads\/2019\/08\/turma_pesada.jpg",704,496,false],"portraits":["https:\/\/dublagembrasileira.com.br\/wp-content\/uploads\/2019\/08\/turma_pesada.jpg",704,496,false],"thumbnail":["https:\/\/dublagembrasileira.com.br\/wp-content\/uploads\/2019\/08\/turma_pesada-150x150.jpg",150,150,true],"medium":["https:\/\/dublagembrasileira.com.br\/wp-content\/uploads\/2019\/08\/turma_pesada-300x211.jpg",300,211,true],"large":["https:\/\/dublagembrasileira.com.br\/wp-content\/uploads\/2019\/08\/turma_pesada.jpg",640,451,false],"1536x1536":["https:\/\/dublagembrasileira.com.br\/wp-content\/uploads\/2019\/08\/turma_pesada.jpg",704,496,false],"2048x2048":["https:\/\/dublagembrasileira.com.br\/wp-content\/uploads\/2019\/08\/turma_pesada.jpg",704,496,false],"eggnews-slider-large":["https:\/\/dublagembrasileira.com.br\/wp-content\/uploads\/2019\/08\/turma_pesada.jpg",704,496,false],"eggnews-featured-medium":["https:\/\/dublagembrasileira.com.br\/wp-content\/uploads\/2019\/08\/turma_pesada-420x307.jpg",420,307,true],"eggnews-featured-long":["https:\/\/dublagembrasileira.com.br\/wp-content\/uploads\/2019\/08\/turma_pesada-300x443.jpg",300,443,true],"eggnews-block-medium":["https:\/\/dublagembrasileira.com.br\/wp-content\/uploads\/2019\/08\/turma_pesada-464x290.jpg",464,290,true],"eggnews-carousel-image":["https:\/\/dublagembrasileira.com.br\/wp-content\/uploads\/2019\/08\/turma_pesada-600x496.jpg",600,496,true],"eggnews-block-thumb":["https:\/\/dublagembrasileira.com.br\/wp-content\/uploads\/2019\/08\/turma_pesada-322x230.jpg",322,230,true],"eggnews-single-large":["https:\/\/dublagembrasileira.com.br\/wp-content\/uploads\/2019\/08\/turma_pesada.jpg",704,496,false],"crp_thumbnail":["https:\/\/dublagembrasileira.com.br\/wp-content\/uploads\/2019\/08\/turma_pesada-150x150.jpg",150,150,true]},"rttpg_author":{"display_name":"Iza\u00edas Correia","author_link":"https:\/\/dublagembrasileira.com.br\/?author=1"},"rttpg_comment":2,"rttpg_category":"<a href=\"https:\/\/dublagembrasileira.com.br\/?cat=15\" rel=\"category\">Mat\u00e9rias<\/a> <a href=\"https:\/\/dublagembrasileira.com.br\/?cat=263\" rel=\"category\">Sons da Mem\u00f3ria<\/a>","rttpg_excerpt":"Vozes jovens e veteranas da Herbert Richers num desenho que marcou gera\u00e7\u00f5es. Em Janeiro de 1987 a DIC Empresas e Coca-Cola Telecomunica\u00e7\u00f5es produziram a s\u00e9rie em desenho Turma da Pesada (Beverly Hills Teens) que estreou na emissora americana NBC no dia 19 de setembro de 1987. Produzido por Andy Heyward, o desenho contava aventuras baseadas&hellip;","_links":{"self":[{"href":"https:\/\/dublagembrasileira.com.br\/index.php?rest_route=\/wp\/v2\/posts\/1814","targetHints":{"allow":["GET"]}}],"collection":[{"href":"https:\/\/dublagembrasileira.com.br\/index.php?rest_route=\/wp\/v2\/posts"}],"about":[{"href":"https:\/\/dublagembrasileira.com.br\/index.php?rest_route=\/wp\/v2\/types\/post"}],"author":[{"embeddable":true,"href":"https:\/\/dublagembrasileira.com.br\/index.php?rest_route=\/wp\/v2\/users\/1"}],"replies":[{"embeddable":true,"href":"https:\/\/dublagembrasileira.com.br\/index.php?rest_route=%2Fwp%2Fv2%2Fcomments&post=1814"}],"version-history":[{"count":7,"href":"https:\/\/dublagembrasileira.com.br\/index.php?rest_route=\/wp\/v2\/posts\/1814\/revisions"}],"predecessor-version":[{"id":26757,"href":"https:\/\/dublagembrasileira.com.br\/index.php?rest_route=\/wp\/v2\/posts\/1814\/revisions\/26757"}],"wp:featuredmedia":[{"embeddable":true,"href":"https:\/\/dublagembrasileira.com.br\/index.php?rest_route=\/wp\/v2\/media\/1841"}],"wp:attachment":[{"href":"https:\/\/dublagembrasileira.com.br\/index.php?rest_route=%2Fwp%2Fv2%2Fmedia&parent=1814"}],"wp:term":[{"taxonomy":"category","embeddable":true,"href":"https:\/\/dublagembrasileira.com.br\/index.php?rest_route=%2Fwp%2Fv2%2Fcategories&post=1814"},{"taxonomy":"post_tag","embeddable":true,"href":"https:\/\/dublagembrasileira.com.br\/index.php?rest_route=%2Fwp%2Fv2%2Ftags&post=1814"}],"curies":[{"name":"wp","href":"https:\/\/api.w.org\/{rel}","templated":true}]}}