{"id":1805,"date":"2019-08-07T14:02:10","date_gmt":"2019-08-07T14:02:10","guid":{"rendered":"http:\/\/dublagembrasileira.com.br\/?p=1805"},"modified":"2019-08-16T13:06:12","modified_gmt":"2019-08-16T13:06:12","slug":"flavio-dias-manda-convite-para-atores-da-cia-radiophonica","status":"publish","type":"post","link":"https:\/\/dublagembrasileira.com.br\/?p=1805","title":{"rendered":"Fl\u00e1vio Dias manda convite para atores da Cia Radioph\u00f4nica."},"content":{"rendered":"<h4 style=\"text-align: justify;\"><em>Voz do Beakman no Brasil convida atores para a grava\u00e7\u00e3o de v\u00eddeo pelos 30 anos da Cia.<\/em><\/h4>\n<hr \/>\n<p style=\"text-align: justify;\">Atrav\u00e9s das redes sociais o dublador Fl\u00e1vio Dias divulgou um v\u00eddeo onde comenta sobre o trig\u00e9simo anivers\u00e1rio da <a href=\"https:\/\/www.facebook.com\/cia.radiophonica\"><strong>Cia Radioph\u00f4nica<\/strong><\/a> de Teatro de Mogi das Cruzes.<\/p>\n<p style=\"text-align: justify;\">Dias convida os atores e ex-atores que passaram por l\u00e1, a enviarem em v\u00eddeo de at\u00e9 20 segundos onde expressem sua experi\u00eancia de ter atuado pela Cia Radioph\u00f4nica tanto em pe\u00e7as, palestras como em amostragens.<\/p>\n<p style=\"text-align: justify;\">O material recolhido, atrav\u00e9s da <a href=\"https:\/\/www.facebook.com\/cia.radiophonica\/\">p\u00e1gina no Facebook<\/a>, ser\u00e1 apresentado em novembro na <strong>Mostra Cultural da Cia Radioph\u00f4nica<\/strong> que ocorrer\u00e1 no Centro Cultural de Mogi das Cruzes.<\/p>\n<p style=\"text-align: justify;\">Fl\u00e1vio Dias \u00e9 diretor de dublagem e teatro e conhecido por fazer a voz de personagens como Malvado e Valente (<a href=\"http:\/\/infantv.com.br\/infantv\/?p=4137\"><strong>Os Ursinhos Carinhosos<\/strong><\/a>), Chopper (<a href=\"http:\/\/infantv.com.br\/infantv\/?p=4803\"><strong>Os Seis Bi\u00f4nicos<\/strong><\/a>), Kyo-Koh (<strong>Vampire Princess Miyu<\/strong>), Ray Stantz (<a href=\"http:\/\/infantv.com.br\/infantv\/?p=1382\"><strong>Os Ca\u00e7a Fantasmas<\/strong><\/a>), Poseidon (<strong>Os Cavaleiros do Zod\u00edaco<\/strong>), Beakman (<a href=\"http:\/\/infantv.com.br\/infantv\/?p=13586\"><strong>O Mundo de Beakman<\/strong><\/a>), entre outros tantos consagrados.<\/p>\n","protected":false},"excerpt":{"rendered":"<p>Voz do Beakman no Brasil convida atores para a grava\u00e7\u00e3o de v\u00eddeo pelos 30 anos da Cia. Atrav\u00e9s das redes sociais o dublador Fl\u00e1vio Dias divulgou um v\u00eddeo onde comenta sobre o trig\u00e9simo anivers\u00e1rio da Cia Radioph\u00f4nica de Teatro de Mogi das Cruzes. Dias convida os atores e ex-atores que passaram por l\u00e1, a enviarem em v\u00eddeo de at\u00e9 20 segundos onde expressem sua experi\u00eancia de ter atuado pela Cia Radioph\u00f4nica tanto em pe\u00e7as, palestras como em amostragens. O material recolhido, atrav\u00e9s da p\u00e1gina no Facebook, ser\u00e1 apresentado em novembro na Mostra Cultural da Cia Radioph\u00f4nica que ocorrer\u00e1 no Centro Cultural de Mogi das Cruzes. Fl\u00e1vio Dias \u00e9 diretor de dublagem e teatro e conhecido por fazer a voz de personagens como Malvado e Valente (Os Ursinhos Carinhosos), Chopper (Os Seis Bi\u00f4nicos), Kyo-Koh (Vampire Princess Miyu), Ray Stantz (Os Ca\u00e7a Fantasmas), Poseidon (Os Cavaleiros do Zod\u00edaco), Beakman (O Mundo de Beakman), entre outros tantos consagrados.<\/p>\n","protected":false},"author":4,"featured_media":1486,"comment_status":"open","ping_status":"open","sticky":false,"template":"","format":"standard","meta":{"_monsterinsights_skip_tracking":false,"_monsterinsights_sitenote_active":false,"_monsterinsights_sitenote_note":"","_monsterinsights_sitenote_category":0,"footnotes":""},"categories":[21,13,9],"tags":[150,127,124,33,34,27,162,145],"class_list":["post-1805","post","type-post","status-publish","format-standard","has-post-thumbnail","hentry","category-acontece","category-noticias","category-outras-midias","tag-convite","tag-dubla","tag-dublado","tag-dublador","tag-dubladora","tag-dublagem","tag-facebook","tag-rede-social"],"yoast_head":"<!-- This site is optimized with the Yoast SEO plugin v26.1.1 - https:\/\/yoast.com\/wordpress\/plugins\/seo\/ -->\n<title>Fl\u00e1vio Dias manda convite para atores da Cia Radioph\u00f4nica. | DB - Dublagem Brasileira<\/title>\n<meta name=\"description\" content=\"Fl\u00e1vio Dias manda convite para atores da Cia Radioph\u00f4nica. Voz do Beakman no Brasil convida atores para a grava\u00e7\u00e3o de v\u00eddeo pelos 30 anos da Cia.\" \/>\n<meta name=\"robots\" content=\"index, follow, max-snippet:-1, max-image-preview:large, max-video-preview:-1\" \/>\n<link rel=\"canonical\" href=\"https:\/\/dublagembrasileira.com.br\/?p=1805\" \/>\n<meta property=\"og:locale\" content=\"pt_BR\" \/>\n<meta property=\"og:type\" content=\"article\" \/>\n<meta property=\"og:title\" content=\"Fl\u00e1vio Dias manda convite para atores da Cia Radioph\u00f4nica. | DB - Dublagem Brasileira\" \/>\n<meta property=\"og:description\" content=\"Fl\u00e1vio Dias manda convite para atores da Cia Radioph\u00f4nica. Voz do Beakman no Brasil convida atores para a grava\u00e7\u00e3o de v\u00eddeo pelos 30 anos da Cia.\" \/>\n<meta property=\"og:url\" content=\"https:\/\/dublagembrasileira.com.br\/?p=1805\" \/>\n<meta property=\"og:site_name\" content=\"DB - Dublagem Brasileira\" \/>\n<meta property=\"article:author\" content=\"https:\/\/www.facebook.com\/dublagembrasileira\" \/>\n<meta property=\"article:published_time\" content=\"2019-08-07T14:02:10+00:00\" \/>\n<meta property=\"article:modified_time\" content=\"2019-08-16T13:06:12+00:00\" \/>\n<meta property=\"og:image\" content=\"https:\/\/dublagembrasileira.com.br\/wp-content\/uploads\/2019\/07\/flaviodias12.jpg\" \/>\n\t<meta property=\"og:image:width\" content=\"704\" \/>\n\t<meta property=\"og:image:height\" content=\"496\" \/>\n\t<meta property=\"og:image:type\" content=\"image\/jpeg\" \/>\n<meta name=\"author\" content=\"Reda\u00e7\u00e3o\" \/>\n<meta name=\"twitter:card\" content=\"summary_large_image\" \/>\n<meta name=\"twitter:creator\" content=\"@dbdublagem\" \/>\n<meta name=\"twitter:label1\" content=\"Escrito por\" \/>\n\t<meta name=\"twitter:data1\" content=\"Reda\u00e7\u00e3o\" \/>\n\t<meta name=\"twitter:label2\" content=\"Est. tempo de leitura\" \/>\n\t<meta name=\"twitter:data2\" content=\"1 minuto\" \/>\n<script type=\"application\/ld+json\" class=\"yoast-schema-graph\">{\"@context\":\"https:\/\/schema.org\",\"@graph\":[{\"@type\":\"Article\",\"@id\":\"https:\/\/dublagembrasileira.com.br\/?p=1805#article\",\"isPartOf\":{\"@id\":\"https:\/\/dublagembrasileira.com.br\/?p=1805\"},\"author\":{\"name\":\"Reda\u00e7\u00e3o\",\"@id\":\"https:\/\/dublagembrasileira.com.br\/#\/schema\/person\/a75bac594c0e9a0b96508b7e124f20d1\"},\"headline\":\"Fl\u00e1vio Dias manda convite para atores da Cia Radioph\u00f4nica.\",\"datePublished\":\"2019-08-07T14:02:10+00:00\",\"dateModified\":\"2019-08-16T13:06:12+00:00\",\"mainEntityOfPage\":{\"@id\":\"https:\/\/dublagembrasileira.com.br\/?p=1805\"},\"wordCount\":182,\"commentCount\":0,\"publisher\":{\"@id\":\"https:\/\/dublagembrasileira.com.br\/#organization\"},\"image\":{\"@id\":\"https:\/\/dublagembrasileira.com.br\/?p=1805#primaryimage\"},\"thumbnailUrl\":\"https:\/\/dublagembrasileira.com.br\/wp-content\/uploads\/2019\/07\/flaviodias12.jpg\",\"keywords\":[\"convite\",\"dubla\",\"dublado\",\"dublador\",\"dubladora\",\"dublagem\",\"facebook\",\"rede social\"],\"articleSection\":[\"Acontece\",\"Not\u00edcias\",\"Outras m\u00eddias\"],\"inLanguage\":\"pt-BR\",\"potentialAction\":[{\"@type\":\"CommentAction\",\"name\":\"Comment\",\"target\":[\"https:\/\/dublagembrasileira.com.br\/?p=1805#respond\"]}]},{\"@type\":\"WebPage\",\"@id\":\"https:\/\/dublagembrasileira.com.br\/?p=1805\",\"url\":\"https:\/\/dublagembrasileira.com.br\/?p=1805\",\"name\":\"Fl\u00e1vio Dias manda convite para atores da Cia Radioph\u00f4nica. | DB - Dublagem Brasileira\",\"isPartOf\":{\"@id\":\"https:\/\/dublagembrasileira.com.br\/#website\"},\"primaryImageOfPage\":{\"@id\":\"https:\/\/dublagembrasileira.com.br\/?p=1805#primaryimage\"},\"image\":{\"@id\":\"https:\/\/dublagembrasileira.com.br\/?p=1805#primaryimage\"},\"thumbnailUrl\":\"https:\/\/dublagembrasileira.com.br\/wp-content\/uploads\/2019\/07\/flaviodias12.jpg\",\"datePublished\":\"2019-08-07T14:02:10+00:00\",\"dateModified\":\"2019-08-16T13:06:12+00:00\",\"description\":\"Fl\u00e1vio Dias manda convite para atores da Cia Radioph\u00f4nica. Voz do Beakman no Brasil convida atores para a grava\u00e7\u00e3o de v\u00eddeo pelos 30 anos da Cia.\",\"breadcrumb\":{\"@id\":\"https:\/\/dublagembrasileira.com.br\/?p=1805#breadcrumb\"},\"inLanguage\":\"pt-BR\",\"potentialAction\":[{\"@type\":\"ReadAction\",\"target\":[\"https:\/\/dublagembrasileira.com.br\/?p=1805\"]}]},{\"@type\":\"ImageObject\",\"inLanguage\":\"pt-BR\",\"@id\":\"https:\/\/dublagembrasileira.com.br\/?p=1805#primaryimage\",\"url\":\"https:\/\/dublagembrasileira.com.br\/wp-content\/uploads\/2019\/07\/flaviodias12.jpg\",\"contentUrl\":\"https:\/\/dublagembrasileira.com.br\/wp-content\/uploads\/2019\/07\/flaviodias12.jpg\",\"width\":704,\"height\":496,\"caption\":\"Fl\u00e1vio Dias, dire\u00e7\u00e3o e narra\u00e7\u00e3o da dublagem feita pela BKS.\"},{\"@type\":\"BreadcrumbList\",\"@id\":\"https:\/\/dublagembrasileira.com.br\/?p=1805#breadcrumb\",\"itemListElement\":[{\"@type\":\"ListItem\",\"position\":1,\"name\":\"In\u00edcio\",\"item\":\"https:\/\/dublagembrasileira.com.br\/\"},{\"@type\":\"ListItem\",\"position\":2,\"name\":\"Fl\u00e1vio Dias manda convite para atores da Cia Radioph\u00f4nica.\"}]},{\"@type\":\"WebSite\",\"@id\":\"https:\/\/dublagembrasileira.com.br\/#website\",\"url\":\"https:\/\/dublagembrasileira.com.br\/\",\"name\":\"DB - Dublagem Brasileira\",\"description\":\"O seu portal de dublagem.\",\"publisher\":{\"@id\":\"https:\/\/dublagembrasileira.com.br\/#organization\"},\"potentialAction\":[{\"@type\":\"SearchAction\",\"target\":{\"@type\":\"EntryPoint\",\"urlTemplate\":\"https:\/\/dublagembrasileira.com.br\/?s={search_term_string}\"},\"query-input\":{\"@type\":\"PropertyValueSpecification\",\"valueRequired\":true,\"valueName\":\"search_term_string\"}}],\"inLanguage\":\"pt-BR\"},{\"@type\":\"Organization\",\"@id\":\"https:\/\/dublagembrasileira.com.br\/#organization\",\"name\":\"DB - Dublagem Brasileira\",\"url\":\"https:\/\/dublagembrasileira.com.br\/\",\"logo\":{\"@type\":\"ImageObject\",\"inLanguage\":\"pt-BR\",\"@id\":\"https:\/\/dublagembrasileira.com.br\/#\/schema\/logo\/image\/\",\"url\":\"https:\/\/dublagembrasileira.com.br\/wp-content\/uploads\/2019\/07\/cropped-logotipodb.png\",\"contentUrl\":\"https:\/\/dublagembrasileira.com.br\/wp-content\/uploads\/2019\/07\/cropped-logotipodb.png\",\"width\":946,\"height\":589,\"caption\":\"DB - Dublagem Brasileira\"},\"image\":{\"@id\":\"https:\/\/dublagembrasileira.com.br\/#\/schema\/logo\/image\/\"}},{\"@type\":\"Person\",\"@id\":\"https:\/\/dublagembrasileira.com.br\/#\/schema\/person\/a75bac594c0e9a0b96508b7e124f20d1\",\"name\":\"Reda\u00e7\u00e3o\",\"image\":{\"@type\":\"ImageObject\",\"inLanguage\":\"pt-BR\",\"@id\":\"https:\/\/dublagembrasileira.com.br\/#\/schema\/person\/image\/\",\"url\":\"http:\/\/dublagembrasileira.com.br\/wp-content\/uploads\/2025\/06\/admin-96x96.jpg\",\"contentUrl\":\"http:\/\/dublagembrasileira.com.br\/wp-content\/uploads\/2025\/06\/admin-96x96.jpg\",\"caption\":\"Reda\u00e7\u00e3o\"},\"description\":\"Equipe do DB.\",\"sameAs\":[\"https:\/\/www.facebook.com\/dublagembrasileira\",\"https:\/\/www.instagram.com\/dbdublagembrasileira\",\"https:\/\/x.com\/dbdublagem\"],\"url\":\"https:\/\/dublagembrasileira.com.br\/?author=4\"}]}<\/script>\n<!-- \/ Yoast SEO plugin. -->","yoast_head_json":{"title":"Fl\u00e1vio Dias manda convite para atores da Cia Radioph\u00f4nica. | DB - Dublagem Brasileira","description":"Fl\u00e1vio Dias manda convite para atores da Cia Radioph\u00f4nica. Voz do Beakman no Brasil convida atores para a grava\u00e7\u00e3o de v\u00eddeo pelos 30 anos da Cia.","robots":{"index":"index","follow":"follow","max-snippet":"max-snippet:-1","max-image-preview":"max-image-preview:large","max-video-preview":"max-video-preview:-1"},"canonical":"https:\/\/dublagembrasileira.com.br\/?p=1805","og_locale":"pt_BR","og_type":"article","og_title":"Fl\u00e1vio Dias manda convite para atores da Cia Radioph\u00f4nica. | DB - Dublagem Brasileira","og_description":"Fl\u00e1vio Dias manda convite para atores da Cia Radioph\u00f4nica. Voz do Beakman no Brasil convida atores para a grava\u00e7\u00e3o de v\u00eddeo pelos 30 anos da Cia.","og_url":"https:\/\/dublagembrasileira.com.br\/?p=1805","og_site_name":"DB - Dublagem Brasileira","article_author":"https:\/\/www.facebook.com\/dublagembrasileira","article_published_time":"2019-08-07T14:02:10+00:00","article_modified_time":"2019-08-16T13:06:12+00:00","og_image":[{"width":704,"height":496,"url":"https:\/\/dublagembrasileira.com.br\/wp-content\/uploads\/2019\/07\/flaviodias12.jpg","type":"image\/jpeg"}],"author":"Reda\u00e7\u00e3o","twitter_card":"summary_large_image","twitter_creator":"@dbdublagem","twitter_misc":{"Escrito por":"Reda\u00e7\u00e3o","Est. tempo de leitura":"1 minuto"},"schema":{"@context":"https:\/\/schema.org","@graph":[{"@type":"Article","@id":"https:\/\/dublagembrasileira.com.br\/?p=1805#article","isPartOf":{"@id":"https:\/\/dublagembrasileira.com.br\/?p=1805"},"author":{"name":"Reda\u00e7\u00e3o","@id":"https:\/\/dublagembrasileira.com.br\/#\/schema\/person\/a75bac594c0e9a0b96508b7e124f20d1"},"headline":"Fl\u00e1vio Dias manda convite para atores da Cia Radioph\u00f4nica.","datePublished":"2019-08-07T14:02:10+00:00","dateModified":"2019-08-16T13:06:12+00:00","mainEntityOfPage":{"@id":"https:\/\/dublagembrasileira.com.br\/?p=1805"},"wordCount":182,"commentCount":0,"publisher":{"@id":"https:\/\/dublagembrasileira.com.br\/#organization"},"image":{"@id":"https:\/\/dublagembrasileira.com.br\/?p=1805#primaryimage"},"thumbnailUrl":"https:\/\/dublagembrasileira.com.br\/wp-content\/uploads\/2019\/07\/flaviodias12.jpg","keywords":["convite","dubla","dublado","dublador","dubladora","dublagem","facebook","rede social"],"articleSection":["Acontece","Not\u00edcias","Outras m\u00eddias"],"inLanguage":"pt-BR","potentialAction":[{"@type":"CommentAction","name":"Comment","target":["https:\/\/dublagembrasileira.com.br\/?p=1805#respond"]}]},{"@type":"WebPage","@id":"https:\/\/dublagembrasileira.com.br\/?p=1805","url":"https:\/\/dublagembrasileira.com.br\/?p=1805","name":"Fl\u00e1vio Dias manda convite para atores da Cia Radioph\u00f4nica. | DB - Dublagem Brasileira","isPartOf":{"@id":"https:\/\/dublagembrasileira.com.br\/#website"},"primaryImageOfPage":{"@id":"https:\/\/dublagembrasileira.com.br\/?p=1805#primaryimage"},"image":{"@id":"https:\/\/dublagembrasileira.com.br\/?p=1805#primaryimage"},"thumbnailUrl":"https:\/\/dublagembrasileira.com.br\/wp-content\/uploads\/2019\/07\/flaviodias12.jpg","datePublished":"2019-08-07T14:02:10+00:00","dateModified":"2019-08-16T13:06:12+00:00","description":"Fl\u00e1vio Dias manda convite para atores da Cia Radioph\u00f4nica. Voz do Beakman no Brasil convida atores para a grava\u00e7\u00e3o de v\u00eddeo pelos 30 anos da Cia.","breadcrumb":{"@id":"https:\/\/dublagembrasileira.com.br\/?p=1805#breadcrumb"},"inLanguage":"pt-BR","potentialAction":[{"@type":"ReadAction","target":["https:\/\/dublagembrasileira.com.br\/?p=1805"]}]},{"@type":"ImageObject","inLanguage":"pt-BR","@id":"https:\/\/dublagembrasileira.com.br\/?p=1805#primaryimage","url":"https:\/\/dublagembrasileira.com.br\/wp-content\/uploads\/2019\/07\/flaviodias12.jpg","contentUrl":"https:\/\/dublagembrasileira.com.br\/wp-content\/uploads\/2019\/07\/flaviodias12.jpg","width":704,"height":496,"caption":"Fl\u00e1vio Dias, dire\u00e7\u00e3o e narra\u00e7\u00e3o da dublagem feita pela BKS."},{"@type":"BreadcrumbList","@id":"https:\/\/dublagembrasileira.com.br\/?p=1805#breadcrumb","itemListElement":[{"@type":"ListItem","position":1,"name":"In\u00edcio","item":"https:\/\/dublagembrasileira.com.br\/"},{"@type":"ListItem","position":2,"name":"Fl\u00e1vio Dias manda convite para atores da Cia Radioph\u00f4nica."}]},{"@type":"WebSite","@id":"https:\/\/dublagembrasileira.com.br\/#website","url":"https:\/\/dublagembrasileira.com.br\/","name":"DB - Dublagem Brasileira","description":"O seu portal de dublagem.","publisher":{"@id":"https:\/\/dublagembrasileira.com.br\/#organization"},"potentialAction":[{"@type":"SearchAction","target":{"@type":"EntryPoint","urlTemplate":"https:\/\/dublagembrasileira.com.br\/?s={search_term_string}"},"query-input":{"@type":"PropertyValueSpecification","valueRequired":true,"valueName":"search_term_string"}}],"inLanguage":"pt-BR"},{"@type":"Organization","@id":"https:\/\/dublagembrasileira.com.br\/#organization","name":"DB - Dublagem Brasileira","url":"https:\/\/dublagembrasileira.com.br\/","logo":{"@type":"ImageObject","inLanguage":"pt-BR","@id":"https:\/\/dublagembrasileira.com.br\/#\/schema\/logo\/image\/","url":"https:\/\/dublagembrasileira.com.br\/wp-content\/uploads\/2019\/07\/cropped-logotipodb.png","contentUrl":"https:\/\/dublagembrasileira.com.br\/wp-content\/uploads\/2019\/07\/cropped-logotipodb.png","width":946,"height":589,"caption":"DB - Dublagem Brasileira"},"image":{"@id":"https:\/\/dublagembrasileira.com.br\/#\/schema\/logo\/image\/"}},{"@type":"Person","@id":"https:\/\/dublagembrasileira.com.br\/#\/schema\/person\/a75bac594c0e9a0b96508b7e124f20d1","name":"Reda\u00e7\u00e3o","image":{"@type":"ImageObject","inLanguage":"pt-BR","@id":"https:\/\/dublagembrasileira.com.br\/#\/schema\/person\/image\/","url":"http:\/\/dublagembrasileira.com.br\/wp-content\/uploads\/2025\/06\/admin-96x96.jpg","contentUrl":"http:\/\/dublagembrasileira.com.br\/wp-content\/uploads\/2025\/06\/admin-96x96.jpg","caption":"Reda\u00e7\u00e3o"},"description":"Equipe do DB.","sameAs":["https:\/\/www.facebook.com\/dublagembrasileira","https:\/\/www.instagram.com\/dbdublagembrasileira","https:\/\/x.com\/dbdublagem"],"url":"https:\/\/dublagembrasileira.com.br\/?author=4"}]}},"rttpg_featured_image_url":{"full":["https:\/\/dublagembrasileira.com.br\/wp-content\/uploads\/2019\/07\/flaviodias12.jpg",704,496,false],"landscape":["https:\/\/dublagembrasileira.com.br\/wp-content\/uploads\/2019\/07\/flaviodias12.jpg",704,496,false],"portraits":["https:\/\/dublagembrasileira.com.br\/wp-content\/uploads\/2019\/07\/flaviodias12.jpg",704,496,false],"thumbnail":["https:\/\/dublagembrasileira.com.br\/wp-content\/uploads\/2019\/07\/flaviodias12-150x150.jpg",150,150,true],"medium":["https:\/\/dublagembrasileira.com.br\/wp-content\/uploads\/2019\/07\/flaviodias12-300x211.jpg",300,211,true],"large":["https:\/\/dublagembrasileira.com.br\/wp-content\/uploads\/2019\/07\/flaviodias12.jpg",640,451,false],"1536x1536":["https:\/\/dublagembrasileira.com.br\/wp-content\/uploads\/2019\/07\/flaviodias12.jpg",704,496,false],"2048x2048":["https:\/\/dublagembrasileira.com.br\/wp-content\/uploads\/2019\/07\/flaviodias12.jpg",704,496,false],"eggnews-slider-large":["https:\/\/dublagembrasileira.com.br\/wp-content\/uploads\/2019\/07\/flaviodias12.jpg",704,496,false],"eggnews-featured-medium":["https:\/\/dublagembrasileira.com.br\/wp-content\/uploads\/2019\/07\/flaviodias12-420x307.jpg",420,307,true],"eggnews-featured-long":["https:\/\/dublagembrasileira.com.br\/wp-content\/uploads\/2019\/07\/flaviodias12-300x443.jpg",300,443,true],"eggnews-block-medium":["https:\/\/dublagembrasileira.com.br\/wp-content\/uploads\/2019\/07\/flaviodias12-464x290.jpg",464,290,true],"eggnews-carousel-image":["https:\/\/dublagembrasileira.com.br\/wp-content\/uploads\/2019\/07\/flaviodias12-600x496.jpg",600,496,true],"eggnews-block-thumb":["https:\/\/dublagembrasileira.com.br\/wp-content\/uploads\/2019\/07\/flaviodias12-322x230.jpg",322,230,true],"eggnews-single-large":["https:\/\/dublagembrasileira.com.br\/wp-content\/uploads\/2019\/07\/flaviodias12.jpg",704,496,false],"crp_thumbnail":["https:\/\/dublagembrasileira.com.br\/wp-content\/uploads\/2019\/07\/flaviodias12-150x150.jpg",150,150,true]},"rttpg_author":{"display_name":"Reda\u00e7\u00e3o","author_link":"https:\/\/dublagembrasileira.com.br\/?author=4"},"rttpg_comment":0,"rttpg_category":"<a href=\"https:\/\/dublagembrasileira.com.br\/?cat=21\" rel=\"category\">Acontece<\/a> <a href=\"https:\/\/dublagembrasileira.com.br\/?cat=13\" rel=\"category\">Not\u00edcias<\/a> <a href=\"https:\/\/dublagembrasileira.com.br\/?cat=9\" rel=\"category\">Outras m\u00eddias<\/a>","rttpg_excerpt":"Voz do Beakman no Brasil convida atores para a grava\u00e7\u00e3o de v\u00eddeo pelos 30 anos da Cia. Atrav\u00e9s das redes sociais o dublador Fl\u00e1vio Dias divulgou um v\u00eddeo onde comenta sobre o trig\u00e9simo anivers\u00e1rio da Cia Radioph\u00f4nica de Teatro de Mogi das Cruzes. Dias convida os atores e ex-atores que passaram por l\u00e1, a enviarem&hellip;","_links":{"self":[{"href":"https:\/\/dublagembrasileira.com.br\/index.php?rest_route=\/wp\/v2\/posts\/1805","targetHints":{"allow":["GET"]}}],"collection":[{"href":"https:\/\/dublagembrasileira.com.br\/index.php?rest_route=\/wp\/v2\/posts"}],"about":[{"href":"https:\/\/dublagembrasileira.com.br\/index.php?rest_route=\/wp\/v2\/types\/post"}],"author":[{"embeddable":true,"href":"https:\/\/dublagembrasileira.com.br\/index.php?rest_route=\/wp\/v2\/users\/4"}],"replies":[{"embeddable":true,"href":"https:\/\/dublagembrasileira.com.br\/index.php?rest_route=%2Fwp%2Fv2%2Fcomments&post=1805"}],"version-history":[{"count":3,"href":"https:\/\/dublagembrasileira.com.br\/index.php?rest_route=\/wp\/v2\/posts\/1805\/revisions"}],"predecessor-version":[{"id":1808,"href":"https:\/\/dublagembrasileira.com.br\/index.php?rest_route=\/wp\/v2\/posts\/1805\/revisions\/1808"}],"wp:featuredmedia":[{"embeddable":true,"href":"https:\/\/dublagembrasileira.com.br\/index.php?rest_route=\/wp\/v2\/media\/1486"}],"wp:attachment":[{"href":"https:\/\/dublagembrasileira.com.br\/index.php?rest_route=%2Fwp%2Fv2%2Fmedia&parent=1805"}],"wp:term":[{"taxonomy":"category","embeddable":true,"href":"https:\/\/dublagembrasileira.com.br\/index.php?rest_route=%2Fwp%2Fv2%2Fcategories&post=1805"},{"taxonomy":"post_tag","embeddable":true,"href":"https:\/\/dublagembrasileira.com.br\/index.php?rest_route=%2Fwp%2Fv2%2Ftags&post=1805"}],"curies":[{"name":"wp","href":"https:\/\/api.w.org\/{rel}","templated":true}]}}