{"id":1750,"date":"2019-08-04T14:04:40","date_gmt":"2019-08-04T14:04:40","guid":{"rendered":"http:\/\/dublagembrasileira.com.br\/?p=1750"},"modified":"2019-08-07T13:39:40","modified_gmt":"2019-08-07T13:39:40","slug":"claudio-galvan-promove-workshop-em-sao-paulo","status":"publish","type":"post","link":"https:\/\/dublagembrasileira.com.br\/?p=1750","title":{"rendered":"Cl\u00e1udio Galvan promove workshop em S\u00e3o Paulo."},"content":{"rendered":"<h4><em><strong>Cl\u00e1udio Galvan e M\u00e1rcio Sim\u00f5es ensinar\u00e3o t\u00e9cnicas de dublagem aos paulistanos em outubro.<\/strong><\/em><\/h4>\n<hr \/>\n<p style=\"text-align: justify;\">O dublador Cl\u00e1udio\u00a0Galvan estar\u00e1 promovendo em S\u00e3o Paulo um Workshop de Dublagem onde ensinar\u00e1 t\u00e9cnicas dessa arte para o p\u00fablico. Atrav\u00e9s da Galvan Est\u00fadios e Produ\u00e7\u00f5es o evento acontece nos dias 5 e 6 de outubro \u00e0s 8h.<\/p>\n<p style=\"text-align: justify;\">Galvan tem a voz conhecida por dublagens como\u00a0Fifi (<strong>O Bicho Vai Pegar 2<\/strong> e <strong>O Bicho Vai Pegar 3<\/strong>), Denahi (<strong>Irm\u00e3o Urso<\/strong>), Os Irm\u00e3os Willie (<strong>Nem Que a Vaca Tussa<\/strong>), Spike (<strong>Por \u00c1gua Abaixo<\/strong>), Aliens (<strong>Toy Story<\/strong>), al\u00e9m dos personagemns Megamente e Pato Donald.<\/p>\n<p style=\"text-align: justify;\">Estar\u00e1 presente tamb\u00e9m o talentos\u00edssimo dublador M\u00e1rcio Sim\u00f5es. M\u00e1rcio \u00e9 famoso por dublar os atores Samuel L. Jackson, Will Smith, Alec Baldwin, Richard Armitage, Kevin Spacey, Ralph Fiennes, Danny Glover, Bill Murray, Laurence Fishburne e Wesley Snipes.<\/p>\n<p style=\"text-align: justify;\">Ser\u00e3o duas turmas, uma no s\u00e1bado e outra no domingo, e ter\u00e1 metade do evento dividido para cada um dos dubladores. O workshop pr\u00e1tico est\u00e1 aberto para crian\u00e7as que j\u00e1 saibam ler, adolescentes e adultos. Poder\u00e3o participar tanto atores como n\u00e3o atores.<\/p>\n<p style=\"text-align: justify;\">O workshop ocorrer\u00e1 no Espa\u00e7o Vitfer na Rua Apeninos, 807 &#8211; Vila Mariana, S\u00e3o Paulo (SP). Para mais informa\u00e7\u00f5es ou garantir sua vaga basta ligar para (21) 35981257 ou (21) 969035805.<\/p>\n","protected":false},"excerpt":{"rendered":"<p>Cl\u00e1udio Galvan e M\u00e1rcio Sim\u00f5es ensinar\u00e3o t\u00e9cnicas de dublagem aos paulistanos em outubro. O dublador Cl\u00e1udio\u00a0Galvan estar\u00e1 promovendo em S\u00e3o Paulo um Workshop de Dublagem onde ensinar\u00e1 t\u00e9cnicas dessa arte para o p\u00fablico. Atrav\u00e9s da Galvan Est\u00fadios e Produ\u00e7\u00f5es o evento acontece nos dias 5 e 6 de outubro \u00e0s 8h. Galvan tem a voz conhecida por dublagens como\u00a0Fifi (O Bicho Vai Pegar 2 e O Bicho Vai Pegar 3), Denahi (Irm\u00e3o Urso), Os Irm\u00e3os Willie (Nem Que a Vaca Tussa), Spike (Por \u00c1gua Abaixo), Aliens (Toy Story), al\u00e9m dos personagemns Megamente e Pato Donald. Estar\u00e1 presente tamb\u00e9m o talentos\u00edssimo dublador M\u00e1rcio Sim\u00f5es. M\u00e1rcio \u00e9 famoso por dublar os atores Samuel L. Jackson, Will Smith, Alec Baldwin, Richard Armitage, Kevin Spacey, Ralph Fiennes, Danny Glover, Bill Murray, Laurence Fishburne e Wesley Snipes. Ser\u00e3o duas turmas, uma no s\u00e1bado e outra no domingo, e ter\u00e1 metade do evento dividido para cada um dos dubladores. O workshop pr\u00e1tico est\u00e1 aberto para crian\u00e7as que j\u00e1 saibam ler, adolescentes e adultos. Poder\u00e3o participar tanto atores como n\u00e3o atores. O workshop ocorrer\u00e1 no Espa\u00e7o Vitfer na Rua Apeninos, 807 &#8211; Vila Mariana, S\u00e3o Paulo (SP). Para mais informa\u00e7\u00f5es ou garantir sua vaga basta ligar para (21) 35981257 ou (21) 969035805.<\/p>\n","protected":false},"author":4,"featured_media":1751,"comment_status":"open","ping_status":"open","sticky":false,"template":"","format":"standard","meta":{"_monsterinsights_skip_tracking":false,"_monsterinsights_sitenote_active":false,"_monsterinsights_sitenote_note":"","_monsterinsights_sitenote_category":0,"footnotes":""},"categories":[21,13],"tags":[126,146,127,124,33,34,27,149],"class_list":["post-1750","post","type-post","status-publish","format-standard","has-post-thumbnail","hentry","category-acontece","category-noticias","tag-acontece","tag-curso","tag-dubla","tag-dublado","tag-dublador","tag-dubladora","tag-dublagem","tag-workshop"],"yoast_head":"<!-- This site is optimized with the Yoast SEO plugin v26.1.1 - https:\/\/yoast.com\/wordpress\/plugins\/seo\/ -->\n<title>Cl\u00e1udio Galvan promove workshop em S\u00e3o Paulo. | DB - Dublagem Brasileira<\/title>\n<meta name=\"description\" content=\"Cl\u00e1udio Galvan promove workshop em S\u00e3o Paulo. Cl\u00e1udio Galvan e M\u00e1rcio Sim\u00f5es ensinar\u00e3o t\u00e9cnicas de dublagem aos paulistanos em outubro.\" \/>\n<meta name=\"robots\" content=\"index, follow, max-snippet:-1, max-image-preview:large, max-video-preview:-1\" \/>\n<link rel=\"canonical\" href=\"https:\/\/dublagembrasileira.com.br\/?p=1750\" \/>\n<meta property=\"og:locale\" content=\"pt_BR\" \/>\n<meta property=\"og:type\" content=\"article\" \/>\n<meta property=\"og:title\" content=\"Cl\u00e1udio Galvan promove workshop em S\u00e3o Paulo. | DB - Dublagem Brasileira\" \/>\n<meta property=\"og:description\" content=\"Cl\u00e1udio Galvan promove workshop em S\u00e3o Paulo. Cl\u00e1udio Galvan e M\u00e1rcio Sim\u00f5es ensinar\u00e3o t\u00e9cnicas de dublagem aos paulistanos em outubro.\" \/>\n<meta property=\"og:url\" content=\"https:\/\/dublagembrasileira.com.br\/?p=1750\" \/>\n<meta property=\"og:site_name\" content=\"DB - Dublagem Brasileira\" \/>\n<meta property=\"article:author\" content=\"https:\/\/www.facebook.com\/dublagembrasileira\" \/>\n<meta property=\"article:published_time\" content=\"2019-08-04T14:04:40+00:00\" \/>\n<meta property=\"article:modified_time\" content=\"2019-08-07T13:39:40+00:00\" \/>\n<meta property=\"og:image\" content=\"https:\/\/dublagembrasileira.com.br\/wp-content\/uploads\/2019\/08\/galvan.jpg\" \/>\n\t<meta property=\"og:image:width\" content=\"704\" \/>\n\t<meta property=\"og:image:height\" content=\"496\" \/>\n\t<meta property=\"og:image:type\" content=\"image\/jpeg\" \/>\n<meta name=\"author\" content=\"Reda\u00e7\u00e3o\" \/>\n<meta name=\"twitter:card\" content=\"summary_large_image\" \/>\n<meta name=\"twitter:creator\" content=\"@dbdublagem\" \/>\n<meta name=\"twitter:label1\" content=\"Escrito por\" \/>\n\t<meta name=\"twitter:data1\" content=\"Reda\u00e7\u00e3o\" \/>\n\t<meta name=\"twitter:label2\" content=\"Est. tempo de leitura\" \/>\n\t<meta name=\"twitter:data2\" content=\"1 minuto\" \/>\n<script type=\"application\/ld+json\" class=\"yoast-schema-graph\">{\"@context\":\"https:\/\/schema.org\",\"@graph\":[{\"@type\":\"Article\",\"@id\":\"https:\/\/dublagembrasileira.com.br\/?p=1750#article\",\"isPartOf\":{\"@id\":\"https:\/\/dublagembrasileira.com.br\/?p=1750\"},\"author\":{\"name\":\"Reda\u00e7\u00e3o\",\"@id\":\"https:\/\/dublagembrasileira.com.br\/#\/schema\/person\/a75bac594c0e9a0b96508b7e124f20d1\"},\"headline\":\"Cl\u00e1udio Galvan promove workshop em S\u00e3o Paulo.\",\"datePublished\":\"2019-08-04T14:04:40+00:00\",\"dateModified\":\"2019-08-07T13:39:40+00:00\",\"mainEntityOfPage\":{\"@id\":\"https:\/\/dublagembrasileira.com.br\/?p=1750\"},\"wordCount\":235,\"commentCount\":0,\"publisher\":{\"@id\":\"https:\/\/dublagembrasileira.com.br\/#organization\"},\"image\":{\"@id\":\"https:\/\/dublagembrasileira.com.br\/?p=1750#primaryimage\"},\"thumbnailUrl\":\"https:\/\/dublagembrasileira.com.br\/wp-content\/uploads\/2019\/08\/galvan.jpg\",\"keywords\":[\"acontece\",\"curso\",\"dubla\",\"dublado\",\"dublador\",\"dubladora\",\"dublagem\",\"workshop\"],\"articleSection\":[\"Acontece\",\"Not\u00edcias\"],\"inLanguage\":\"pt-BR\",\"potentialAction\":[{\"@type\":\"CommentAction\",\"name\":\"Comment\",\"target\":[\"https:\/\/dublagembrasileira.com.br\/?p=1750#respond\"]}]},{\"@type\":\"WebPage\",\"@id\":\"https:\/\/dublagembrasileira.com.br\/?p=1750\",\"url\":\"https:\/\/dublagembrasileira.com.br\/?p=1750\",\"name\":\"Cl\u00e1udio Galvan promove workshop em S\u00e3o Paulo. | DB - Dublagem Brasileira\",\"isPartOf\":{\"@id\":\"https:\/\/dublagembrasileira.com.br\/#website\"},\"primaryImageOfPage\":{\"@id\":\"https:\/\/dublagembrasileira.com.br\/?p=1750#primaryimage\"},\"image\":{\"@id\":\"https:\/\/dublagembrasileira.com.br\/?p=1750#primaryimage\"},\"thumbnailUrl\":\"https:\/\/dublagembrasileira.com.br\/wp-content\/uploads\/2019\/08\/galvan.jpg\",\"datePublished\":\"2019-08-04T14:04:40+00:00\",\"dateModified\":\"2019-08-07T13:39:40+00:00\",\"description\":\"Cl\u00e1udio Galvan promove workshop em S\u00e3o Paulo. Cl\u00e1udio Galvan e M\u00e1rcio Sim\u00f5es ensinar\u00e3o t\u00e9cnicas de dublagem aos paulistanos em outubro.\",\"breadcrumb\":{\"@id\":\"https:\/\/dublagembrasileira.com.br\/?p=1750#breadcrumb\"},\"inLanguage\":\"pt-BR\",\"potentialAction\":[{\"@type\":\"ReadAction\",\"target\":[\"https:\/\/dublagembrasileira.com.br\/?p=1750\"]}]},{\"@type\":\"ImageObject\",\"inLanguage\":\"pt-BR\",\"@id\":\"https:\/\/dublagembrasileira.com.br\/?p=1750#primaryimage\",\"url\":\"https:\/\/dublagembrasileira.com.br\/wp-content\/uploads\/2019\/08\/galvan.jpg\",\"contentUrl\":\"https:\/\/dublagembrasileira.com.br\/wp-content\/uploads\/2019\/08\/galvan.jpg\",\"width\":704,\"height\":496},{\"@type\":\"BreadcrumbList\",\"@id\":\"https:\/\/dublagembrasileira.com.br\/?p=1750#breadcrumb\",\"itemListElement\":[{\"@type\":\"ListItem\",\"position\":1,\"name\":\"In\u00edcio\",\"item\":\"https:\/\/dublagembrasileira.com.br\/\"},{\"@type\":\"ListItem\",\"position\":2,\"name\":\"Cl\u00e1udio Galvan promove workshop em S\u00e3o Paulo.\"}]},{\"@type\":\"WebSite\",\"@id\":\"https:\/\/dublagembrasileira.com.br\/#website\",\"url\":\"https:\/\/dublagembrasileira.com.br\/\",\"name\":\"DB - Dublagem Brasileira\",\"description\":\"O seu portal de dublagem.\",\"publisher\":{\"@id\":\"https:\/\/dublagembrasileira.com.br\/#organization\"},\"potentialAction\":[{\"@type\":\"SearchAction\",\"target\":{\"@type\":\"EntryPoint\",\"urlTemplate\":\"https:\/\/dublagembrasileira.com.br\/?s={search_term_string}\"},\"query-input\":{\"@type\":\"PropertyValueSpecification\",\"valueRequired\":true,\"valueName\":\"search_term_string\"}}],\"inLanguage\":\"pt-BR\"},{\"@type\":\"Organization\",\"@id\":\"https:\/\/dublagembrasileira.com.br\/#organization\",\"name\":\"DB - Dublagem Brasileira\",\"url\":\"https:\/\/dublagembrasileira.com.br\/\",\"logo\":{\"@type\":\"ImageObject\",\"inLanguage\":\"pt-BR\",\"@id\":\"https:\/\/dublagembrasileira.com.br\/#\/schema\/logo\/image\/\",\"url\":\"https:\/\/dublagembrasileira.com.br\/wp-content\/uploads\/2019\/07\/cropped-logotipodb.png\",\"contentUrl\":\"https:\/\/dublagembrasileira.com.br\/wp-content\/uploads\/2019\/07\/cropped-logotipodb.png\",\"width\":946,\"height\":589,\"caption\":\"DB - Dublagem Brasileira\"},\"image\":{\"@id\":\"https:\/\/dublagembrasileira.com.br\/#\/schema\/logo\/image\/\"}},{\"@type\":\"Person\",\"@id\":\"https:\/\/dublagembrasileira.com.br\/#\/schema\/person\/a75bac594c0e9a0b96508b7e124f20d1\",\"name\":\"Reda\u00e7\u00e3o\",\"image\":{\"@type\":\"ImageObject\",\"inLanguage\":\"pt-BR\",\"@id\":\"https:\/\/dublagembrasileira.com.br\/#\/schema\/person\/image\/\",\"url\":\"http:\/\/dublagembrasileira.com.br\/wp-content\/uploads\/2025\/06\/admin-96x96.jpg\",\"contentUrl\":\"http:\/\/dublagembrasileira.com.br\/wp-content\/uploads\/2025\/06\/admin-96x96.jpg\",\"caption\":\"Reda\u00e7\u00e3o\"},\"description\":\"Equipe do DB.\",\"sameAs\":[\"https:\/\/www.facebook.com\/dublagembrasileira\",\"https:\/\/www.instagram.com\/dbdublagembrasileira\",\"https:\/\/x.com\/dbdublagem\"],\"url\":\"https:\/\/dublagembrasileira.com.br\/?author=4\"}]}<\/script>\n<!-- \/ Yoast SEO plugin. -->","yoast_head_json":{"title":"Cl\u00e1udio Galvan promove workshop em S\u00e3o Paulo. | DB - Dublagem Brasileira","description":"Cl\u00e1udio Galvan promove workshop em S\u00e3o Paulo. Cl\u00e1udio Galvan e M\u00e1rcio Sim\u00f5es ensinar\u00e3o t\u00e9cnicas de dublagem aos paulistanos em outubro.","robots":{"index":"index","follow":"follow","max-snippet":"max-snippet:-1","max-image-preview":"max-image-preview:large","max-video-preview":"max-video-preview:-1"},"canonical":"https:\/\/dublagembrasileira.com.br\/?p=1750","og_locale":"pt_BR","og_type":"article","og_title":"Cl\u00e1udio Galvan promove workshop em S\u00e3o Paulo. | DB - Dublagem Brasileira","og_description":"Cl\u00e1udio Galvan promove workshop em S\u00e3o Paulo. Cl\u00e1udio Galvan e M\u00e1rcio Sim\u00f5es ensinar\u00e3o t\u00e9cnicas de dublagem aos paulistanos em outubro.","og_url":"https:\/\/dublagembrasileira.com.br\/?p=1750","og_site_name":"DB - Dublagem Brasileira","article_author":"https:\/\/www.facebook.com\/dublagembrasileira","article_published_time":"2019-08-04T14:04:40+00:00","article_modified_time":"2019-08-07T13:39:40+00:00","og_image":[{"width":704,"height":496,"url":"https:\/\/dublagembrasileira.com.br\/wp-content\/uploads\/2019\/08\/galvan.jpg","type":"image\/jpeg"}],"author":"Reda\u00e7\u00e3o","twitter_card":"summary_large_image","twitter_creator":"@dbdublagem","twitter_misc":{"Escrito por":"Reda\u00e7\u00e3o","Est. tempo de leitura":"1 minuto"},"schema":{"@context":"https:\/\/schema.org","@graph":[{"@type":"Article","@id":"https:\/\/dublagembrasileira.com.br\/?p=1750#article","isPartOf":{"@id":"https:\/\/dublagembrasileira.com.br\/?p=1750"},"author":{"name":"Reda\u00e7\u00e3o","@id":"https:\/\/dublagembrasileira.com.br\/#\/schema\/person\/a75bac594c0e9a0b96508b7e124f20d1"},"headline":"Cl\u00e1udio Galvan promove workshop em S\u00e3o Paulo.","datePublished":"2019-08-04T14:04:40+00:00","dateModified":"2019-08-07T13:39:40+00:00","mainEntityOfPage":{"@id":"https:\/\/dublagembrasileira.com.br\/?p=1750"},"wordCount":235,"commentCount":0,"publisher":{"@id":"https:\/\/dublagembrasileira.com.br\/#organization"},"image":{"@id":"https:\/\/dublagembrasileira.com.br\/?p=1750#primaryimage"},"thumbnailUrl":"https:\/\/dublagembrasileira.com.br\/wp-content\/uploads\/2019\/08\/galvan.jpg","keywords":["acontece","curso","dubla","dublado","dublador","dubladora","dublagem","workshop"],"articleSection":["Acontece","Not\u00edcias"],"inLanguage":"pt-BR","potentialAction":[{"@type":"CommentAction","name":"Comment","target":["https:\/\/dublagembrasileira.com.br\/?p=1750#respond"]}]},{"@type":"WebPage","@id":"https:\/\/dublagembrasileira.com.br\/?p=1750","url":"https:\/\/dublagembrasileira.com.br\/?p=1750","name":"Cl\u00e1udio Galvan promove workshop em S\u00e3o Paulo. | DB - Dublagem Brasileira","isPartOf":{"@id":"https:\/\/dublagembrasileira.com.br\/#website"},"primaryImageOfPage":{"@id":"https:\/\/dublagembrasileira.com.br\/?p=1750#primaryimage"},"image":{"@id":"https:\/\/dublagembrasileira.com.br\/?p=1750#primaryimage"},"thumbnailUrl":"https:\/\/dublagembrasileira.com.br\/wp-content\/uploads\/2019\/08\/galvan.jpg","datePublished":"2019-08-04T14:04:40+00:00","dateModified":"2019-08-07T13:39:40+00:00","description":"Cl\u00e1udio Galvan promove workshop em S\u00e3o Paulo. Cl\u00e1udio Galvan e M\u00e1rcio Sim\u00f5es ensinar\u00e3o t\u00e9cnicas de dublagem aos paulistanos em outubro.","breadcrumb":{"@id":"https:\/\/dublagembrasileira.com.br\/?p=1750#breadcrumb"},"inLanguage":"pt-BR","potentialAction":[{"@type":"ReadAction","target":["https:\/\/dublagembrasileira.com.br\/?p=1750"]}]},{"@type":"ImageObject","inLanguage":"pt-BR","@id":"https:\/\/dublagembrasileira.com.br\/?p=1750#primaryimage","url":"https:\/\/dublagembrasileira.com.br\/wp-content\/uploads\/2019\/08\/galvan.jpg","contentUrl":"https:\/\/dublagembrasileira.com.br\/wp-content\/uploads\/2019\/08\/galvan.jpg","width":704,"height":496},{"@type":"BreadcrumbList","@id":"https:\/\/dublagembrasileira.com.br\/?p=1750#breadcrumb","itemListElement":[{"@type":"ListItem","position":1,"name":"In\u00edcio","item":"https:\/\/dublagembrasileira.com.br\/"},{"@type":"ListItem","position":2,"name":"Cl\u00e1udio Galvan promove workshop em S\u00e3o Paulo."}]},{"@type":"WebSite","@id":"https:\/\/dublagembrasileira.com.br\/#website","url":"https:\/\/dublagembrasileira.com.br\/","name":"DB - Dublagem Brasileira","description":"O seu portal de dublagem.","publisher":{"@id":"https:\/\/dublagembrasileira.com.br\/#organization"},"potentialAction":[{"@type":"SearchAction","target":{"@type":"EntryPoint","urlTemplate":"https:\/\/dublagembrasileira.com.br\/?s={search_term_string}"},"query-input":{"@type":"PropertyValueSpecification","valueRequired":true,"valueName":"search_term_string"}}],"inLanguage":"pt-BR"},{"@type":"Organization","@id":"https:\/\/dublagembrasileira.com.br\/#organization","name":"DB - Dublagem Brasileira","url":"https:\/\/dublagembrasileira.com.br\/","logo":{"@type":"ImageObject","inLanguage":"pt-BR","@id":"https:\/\/dublagembrasileira.com.br\/#\/schema\/logo\/image\/","url":"https:\/\/dublagembrasileira.com.br\/wp-content\/uploads\/2019\/07\/cropped-logotipodb.png","contentUrl":"https:\/\/dublagembrasileira.com.br\/wp-content\/uploads\/2019\/07\/cropped-logotipodb.png","width":946,"height":589,"caption":"DB - Dublagem Brasileira"},"image":{"@id":"https:\/\/dublagembrasileira.com.br\/#\/schema\/logo\/image\/"}},{"@type":"Person","@id":"https:\/\/dublagembrasileira.com.br\/#\/schema\/person\/a75bac594c0e9a0b96508b7e124f20d1","name":"Reda\u00e7\u00e3o","image":{"@type":"ImageObject","inLanguage":"pt-BR","@id":"https:\/\/dublagembrasileira.com.br\/#\/schema\/person\/image\/","url":"http:\/\/dublagembrasileira.com.br\/wp-content\/uploads\/2025\/06\/admin-96x96.jpg","contentUrl":"http:\/\/dublagembrasileira.com.br\/wp-content\/uploads\/2025\/06\/admin-96x96.jpg","caption":"Reda\u00e7\u00e3o"},"description":"Equipe do DB.","sameAs":["https:\/\/www.facebook.com\/dublagembrasileira","https:\/\/www.instagram.com\/dbdublagembrasileira","https:\/\/x.com\/dbdublagem"],"url":"https:\/\/dublagembrasileira.com.br\/?author=4"}]}},"rttpg_featured_image_url":{"full":["https:\/\/dublagembrasileira.com.br\/wp-content\/uploads\/2019\/08\/galvan.jpg",704,496,false],"landscape":["https:\/\/dublagembrasileira.com.br\/wp-content\/uploads\/2019\/08\/galvan.jpg",704,496,false],"portraits":["https:\/\/dublagembrasileira.com.br\/wp-content\/uploads\/2019\/08\/galvan.jpg",704,496,false],"thumbnail":["https:\/\/dublagembrasileira.com.br\/wp-content\/uploads\/2019\/08\/galvan-150x150.jpg",150,150,true],"medium":["https:\/\/dublagembrasileira.com.br\/wp-content\/uploads\/2019\/08\/galvan-300x211.jpg",300,211,true],"large":["https:\/\/dublagembrasileira.com.br\/wp-content\/uploads\/2019\/08\/galvan.jpg",640,451,false],"1536x1536":["https:\/\/dublagembrasileira.com.br\/wp-content\/uploads\/2019\/08\/galvan.jpg",704,496,false],"2048x2048":["https:\/\/dublagembrasileira.com.br\/wp-content\/uploads\/2019\/08\/galvan.jpg",704,496,false],"eggnews-slider-large":["https:\/\/dublagembrasileira.com.br\/wp-content\/uploads\/2019\/08\/galvan.jpg",704,496,false],"eggnews-featured-medium":["https:\/\/dublagembrasileira.com.br\/wp-content\/uploads\/2019\/08\/galvan-420x307.jpg",420,307,true],"eggnews-featured-long":["https:\/\/dublagembrasileira.com.br\/wp-content\/uploads\/2019\/08\/galvan-300x443.jpg",300,443,true],"eggnews-block-medium":["https:\/\/dublagembrasileira.com.br\/wp-content\/uploads\/2019\/08\/galvan-464x290.jpg",464,290,true],"eggnews-carousel-image":["https:\/\/dublagembrasileira.com.br\/wp-content\/uploads\/2019\/08\/galvan-600x496.jpg",600,496,true],"eggnews-block-thumb":["https:\/\/dublagembrasileira.com.br\/wp-content\/uploads\/2019\/08\/galvan-322x230.jpg",322,230,true],"eggnews-single-large":["https:\/\/dublagembrasileira.com.br\/wp-content\/uploads\/2019\/08\/galvan.jpg",704,496,false],"crp_thumbnail":["https:\/\/dublagembrasileira.com.br\/wp-content\/uploads\/2019\/08\/galvan-150x150.jpg",150,150,true]},"rttpg_author":{"display_name":"Reda\u00e7\u00e3o","author_link":"https:\/\/dublagembrasileira.com.br\/?author=4"},"rttpg_comment":0,"rttpg_category":"<a href=\"https:\/\/dublagembrasileira.com.br\/?cat=21\" rel=\"category\">Acontece<\/a> <a href=\"https:\/\/dublagembrasileira.com.br\/?cat=13\" rel=\"category\">Not\u00edcias<\/a>","rttpg_excerpt":"Cl\u00e1udio Galvan e M\u00e1rcio Sim\u00f5es ensinar\u00e3o t\u00e9cnicas de dublagem aos paulistanos em outubro. O dublador Cl\u00e1udio\u00a0Galvan estar\u00e1 promovendo em S\u00e3o Paulo um Workshop de Dublagem onde ensinar\u00e1 t\u00e9cnicas dessa arte para o p\u00fablico. Atrav\u00e9s da Galvan Est\u00fadios e Produ\u00e7\u00f5es o evento acontece nos dias 5 e 6 de outubro \u00e0s 8h. Galvan tem a voz&hellip;","_links":{"self":[{"href":"https:\/\/dublagembrasileira.com.br\/index.php?rest_route=\/wp\/v2\/posts\/1750","targetHints":{"allow":["GET"]}}],"collection":[{"href":"https:\/\/dublagembrasileira.com.br\/index.php?rest_route=\/wp\/v2\/posts"}],"about":[{"href":"https:\/\/dublagembrasileira.com.br\/index.php?rest_route=\/wp\/v2\/types\/post"}],"author":[{"embeddable":true,"href":"https:\/\/dublagembrasileira.com.br\/index.php?rest_route=\/wp\/v2\/users\/4"}],"replies":[{"embeddable":true,"href":"https:\/\/dublagembrasileira.com.br\/index.php?rest_route=%2Fwp%2Fv2%2Fcomments&post=1750"}],"version-history":[{"count":1,"href":"https:\/\/dublagembrasileira.com.br\/index.php?rest_route=\/wp\/v2\/posts\/1750\/revisions"}],"predecessor-version":[{"id":1752,"href":"https:\/\/dublagembrasileira.com.br\/index.php?rest_route=\/wp\/v2\/posts\/1750\/revisions\/1752"}],"wp:featuredmedia":[{"embeddable":true,"href":"https:\/\/dublagembrasileira.com.br\/index.php?rest_route=\/wp\/v2\/media\/1751"}],"wp:attachment":[{"href":"https:\/\/dublagembrasileira.com.br\/index.php?rest_route=%2Fwp%2Fv2%2Fmedia&parent=1750"}],"wp:term":[{"taxonomy":"category","embeddable":true,"href":"https:\/\/dublagembrasileira.com.br\/index.php?rest_route=%2Fwp%2Fv2%2Fcategories&post=1750"},{"taxonomy":"post_tag","embeddable":true,"href":"https:\/\/dublagembrasileira.com.br\/index.php?rest_route=%2Fwp%2Fv2%2Ftags&post=1750"}],"curies":[{"name":"wp","href":"https:\/\/api.w.org\/{rel}","templated":true}]}}