{"id":1706,"date":"2019-08-02T22:47:52","date_gmt":"2019-08-02T22:47:52","guid":{"rendered":"http:\/\/dublagembrasileira.com.br\/?p=1706"},"modified":"2019-08-07T13:39:00","modified_gmt":"2019-08-07T13:39:00","slug":"novo-encontro-com-dubladores-e-marcado-em-sao-paulo","status":"publish","type":"post","link":"https:\/\/dublagembrasileira.com.br\/?p=1706","title":{"rendered":"Novo encontro com dubladores \u00e9 marcado em S\u00e3o Paulo."},"content":{"rendered":"<h4><em>Ap\u00f3s o cancelamento da sess\u00e3o de My Hero Academia: 2 Her\u00f3is com dubladores, novo encontro \u00e9 marcado.<\/em><\/h4>\n<hr \/>\n<p style=\"text-align: justify;\">Na noite de ontem em sua <a href=\"https:\/\/www.instagram.com\/guilhermebriggs\">rede social<\/a> o dublador Guilherme Briggs anunciou o cancelamento do sorteio de convites para a <a href=\"http:\/\/dublagembrasileira.com.br\/?p=1482\">sess\u00e3o de estreia<\/a> de <strong>My Hero Academia: 2 Her\u00f3is<\/strong>. O motivo n\u00e3o foi informado.<\/p>\n<p style=\"text-align: justify;\">Devido ao cancelamento da sess\u00e3o os dubladores que estariam presentes se organizaram para atender ao p\u00fablico no dia 4 de agosto para bater papo, tirar fotos e receber aut\u00f3grafos.<\/p>\n<p style=\"text-align: justify;\">O local escolhido foi o bar tem\u00e1tico <strong>Gibi Cultura Geek<\/strong> e o evento ocorrer\u00e1\u00a0 \u00e0s das 13h \u00e0s 15h30. O bar fica na Rua Major Maragliano, 364 \u2013 Vila Mariana, em S\u00e3o Paulo.<\/p>\n<p style=\"text-align: justify;\">Os dubladores\u00a0 pedem apenas para que os presentes levem a doa\u00e7\u00e3o de dois quilos de alimentos n\u00e3o perec\u00edveis para que possam doar para institui\u00e7\u00f5es de caridade.<\/p>\n<p style=\"text-align: center;\"><iframe style=\"border: 0;\" data-src=\"https:\/\/www.google.com\/maps\/embed?pb=!1m18!1m12!1m3!1d228.5267492453767!2d-46.63939652896581!3d-23.588978991997383!2m3!1f0!2f0!3f0!3m2!1i1024!2i768!4f13.1!3m3!1m2!1s0x94ce5a2834d72261%3A0xb2d8ab3931fb2668!2sGIBI+Cultura+Geek!5e0!3m2!1spt-BR!2sbr!4v1564786026609!5m2!1spt-BR!2sbr\" width=\"600\" height=\"450\" frameborder=\"0\" allowfullscreen=\"allowfullscreen\" src=\"data:image\/svg+xml;base64,PHN2ZyB3aWR0aD0iMSIgaGVpZ2h0PSIxIiB4bWxucz0iaHR0cDovL3d3dy53My5vcmcvMjAwMC9zdmciPjwvc3ZnPg==\" class=\"lazyload\" data-load-mode=\"1\"><\/iframe><\/p>\n<blockquote class=\"instagram-media\" style=\"background: #FFF; border: 0; border-radius: 3px; box-shadow: 0 0 1px 0 rgba(0,0,0,0.5),0 1px 10px 0 rgba(0,0,0,0.15); margin: 1px; max-width: 540px; min-width: 326px; padding: 0; width: calc(100% - 2px);\" data-instgrm-captioned=\"\" data-instgrm-permalink=\"https:\/\/www.instagram.com\/p\/B0qxyaRACbl\/\" data-instgrm-version=\"12\">\n<div style=\"padding: 16px;\">\n<p>&nbsp;<\/p>\n<div style=\"display: flex; flex-direction: row; align-items: center;\">\n<div style=\"background-color: #f4f4f4; border-radius: 50%; flex-grow: 0; height: 40px; margin-right: 14px; width: 40px;\"><\/div>\n<div style=\"display: flex; flex-direction: column; flex-grow: 1; justify-content: center;\">\n<div style=\"background-color: #f4f4f4; border-radius: 4px; flex-grow: 0; height: 14px; margin-bottom: 6px; width: 100px;\"><\/div>\n<div style=\"background-color: #f4f4f4; border-radius: 4px; flex-grow: 0; height: 14px; width: 60px;\"><\/div>\n<\/div>\n<\/div>\n<div style=\"padding: 19% 0;\"><\/div>\n<div style=\"display: block; height: 50px; margin: 0 auto 12px; width: 50px;\"><\/div>\n<div style=\"padding-top: 8px;\">\n<div style=\"color: #3897f0; font-family: Arial,sans-serif; font-size: 14px; font-style: normal; font-weight: 550; line-height: 18px;\">Ver essa foto no Instagram<\/div>\n<\/div>\n<div style=\"padding: 12.5% 0;\"><\/div>\n<div style=\"display: flex; flex-direction: row; margin-bottom: 14px; align-items: center;\">\n<div>\n<div style=\"background-color: #f4f4f4; border-radius: 50%; height: 12.5px; width: 12.5px; transform: translateX(0px) translateY(7px);\"><\/div>\n<div style=\"background-color: #f4f4f4; height: 12.5px; transform: rotate(-45deg) translateX(3px) translateY(1px); width: 12.5px; flex-grow: 0; margin-right: 14px; margin-left: 2px;\"><\/div>\n<div style=\"background-color: #f4f4f4; border-radius: 50%; height: 12.5px; width: 12.5px; transform: translateX(9px) translateY(-18px);\"><\/div>\n<\/div>\n<div style=\"margin-left: 8px;\">\n<div style=\"background-color: #f4f4f4; border-radius: 50%; flex-grow: 0; height: 20px; width: 20px;\"><\/div>\n<div style=\"width: 0; height: 0; border-top: 2px solid transparent; border-left: 6px solid #f4f4f4; border-bottom: 2px solid transparent; transform: translateX(16px) translateY(-4px) rotate(30deg);\"><\/div>\n<\/div>\n<div style=\"margin-left: auto;\">\n<div style=\"width: 0px; border-top: 8px solid #F4F4F4; border-right: 8px solid transparent; transform: translateY(16px);\"><\/div>\n<div style=\"background-color: #f4f4f4; flex-grow: 0; height: 12px; width: 16px; transform: translateY(-4px);\"><\/div>\n<div style=\"width: 0; height: 0; border-top: 8px solid #F4F4F4; border-left: 8px solid transparent; transform: translateY(-4px) translateX(8px);\"><\/div>\n<\/div>\n<\/div>\n<p>&nbsp;<\/p>\n<p style=\"margin: 8px 0 0 0; padding: 0 4px;\"><a style=\"color: #000; font-family: Arial,sans-serif; font-size: 14px; font-style: normal; font-weight: normal; line-height: 17px; text-decoration: none; word-wrap: break-word;\" href=\"https:\/\/www.instagram.com\/p\/B0qxyaRACbl\/\" target=\"_blank\" rel=\"noopener\">Aos nossos queridos F\u00c3S de DUBLAGEM: Devido ao cancelamento de uma sess\u00e3o de cinema que participar\u00edamos junto com o nosso p\u00fablico neste domingo, n\u00f3s, dubladores, resolvemos nos organizar para atend\u00ea-los com todo o nosso carinho. \u00c9 com muita alegria que queremos convidar todos voc\u00eas neste DOMINGO, dia 4 de AGOSTO, pra bater papo, tirar fotos e receber aut\u00f3grafos em um local agrad\u00e1vel, seguro e tranquilo. O nosso colega Guilherme Briggs, tamb\u00e9m estar\u00e1 presente, pois n\u00f3s, dubladores aqui de S\u00e3o Paulo, vamos dividir com ele as despesas de passagem a\u00e9rea de Rio\/S\u00e3o Paulo e retorno, al\u00e9m da hospedagem. O local ser\u00e1 o bar tem\u00e1tico GIBI Cultura Geek neste DOMINGO, dia 4 de AGOSTO, das 13 \u00e0s 15:30, atendendo voc\u00eas, nossos queridos f\u00e3s, com muito carinho. O GIBI fica na Rua Major Maragliano, 364 \u2013 Vila Mariana, em S\u00e3o Paulo, a 5 minutos do metr\u00f4 Vila Mariana e pr\u00f3ximo \u00e0s faculdades Belas Artes, ESPM e Fapcom. O que gostar\u00edamos de pedir em retorno, al\u00e9m da presen\u00e7a de voc\u00eas, \u00e9 a doa\u00e7\u00e3o de dois quilos de alimentos n\u00e3o perec\u00edveis, para que possamos doar para institui\u00e7\u00f5es de caridade. Com isso, teremos uma tarde agrad\u00e1vel, alegre e espiritualmente iluminada, com certeza. Obrigado pela aten\u00e7\u00e3o de sempre e todo o nosso carinho; Os dubladores: @lipe_volpato @fabiolucindo @guilhermebriggs @vii_zedek @heitorassali @glauco_marques @kumode @mcamposdub e @florapaulita<\/a><\/p>\n<p style=\"color: #c9c8cd; font-family: Arial,sans-serif; font-size: 14px; line-height: 17px; margin-bottom: 0; margin-top: 8px; overflow: hidden; padding: 8px 0 7px; text-align: center; text-overflow: ellipsis; white-space: nowrap;\">Uma publica\u00e7\u00e3o compartilhada por <a style=\"color: #c9c8cd; font-family: Arial,sans-serif; font-size: 14px; font-style: normal; font-weight: normal; line-height: 17px;\" href=\"https:\/\/www.instagram.com\/guilhermebriggs\/\" target=\"_blank\" rel=\"noopener\"> Guilherme Briggs<\/a> (@guilhermebriggs) em <time style=\"font-family: Arial,sans-serif; font-size: 14px; line-height: 17px;\" datetime=\"2019-08-02T16:31:54+00:00\">2 de Ago, 2019 \u00e0s 9:31 PDT<\/time><\/p>\n<\/div>\n<\/blockquote>\n<p><script async src=\"\/\/www.instagram.com\/embed.js\"><\/script><\/p>\n","protected":false},"excerpt":{"rendered":"<p>Ap\u00f3s o cancelamento da sess\u00e3o de My Hero Academia: 2 Her\u00f3is com dubladores, novo encontro \u00e9 marcado. Na noite de ontem em sua rede social o dublador Guilherme Briggs anunciou o cancelamento do sorteio de convites para a sess\u00e3o de estreia de My Hero Academia: 2 Her\u00f3is. O motivo n\u00e3o foi informado. Devido ao cancelamento da sess\u00e3o os dubladores que estariam presentes se organizaram para atender ao p\u00fablico no dia 4 de agosto para bater papo, tirar fotos e receber aut\u00f3grafos. O local escolhido foi o bar tem\u00e1tico Gibi Cultura Geek e o evento ocorrer\u00e1\u00a0 \u00e0s das 13h \u00e0s 15h30. O bar fica na Rua Major Maragliano, 364 \u2013 Vila Mariana, em S\u00e3o Paulo. Os dubladores\u00a0 pedem apenas para que os presentes levem a doa\u00e7\u00e3o de dois quilos de alimentos n\u00e3o perec\u00edveis para que possam doar para institui\u00e7\u00f5es de caridade. &nbsp; Ver essa foto no Instagram &nbsp; Aos nossos queridos F\u00c3S de DUBLAGEM: Devido ao cancelamento de uma sess\u00e3o de cinema que participar\u00edamos junto com o nosso p\u00fablico neste domingo, n\u00f3s, dubladores, resolvemos nos organizar para atend\u00ea-los com todo o nosso carinho. \u00c9 com muita alegria que queremos convidar todos voc\u00eas neste DOMINGO, dia 4 de AGOSTO, pra bater papo, tirar fotos e receber aut\u00f3grafos em um local agrad\u00e1vel, seguro e tranquilo. O nosso colega Guilherme Briggs, tamb\u00e9m estar\u00e1 presente, pois n\u00f3s, dubladores aqui de S\u00e3o Paulo, vamos dividir com ele as despesas de passagem a\u00e9rea de Rio\/S\u00e3o Paulo e retorno, al\u00e9m da hospedagem. O local ser\u00e1 o bar tem\u00e1tico GIBI Cultura Geek neste DOMINGO, dia 4 de AGOSTO, das 13 \u00e0s 15:30, atendendo voc\u00eas, nossos queridos f\u00e3s, com muito carinho. O GIBI fica na Rua Major Maragliano, 364 \u2013 Vila Mariana, em S\u00e3o Paulo, a 5 minutos do metr\u00f4 Vila Mariana e pr\u00f3ximo \u00e0s faculdades Belas Artes, ESPM e Fapcom. O que gostar\u00edamos de pedir em retorno, al\u00e9m da presen\u00e7a de voc\u00eas, \u00e9 a doa\u00e7\u00e3o de dois quilos de alimentos n\u00e3o perec\u00edveis, para que possamos doar para institui\u00e7\u00f5es de caridade. Com isso, teremos uma tarde agrad\u00e1vel, alegre e espiritualmente iluminada, com certeza. Obrigado pela aten\u00e7\u00e3o de sempre e todo o nosso carinho; Os dubladores: @lipe_volpato @fabiolucindo @guilhermebriggs @vii_zedek @heitorassali @glauco_marques @kumode @mcamposdub e @florapaulita Uma publica\u00e7\u00e3o compartilhada por Guilherme Briggs (@guilhermebriggs) em 2 de Ago, 2019 \u00e0s 9:31 PDT<\/p>\n","protected":false},"author":4,"featured_media":1712,"comment_status":"open","ping_status":"open","sticky":false,"template":"","format":"standard","meta":{"_monsterinsights_skip_tracking":false,"_monsterinsights_sitenote_active":false,"_monsterinsights_sitenote_note":"","_monsterinsights_sitenote_category":0,"footnotes":""},"categories":[21,5,13],"tags":[126,127,124,33,34,27,148],"class_list":["post-1706","post","type-post","status-publish","format-standard","has-post-thumbnail","hentry","category-acontece","category-animes","category-noticias","tag-acontece","tag-dubla","tag-dublado","tag-dublador","tag-dubladora","tag-dublagem","tag-encontro"],"yoast_head":"<!-- This site is optimized with the Yoast SEO plugin v26.1.1 - https:\/\/yoast.com\/wordpress\/plugins\/seo\/ -->\n<title>Novo encontro com dubladores \u00e9 marcado em S\u00e3o Paulo. | DB - Dublagem Brasileira<\/title>\n<meta name=\"description\" content=\"Novo encontro com dubladores \u00e9 marcado em S\u00e3o Paulo. Ap\u00f3s o cancelamento da sess\u00e3o de My Hero Academia: 2 Her\u00f3is com dubladores, novo encontro \u00e9 marcado.\" \/>\n<meta name=\"robots\" content=\"index, follow, max-snippet:-1, max-image-preview:large, max-video-preview:-1\" \/>\n<link rel=\"canonical\" href=\"https:\/\/dublagembrasileira.com.br\/?p=1706\" \/>\n<meta property=\"og:locale\" content=\"pt_BR\" \/>\n<meta property=\"og:type\" content=\"article\" \/>\n<meta property=\"og:title\" content=\"Novo encontro com dubladores \u00e9 marcado em S\u00e3o Paulo. | DB - Dublagem Brasileira\" \/>\n<meta property=\"og:description\" content=\"Novo encontro com dubladores \u00e9 marcado em S\u00e3o Paulo. Ap\u00f3s o cancelamento da sess\u00e3o de My Hero Academia: 2 Her\u00f3is com dubladores, novo encontro \u00e9 marcado.\" \/>\n<meta property=\"og:url\" content=\"https:\/\/dublagembrasileira.com.br\/?p=1706\" \/>\n<meta property=\"og:site_name\" content=\"DB - Dublagem Brasileira\" \/>\n<meta property=\"article:author\" content=\"https:\/\/www.facebook.com\/dublagembrasileira\" \/>\n<meta property=\"article:published_time\" content=\"2019-08-02T22:47:52+00:00\" \/>\n<meta property=\"article:modified_time\" content=\"2019-08-07T13:39:00+00:00\" \/>\n<meta property=\"og:image\" content=\"https:\/\/dublagembrasileira.com.br\/wp-content\/uploads\/2019\/08\/bargeek.jpg\" \/>\n\t<meta property=\"og:image:width\" content=\"704\" \/>\n\t<meta property=\"og:image:height\" content=\"496\" \/>\n\t<meta property=\"og:image:type\" content=\"image\/jpeg\" \/>\n<meta name=\"author\" content=\"Reda\u00e7\u00e3o\" \/>\n<meta name=\"twitter:card\" content=\"summary_large_image\" \/>\n<meta name=\"twitter:creator\" content=\"@dbdublagem\" \/>\n<meta name=\"twitter:label1\" content=\"Escrito por\" \/>\n\t<meta name=\"twitter:data1\" content=\"Reda\u00e7\u00e3o\" \/>\n\t<meta name=\"twitter:label2\" content=\"Est. tempo de leitura\" \/>\n\t<meta name=\"twitter:data2\" content=\"2 minutos\" \/>\n<script type=\"application\/ld+json\" class=\"yoast-schema-graph\">{\"@context\":\"https:\/\/schema.org\",\"@graph\":[{\"@type\":\"Article\",\"@id\":\"https:\/\/dublagembrasileira.com.br\/?p=1706#article\",\"isPartOf\":{\"@id\":\"https:\/\/dublagembrasileira.com.br\/?p=1706\"},\"author\":{\"name\":\"Reda\u00e7\u00e3o\",\"@id\":\"https:\/\/dublagembrasileira.com.br\/#\/schema\/person\/a75bac594c0e9a0b96508b7e124f20d1\"},\"headline\":\"Novo encontro com dubladores \u00e9 marcado em S\u00e3o Paulo.\",\"datePublished\":\"2019-08-02T22:47:52+00:00\",\"dateModified\":\"2019-08-07T13:39:00+00:00\",\"mainEntityOfPage\":{\"@id\":\"https:\/\/dublagembrasileira.com.br\/?p=1706\"},\"wordCount\":421,\"commentCount\":0,\"publisher\":{\"@id\":\"https:\/\/dublagembrasileira.com.br\/#organization\"},\"image\":{\"@id\":\"https:\/\/dublagembrasileira.com.br\/?p=1706#primaryimage\"},\"thumbnailUrl\":\"https:\/\/dublagembrasileira.com.br\/wp-content\/uploads\/2019\/08\/bargeek.jpg\",\"keywords\":[\"acontece\",\"dubla\",\"dublado\",\"dublador\",\"dubladora\",\"dublagem\",\"encontro\"],\"articleSection\":[\"Acontece\",\"Animes\",\"Not\u00edcias\"],\"inLanguage\":\"pt-BR\",\"potentialAction\":[{\"@type\":\"CommentAction\",\"name\":\"Comment\",\"target\":[\"https:\/\/dublagembrasileira.com.br\/?p=1706#respond\"]}]},{\"@type\":\"WebPage\",\"@id\":\"https:\/\/dublagembrasileira.com.br\/?p=1706\",\"url\":\"https:\/\/dublagembrasileira.com.br\/?p=1706\",\"name\":\"Novo encontro com dubladores \u00e9 marcado em S\u00e3o Paulo. | DB - Dublagem Brasileira\",\"isPartOf\":{\"@id\":\"https:\/\/dublagembrasileira.com.br\/#website\"},\"primaryImageOfPage\":{\"@id\":\"https:\/\/dublagembrasileira.com.br\/?p=1706#primaryimage\"},\"image\":{\"@id\":\"https:\/\/dublagembrasileira.com.br\/?p=1706#primaryimage\"},\"thumbnailUrl\":\"https:\/\/dublagembrasileira.com.br\/wp-content\/uploads\/2019\/08\/bargeek.jpg\",\"datePublished\":\"2019-08-02T22:47:52+00:00\",\"dateModified\":\"2019-08-07T13:39:00+00:00\",\"description\":\"Novo encontro com dubladores \u00e9 marcado em S\u00e3o Paulo. Ap\u00f3s o cancelamento da sess\u00e3o de My Hero Academia: 2 Her\u00f3is com dubladores, novo encontro \u00e9 marcado.\",\"breadcrumb\":{\"@id\":\"https:\/\/dublagembrasileira.com.br\/?p=1706#breadcrumb\"},\"inLanguage\":\"pt-BR\",\"potentialAction\":[{\"@type\":\"ReadAction\",\"target\":[\"https:\/\/dublagembrasileira.com.br\/?p=1706\"]}]},{\"@type\":\"ImageObject\",\"inLanguage\":\"pt-BR\",\"@id\":\"https:\/\/dublagembrasileira.com.br\/?p=1706#primaryimage\",\"url\":\"https:\/\/dublagembrasileira.com.br\/wp-content\/uploads\/2019\/08\/bargeek.jpg\",\"contentUrl\":\"https:\/\/dublagembrasileira.com.br\/wp-content\/uploads\/2019\/08\/bargeek.jpg\",\"width\":704,\"height\":496},{\"@type\":\"BreadcrumbList\",\"@id\":\"https:\/\/dublagembrasileira.com.br\/?p=1706#breadcrumb\",\"itemListElement\":[{\"@type\":\"ListItem\",\"position\":1,\"name\":\"In\u00edcio\",\"item\":\"https:\/\/dublagembrasileira.com.br\/\"},{\"@type\":\"ListItem\",\"position\":2,\"name\":\"Novo encontro com dubladores \u00e9 marcado em S\u00e3o Paulo.\"}]},{\"@type\":\"WebSite\",\"@id\":\"https:\/\/dublagembrasileira.com.br\/#website\",\"url\":\"https:\/\/dublagembrasileira.com.br\/\",\"name\":\"DB - Dublagem Brasileira\",\"description\":\"O seu portal de dublagem.\",\"publisher\":{\"@id\":\"https:\/\/dublagembrasileira.com.br\/#organization\"},\"potentialAction\":[{\"@type\":\"SearchAction\",\"target\":{\"@type\":\"EntryPoint\",\"urlTemplate\":\"https:\/\/dublagembrasileira.com.br\/?s={search_term_string}\"},\"query-input\":{\"@type\":\"PropertyValueSpecification\",\"valueRequired\":true,\"valueName\":\"search_term_string\"}}],\"inLanguage\":\"pt-BR\"},{\"@type\":\"Organization\",\"@id\":\"https:\/\/dublagembrasileira.com.br\/#organization\",\"name\":\"DB - Dublagem Brasileira\",\"url\":\"https:\/\/dublagembrasileira.com.br\/\",\"logo\":{\"@type\":\"ImageObject\",\"inLanguage\":\"pt-BR\",\"@id\":\"https:\/\/dublagembrasileira.com.br\/#\/schema\/logo\/image\/\",\"url\":\"https:\/\/dublagembrasileira.com.br\/wp-content\/uploads\/2019\/07\/cropped-logotipodb.png\",\"contentUrl\":\"https:\/\/dublagembrasileira.com.br\/wp-content\/uploads\/2019\/07\/cropped-logotipodb.png\",\"width\":946,\"height\":589,\"caption\":\"DB - Dublagem Brasileira\"},\"image\":{\"@id\":\"https:\/\/dublagembrasileira.com.br\/#\/schema\/logo\/image\/\"}},{\"@type\":\"Person\",\"@id\":\"https:\/\/dublagembrasileira.com.br\/#\/schema\/person\/a75bac594c0e9a0b96508b7e124f20d1\",\"name\":\"Reda\u00e7\u00e3o\",\"image\":{\"@type\":\"ImageObject\",\"inLanguage\":\"pt-BR\",\"@id\":\"https:\/\/dublagembrasileira.com.br\/#\/schema\/person\/image\/\",\"url\":\"http:\/\/dublagembrasileira.com.br\/wp-content\/uploads\/2025\/06\/admin-96x96.jpg\",\"contentUrl\":\"http:\/\/dublagembrasileira.com.br\/wp-content\/uploads\/2025\/06\/admin-96x96.jpg\",\"caption\":\"Reda\u00e7\u00e3o\"},\"description\":\"Equipe do DB.\",\"sameAs\":[\"https:\/\/www.facebook.com\/dublagembrasileira\",\"https:\/\/www.instagram.com\/dbdublagembrasileira\",\"https:\/\/x.com\/dbdublagem\"],\"url\":\"https:\/\/dublagembrasileira.com.br\/?author=4\"}]}<\/script>\n<!-- \/ Yoast SEO plugin. -->","yoast_head_json":{"title":"Novo encontro com dubladores \u00e9 marcado em S\u00e3o Paulo. | DB - Dublagem Brasileira","description":"Novo encontro com dubladores \u00e9 marcado em S\u00e3o Paulo. Ap\u00f3s o cancelamento da sess\u00e3o de My Hero Academia: 2 Her\u00f3is com dubladores, novo encontro \u00e9 marcado.","robots":{"index":"index","follow":"follow","max-snippet":"max-snippet:-1","max-image-preview":"max-image-preview:large","max-video-preview":"max-video-preview:-1"},"canonical":"https:\/\/dublagembrasileira.com.br\/?p=1706","og_locale":"pt_BR","og_type":"article","og_title":"Novo encontro com dubladores \u00e9 marcado em S\u00e3o Paulo. | DB - Dublagem Brasileira","og_description":"Novo encontro com dubladores \u00e9 marcado em S\u00e3o Paulo. Ap\u00f3s o cancelamento da sess\u00e3o de My Hero Academia: 2 Her\u00f3is com dubladores, novo encontro \u00e9 marcado.","og_url":"https:\/\/dublagembrasileira.com.br\/?p=1706","og_site_name":"DB - Dublagem Brasileira","article_author":"https:\/\/www.facebook.com\/dublagembrasileira","article_published_time":"2019-08-02T22:47:52+00:00","article_modified_time":"2019-08-07T13:39:00+00:00","og_image":[{"width":704,"height":496,"url":"https:\/\/dublagembrasileira.com.br\/wp-content\/uploads\/2019\/08\/bargeek.jpg","type":"image\/jpeg"}],"author":"Reda\u00e7\u00e3o","twitter_card":"summary_large_image","twitter_creator":"@dbdublagem","twitter_misc":{"Escrito por":"Reda\u00e7\u00e3o","Est. tempo de leitura":"2 minutos"},"schema":{"@context":"https:\/\/schema.org","@graph":[{"@type":"Article","@id":"https:\/\/dublagembrasileira.com.br\/?p=1706#article","isPartOf":{"@id":"https:\/\/dublagembrasileira.com.br\/?p=1706"},"author":{"name":"Reda\u00e7\u00e3o","@id":"https:\/\/dublagembrasileira.com.br\/#\/schema\/person\/a75bac594c0e9a0b96508b7e124f20d1"},"headline":"Novo encontro com dubladores \u00e9 marcado em S\u00e3o Paulo.","datePublished":"2019-08-02T22:47:52+00:00","dateModified":"2019-08-07T13:39:00+00:00","mainEntityOfPage":{"@id":"https:\/\/dublagembrasileira.com.br\/?p=1706"},"wordCount":421,"commentCount":0,"publisher":{"@id":"https:\/\/dublagembrasileira.com.br\/#organization"},"image":{"@id":"https:\/\/dublagembrasileira.com.br\/?p=1706#primaryimage"},"thumbnailUrl":"https:\/\/dublagembrasileira.com.br\/wp-content\/uploads\/2019\/08\/bargeek.jpg","keywords":["acontece","dubla","dublado","dublador","dubladora","dublagem","encontro"],"articleSection":["Acontece","Animes","Not\u00edcias"],"inLanguage":"pt-BR","potentialAction":[{"@type":"CommentAction","name":"Comment","target":["https:\/\/dublagembrasileira.com.br\/?p=1706#respond"]}]},{"@type":"WebPage","@id":"https:\/\/dublagembrasileira.com.br\/?p=1706","url":"https:\/\/dublagembrasileira.com.br\/?p=1706","name":"Novo encontro com dubladores \u00e9 marcado em S\u00e3o Paulo. | DB - Dublagem Brasileira","isPartOf":{"@id":"https:\/\/dublagembrasileira.com.br\/#website"},"primaryImageOfPage":{"@id":"https:\/\/dublagembrasileira.com.br\/?p=1706#primaryimage"},"image":{"@id":"https:\/\/dublagembrasileira.com.br\/?p=1706#primaryimage"},"thumbnailUrl":"https:\/\/dublagembrasileira.com.br\/wp-content\/uploads\/2019\/08\/bargeek.jpg","datePublished":"2019-08-02T22:47:52+00:00","dateModified":"2019-08-07T13:39:00+00:00","description":"Novo encontro com dubladores \u00e9 marcado em S\u00e3o Paulo. Ap\u00f3s o cancelamento da sess\u00e3o de My Hero Academia: 2 Her\u00f3is com dubladores, novo encontro \u00e9 marcado.","breadcrumb":{"@id":"https:\/\/dublagembrasileira.com.br\/?p=1706#breadcrumb"},"inLanguage":"pt-BR","potentialAction":[{"@type":"ReadAction","target":["https:\/\/dublagembrasileira.com.br\/?p=1706"]}]},{"@type":"ImageObject","inLanguage":"pt-BR","@id":"https:\/\/dublagembrasileira.com.br\/?p=1706#primaryimage","url":"https:\/\/dublagembrasileira.com.br\/wp-content\/uploads\/2019\/08\/bargeek.jpg","contentUrl":"https:\/\/dublagembrasileira.com.br\/wp-content\/uploads\/2019\/08\/bargeek.jpg","width":704,"height":496},{"@type":"BreadcrumbList","@id":"https:\/\/dublagembrasileira.com.br\/?p=1706#breadcrumb","itemListElement":[{"@type":"ListItem","position":1,"name":"In\u00edcio","item":"https:\/\/dublagembrasileira.com.br\/"},{"@type":"ListItem","position":2,"name":"Novo encontro com dubladores \u00e9 marcado em S\u00e3o Paulo."}]},{"@type":"WebSite","@id":"https:\/\/dublagembrasileira.com.br\/#website","url":"https:\/\/dublagembrasileira.com.br\/","name":"DB - Dublagem Brasileira","description":"O seu portal de dublagem.","publisher":{"@id":"https:\/\/dublagembrasileira.com.br\/#organization"},"potentialAction":[{"@type":"SearchAction","target":{"@type":"EntryPoint","urlTemplate":"https:\/\/dublagembrasileira.com.br\/?s={search_term_string}"},"query-input":{"@type":"PropertyValueSpecification","valueRequired":true,"valueName":"search_term_string"}}],"inLanguage":"pt-BR"},{"@type":"Organization","@id":"https:\/\/dublagembrasileira.com.br\/#organization","name":"DB - Dublagem Brasileira","url":"https:\/\/dublagembrasileira.com.br\/","logo":{"@type":"ImageObject","inLanguage":"pt-BR","@id":"https:\/\/dublagembrasileira.com.br\/#\/schema\/logo\/image\/","url":"https:\/\/dublagembrasileira.com.br\/wp-content\/uploads\/2019\/07\/cropped-logotipodb.png","contentUrl":"https:\/\/dublagembrasileira.com.br\/wp-content\/uploads\/2019\/07\/cropped-logotipodb.png","width":946,"height":589,"caption":"DB - Dublagem Brasileira"},"image":{"@id":"https:\/\/dublagembrasileira.com.br\/#\/schema\/logo\/image\/"}},{"@type":"Person","@id":"https:\/\/dublagembrasileira.com.br\/#\/schema\/person\/a75bac594c0e9a0b96508b7e124f20d1","name":"Reda\u00e7\u00e3o","image":{"@type":"ImageObject","inLanguage":"pt-BR","@id":"https:\/\/dublagembrasileira.com.br\/#\/schema\/person\/image\/","url":"http:\/\/dublagembrasileira.com.br\/wp-content\/uploads\/2025\/06\/admin-96x96.jpg","contentUrl":"http:\/\/dublagembrasileira.com.br\/wp-content\/uploads\/2025\/06\/admin-96x96.jpg","caption":"Reda\u00e7\u00e3o"},"description":"Equipe do DB.","sameAs":["https:\/\/www.facebook.com\/dublagembrasileira","https:\/\/www.instagram.com\/dbdublagembrasileira","https:\/\/x.com\/dbdublagem"],"url":"https:\/\/dublagembrasileira.com.br\/?author=4"}]}},"rttpg_featured_image_url":{"full":["https:\/\/dublagembrasileira.com.br\/wp-content\/uploads\/2019\/08\/bargeek.jpg",704,496,false],"landscape":["https:\/\/dublagembrasileira.com.br\/wp-content\/uploads\/2019\/08\/bargeek.jpg",704,496,false],"portraits":["https:\/\/dublagembrasileira.com.br\/wp-content\/uploads\/2019\/08\/bargeek.jpg",704,496,false],"thumbnail":["https:\/\/dublagembrasileira.com.br\/wp-content\/uploads\/2019\/08\/bargeek-150x150.jpg",150,150,true],"medium":["https:\/\/dublagembrasileira.com.br\/wp-content\/uploads\/2019\/08\/bargeek-300x211.jpg",300,211,true],"large":["https:\/\/dublagembrasileira.com.br\/wp-content\/uploads\/2019\/08\/bargeek.jpg",640,451,false],"1536x1536":["https:\/\/dublagembrasileira.com.br\/wp-content\/uploads\/2019\/08\/bargeek.jpg",704,496,false],"2048x2048":["https:\/\/dublagembrasileira.com.br\/wp-content\/uploads\/2019\/08\/bargeek.jpg",704,496,false],"eggnews-slider-large":["https:\/\/dublagembrasileira.com.br\/wp-content\/uploads\/2019\/08\/bargeek.jpg",704,496,false],"eggnews-featured-medium":["https:\/\/dublagembrasileira.com.br\/wp-content\/uploads\/2019\/08\/bargeek-420x307.jpg",420,307,true],"eggnews-featured-long":["https:\/\/dublagembrasileira.com.br\/wp-content\/uploads\/2019\/08\/bargeek-300x443.jpg",300,443,true],"eggnews-block-medium":["https:\/\/dublagembrasileira.com.br\/wp-content\/uploads\/2019\/08\/bargeek-464x290.jpg",464,290,true],"eggnews-carousel-image":["https:\/\/dublagembrasileira.com.br\/wp-content\/uploads\/2019\/08\/bargeek-600x496.jpg",600,496,true],"eggnews-block-thumb":["https:\/\/dublagembrasileira.com.br\/wp-content\/uploads\/2019\/08\/bargeek-322x230.jpg",322,230,true],"eggnews-single-large":["https:\/\/dublagembrasileira.com.br\/wp-content\/uploads\/2019\/08\/bargeek.jpg",704,496,false],"crp_thumbnail":["https:\/\/dublagembrasileira.com.br\/wp-content\/uploads\/2019\/08\/bargeek-150x150.jpg",150,150,true]},"rttpg_author":{"display_name":"Reda\u00e7\u00e3o","author_link":"https:\/\/dublagembrasileira.com.br\/?author=4"},"rttpg_comment":0,"rttpg_category":"<a href=\"https:\/\/dublagembrasileira.com.br\/?cat=21\" rel=\"category\">Acontece<\/a> <a href=\"https:\/\/dublagembrasileira.com.br\/?cat=5\" rel=\"category\">Animes<\/a> <a href=\"https:\/\/dublagembrasileira.com.br\/?cat=13\" rel=\"category\">Not\u00edcias<\/a>","rttpg_excerpt":"Ap\u00f3s o cancelamento da sess\u00e3o de My Hero Academia: 2 Her\u00f3is com dubladores, novo encontro \u00e9 marcado. Na noite de ontem em sua rede social o dublador Guilherme Briggs anunciou o cancelamento do sorteio de convites para a sess\u00e3o de estreia de My Hero Academia: 2 Her\u00f3is. O motivo n\u00e3o foi informado. Devido ao cancelamento&hellip;","_links":{"self":[{"href":"https:\/\/dublagembrasileira.com.br\/index.php?rest_route=\/wp\/v2\/posts\/1706","targetHints":{"allow":["GET"]}}],"collection":[{"href":"https:\/\/dublagembrasileira.com.br\/index.php?rest_route=\/wp\/v2\/posts"}],"about":[{"href":"https:\/\/dublagembrasileira.com.br\/index.php?rest_route=\/wp\/v2\/types\/post"}],"author":[{"embeddable":true,"href":"https:\/\/dublagembrasileira.com.br\/index.php?rest_route=\/wp\/v2\/users\/4"}],"replies":[{"embeddable":true,"href":"https:\/\/dublagembrasileira.com.br\/index.php?rest_route=%2Fwp%2Fv2%2Fcomments&post=1706"}],"version-history":[{"count":2,"href":"https:\/\/dublagembrasileira.com.br\/index.php?rest_route=\/wp\/v2\/posts\/1706\/revisions"}],"predecessor-version":[{"id":1709,"href":"https:\/\/dublagembrasileira.com.br\/index.php?rest_route=\/wp\/v2\/posts\/1706\/revisions\/1709"}],"wp:featuredmedia":[{"embeddable":true,"href":"https:\/\/dublagembrasileira.com.br\/index.php?rest_route=\/wp\/v2\/media\/1712"}],"wp:attachment":[{"href":"https:\/\/dublagembrasileira.com.br\/index.php?rest_route=%2Fwp%2Fv2%2Fmedia&parent=1706"}],"wp:term":[{"taxonomy":"category","embeddable":true,"href":"https:\/\/dublagembrasileira.com.br\/index.php?rest_route=%2Fwp%2Fv2%2Fcategories&post=1706"},{"taxonomy":"post_tag","embeddable":true,"href":"https:\/\/dublagembrasileira.com.br\/index.php?rest_route=%2Fwp%2Fv2%2Ftags&post=1706"}],"curies":[{"name":"wp","href":"https:\/\/api.w.org\/{rel}","templated":true}]}}