{"id":1693,"date":"2019-08-02T12:10:34","date_gmt":"2019-08-02T12:10:34","guid":{"rendered":"http:\/\/dublagembrasileira.com.br\/?p=1693"},"modified":"2019-08-02T23:13:00","modified_gmt":"2019-08-02T23:13:00","slug":"canal-mostra-bastidores-da-dublagem-de-my-hero-academia","status":"publish","type":"post","link":"https:\/\/dublagembrasileira.com.br\/?p=1693","title":{"rendered":"Canal mostra bastidores da dublagem de My Hero Academia."},"content":{"rendered":"<h4><em>Canal &#8220;Wendel Bezerra&#8221; divulga v\u00eddeo onde dubladores do anime falam sobre seu trabalho na produ\u00e7\u00e3o.<\/em><\/h4>\n<hr \/>\n<p style=\"text-align: justify;\">O v\u00eddeo de hoje (1) do canal <strong><a href=\"https:\/\/www.youtube.com\/channel\/UCDcXzHEjw71Y5EMj13QCCpA\">Wendel Bezerra<\/a><\/strong> apresentou os bastidores da dublagem de <a href=\"http:\/\/dublagembrasileira.com.br\/?s=My+Hero+Academia%3A+2+Her%C3%B3is\"><strong>My Hero Academia: 2 Her\u00f3is<\/strong><\/a>. Realizada na Unidub, est\u00fadio de propriedade do pr\u00f3prio dublador Wendel Bezerra,\u00a0 a dublagem do anime foi dirigida por Ursula, irm\u00e3 do dublador.<\/p>\n<p style=\"text-align: justify;\">A conversa no est\u00fadio 6 envolveu o dublador Lipe Volpato que j\u00e1 atuou no ramo fazendo as vozes de Kenji Miyazawa (<strong>Bungo Stray Dogs<\/strong>), Kid Emperor (<strong>One-Punch Man<\/strong>), Sho Suzuki (<strong>Mob Psycho 100<\/strong>) e Atreus (<strong>God of War<\/strong>). Em <a href=\"http:\/\/dublagembrasileira.com.br\/?s=My+Hero+Academia%3A+2+Her%C3%B3is\"><strong>My Hero Academia: 2 Her\u00f3is<\/strong><\/a> ele faz a voz do personagem Midoriya.<\/p>\n<p style=\"text-align: justify;\">Fernanda Bulara tamb\u00e9m foi entrevistada e comentou sobre seu trabalho na dublagem do anime e do ass\u00e9dio dos f\u00e3s em torno dele. Ela que far\u00e1 a personagem Momo Yaoyorozu, j\u00e1 emprestou a voz a Asuka (<strong>Neon Genesis Evangelion<\/strong>), Tomoyo (<strong>Sakura Card Captors<\/strong>), Sailor Jupiter (<strong>Sailor Moon<\/strong>) e Ino Yamanaka (<strong>Naruto<\/strong>).<\/p>\n<p style=\"text-align: justify;\">Wendel tamb\u00e9m encontrou F\u00e1bio Lucindo que ser\u00e1 a voz de Bakugo no filme, esse descreveu um pouco do comportamento do seu personagem. Lucindo \u00e9 voz constante em animes, sua voz pode ser ouvida fazendo Ash (<strong>Pok\u00e9mon<\/strong>), Syaoran (<strong>Sakura Card Captors<\/strong>), Kuririn (<strong>Dragon Ball<\/strong>), Kiba Inuzuka (<strong>Naruto<\/strong>) e Takuya Kanbara (<strong>Digimon Frontier<\/strong>).<\/p>\n<p style=\"text-align: justify;\">Glauco Marques contou sobre a felicidade de dublar o vil\u00e3o uma vez que \u00e9 f\u00e3 do anime e para fechar bem o v\u00eddeo at\u00e9 Guilherme Briggs fez uma participa\u00e7\u00e3o do Rio de Janeiro, onde relata o processo de dublagem do her\u00f3i All Might.<\/p>\n<p style=\"text-align: justify;\"><strong>My Hero Academia: 2 Her\u00f3is \u2013 o Filme <\/strong>est\u00e1 com sua estreia no Brasil\u00a0 marcada para o dia 8 de agosto, mas ter\u00e1 sess\u00f5es limitadas por aqui. Ingressos est\u00e3o em pr\u00e9-venda no Cinemark.<\/p>\n<p style=\"text-align: center;\"><iframe data-src=\"https:\/\/www.youtube.com\/embed\/T2kbFrZKynE\" width=\"560\" height=\"315\" frameborder=\"0\" allowfullscreen=\"allowfullscreen\" src=\"data:image\/svg+xml;base64,PHN2ZyB3aWR0aD0iMSIgaGVpZ2h0PSIxIiB4bWxucz0iaHR0cDovL3d3dy53My5vcmcvMjAwMC9zdmciPjwvc3ZnPg==\" class=\"lazyload\" data-load-mode=\"1\"><\/iframe><\/p>\n","protected":false},"excerpt":{"rendered":"<p>Canal &#8220;Wendel Bezerra&#8221; divulga v\u00eddeo onde dubladores do anime falam sobre seu trabalho na produ\u00e7\u00e3o. O v\u00eddeo de hoje (1) do canal Wendel Bezerra apresentou os bastidores da dublagem de My Hero Academia: 2 Her\u00f3is. Realizada na Unidub, est\u00fadio de propriedade do pr\u00f3prio dublador Wendel Bezerra,\u00a0 a dublagem do anime foi dirigida por Ursula, irm\u00e3 do dublador. A conversa no est\u00fadio 6 envolveu o dublador Lipe Volpato que j\u00e1 atuou no ramo fazendo as vozes de Kenji Miyazawa (Bungo Stray Dogs), Kid Emperor (One-Punch Man), Sho Suzuki (Mob Psycho 100) e Atreus (God of War). Em My Hero Academia: 2 Her\u00f3is ele faz a voz do personagem Midoriya. Fernanda Bulara tamb\u00e9m foi entrevistada e comentou sobre seu trabalho na dublagem do anime e do ass\u00e9dio dos f\u00e3s em torno dele. Ela que far\u00e1 a personagem Momo Yaoyorozu, j\u00e1 emprestou a voz a Asuka (Neon Genesis Evangelion), Tomoyo (Sakura Card Captors), Sailor Jupiter (Sailor Moon) e Ino Yamanaka (Naruto). Wendel tamb\u00e9m encontrou F\u00e1bio Lucindo que ser\u00e1 a voz de Bakugo no filme, esse descreveu um pouco do comportamento do seu personagem. Lucindo \u00e9 voz constante em animes, sua voz pode ser ouvida fazendo Ash (Pok\u00e9mon), Syaoran (Sakura Card Captors), Kuririn (Dragon Ball), Kiba Inuzuka (Naruto) e Takuya Kanbara (Digimon Frontier). Glauco Marques contou sobre a felicidade de dublar o vil\u00e3o uma vez que \u00e9 f\u00e3 do anime e para fechar bem o v\u00eddeo at\u00e9 Guilherme Briggs fez uma participa\u00e7\u00e3o do Rio de Janeiro, onde relata o processo de dublagem do her\u00f3i All Might. My Hero Academia: 2 Her\u00f3is \u2013 o Filme est\u00e1 com sua estreia no Brasil\u00a0 marcada para o dia 8 de agosto, mas ter\u00e1 sess\u00f5es limitadas por aqui. Ingressos est\u00e3o em pr\u00e9-venda no Cinemark.<\/p>\n","protected":false},"author":4,"featured_media":1694,"comment_status":"open","ping_status":"open","sticky":false,"template":"","format":"standard","meta":{"_monsterinsights_skip_tracking":false,"_monsterinsights_sitenote_active":false,"_monsterinsights_sitenote_note":"","_monsterinsights_sitenote_category":0,"footnotes":""},"categories":[5,7,2,13],"tags":[51,38,26,127,124,33,34,27],"class_list":["post-1693","post","type-post","status-publish","format-standard","has-post-thumbnail","hentry","category-animes","category-cinema","category-filmes","category-noticias","tag-anime","tag-cinema","tag-desenho","tag-dubla","tag-dublado","tag-dublador","tag-dubladora","tag-dublagem"],"yoast_head":"<!-- This site is optimized with the Yoast SEO plugin v26.1.1 - https:\/\/yoast.com\/wordpress\/plugins\/seo\/ -->\n<title>Canal mostra bastidores da dublagem de My Hero Academia. | DB - Dublagem Brasileira<\/title>\n<meta name=\"description\" content=\"Canal mostra bastidores da dublagem de My Hero Academia 2. Wendel Bezerra divulga v\u00eddeo onde dubladores do anime falam sobre seu trabalho na produ\u00e7\u00e3o.\" \/>\n<meta name=\"robots\" content=\"index, follow, max-snippet:-1, max-image-preview:large, max-video-preview:-1\" \/>\n<link rel=\"canonical\" href=\"https:\/\/dublagembrasileira.com.br\/?p=1693\" \/>\n<meta property=\"og:locale\" content=\"pt_BR\" \/>\n<meta property=\"og:type\" content=\"article\" \/>\n<meta property=\"og:title\" content=\"Canal mostra bastidores da dublagem de My Hero Academia. | DB - Dublagem Brasileira\" \/>\n<meta property=\"og:description\" content=\"Canal mostra bastidores da dublagem de My Hero Academia 2. Wendel Bezerra divulga v\u00eddeo onde dubladores do anime falam sobre seu trabalho na produ\u00e7\u00e3o.\" \/>\n<meta property=\"og:url\" content=\"https:\/\/dublagembrasileira.com.br\/?p=1693\" \/>\n<meta property=\"og:site_name\" content=\"DB - Dublagem Brasileira\" \/>\n<meta property=\"article:author\" content=\"https:\/\/www.facebook.com\/dublagembrasileira\" \/>\n<meta property=\"article:published_time\" content=\"2019-08-02T12:10:34+00:00\" \/>\n<meta property=\"article:modified_time\" content=\"2019-08-02T23:13:00+00:00\" \/>\n<meta property=\"og:image\" content=\"https:\/\/dublagembrasileira.com.br\/wp-content\/uploads\/2019\/08\/fernandabullara.jpg\" \/>\n\t<meta property=\"og:image:width\" content=\"704\" \/>\n\t<meta property=\"og:image:height\" content=\"496\" \/>\n\t<meta property=\"og:image:type\" content=\"image\/jpeg\" \/>\n<meta name=\"author\" content=\"Reda\u00e7\u00e3o\" \/>\n<meta name=\"twitter:card\" content=\"summary_large_image\" \/>\n<meta name=\"twitter:creator\" content=\"@dbdublagem\" \/>\n<meta name=\"twitter:label1\" content=\"Escrito por\" \/>\n\t<meta name=\"twitter:data1\" content=\"Reda\u00e7\u00e3o\" \/>\n\t<meta name=\"twitter:label2\" content=\"Est. tempo de leitura\" \/>\n\t<meta name=\"twitter:data2\" content=\"1 minuto\" \/>\n<script type=\"application\/ld+json\" class=\"yoast-schema-graph\">{\"@context\":\"https:\/\/schema.org\",\"@graph\":[{\"@type\":\"Article\",\"@id\":\"https:\/\/dublagembrasileira.com.br\/?p=1693#article\",\"isPartOf\":{\"@id\":\"https:\/\/dublagembrasileira.com.br\/?p=1693\"},\"author\":{\"name\":\"Reda\u00e7\u00e3o\",\"@id\":\"https:\/\/dublagembrasileira.com.br\/#\/schema\/person\/a75bac594c0e9a0b96508b7e124f20d1\"},\"headline\":\"Canal mostra bastidores da dublagem de My Hero Academia.\",\"datePublished\":\"2019-08-02T12:10:34+00:00\",\"dateModified\":\"2019-08-02T23:13:00+00:00\",\"mainEntityOfPage\":{\"@id\":\"https:\/\/dublagembrasileira.com.br\/?p=1693\"},\"wordCount\":306,\"commentCount\":0,\"publisher\":{\"@id\":\"https:\/\/dublagembrasileira.com.br\/#organization\"},\"image\":{\"@id\":\"https:\/\/dublagembrasileira.com.br\/?p=1693#primaryimage\"},\"thumbnailUrl\":\"https:\/\/dublagembrasileira.com.br\/wp-content\/uploads\/2019\/08\/fernandabullara.jpg\",\"keywords\":[\"anime\",\"cinema\",\"desenho\",\"dubla\",\"dublado\",\"dublador\",\"dubladora\",\"dublagem\"],\"articleSection\":[\"Animes\",\"Cinema\",\"Filmes\",\"Not\u00edcias\"],\"inLanguage\":\"pt-BR\",\"potentialAction\":[{\"@type\":\"CommentAction\",\"name\":\"Comment\",\"target\":[\"https:\/\/dublagembrasileira.com.br\/?p=1693#respond\"]}]},{\"@type\":\"WebPage\",\"@id\":\"https:\/\/dublagembrasileira.com.br\/?p=1693\",\"url\":\"https:\/\/dublagembrasileira.com.br\/?p=1693\",\"name\":\"Canal mostra bastidores da dublagem de My Hero Academia. | DB - Dublagem Brasileira\",\"isPartOf\":{\"@id\":\"https:\/\/dublagembrasileira.com.br\/#website\"},\"primaryImageOfPage\":{\"@id\":\"https:\/\/dublagembrasileira.com.br\/?p=1693#primaryimage\"},\"image\":{\"@id\":\"https:\/\/dublagembrasileira.com.br\/?p=1693#primaryimage\"},\"thumbnailUrl\":\"https:\/\/dublagembrasileira.com.br\/wp-content\/uploads\/2019\/08\/fernandabullara.jpg\",\"datePublished\":\"2019-08-02T12:10:34+00:00\",\"dateModified\":\"2019-08-02T23:13:00+00:00\",\"description\":\"Canal mostra bastidores da dublagem de My Hero Academia 2. Wendel Bezerra divulga v\u00eddeo onde dubladores do anime falam sobre seu trabalho na produ\u00e7\u00e3o.\",\"breadcrumb\":{\"@id\":\"https:\/\/dublagembrasileira.com.br\/?p=1693#breadcrumb\"},\"inLanguage\":\"pt-BR\",\"potentialAction\":[{\"@type\":\"ReadAction\",\"target\":[\"https:\/\/dublagembrasileira.com.br\/?p=1693\"]}]},{\"@type\":\"ImageObject\",\"inLanguage\":\"pt-BR\",\"@id\":\"https:\/\/dublagembrasileira.com.br\/?p=1693#primaryimage\",\"url\":\"https:\/\/dublagembrasileira.com.br\/wp-content\/uploads\/2019\/08\/fernandabullara.jpg\",\"contentUrl\":\"https:\/\/dublagembrasileira.com.br\/wp-content\/uploads\/2019\/08\/fernandabullara.jpg\",\"width\":704,\"height\":496},{\"@type\":\"BreadcrumbList\",\"@id\":\"https:\/\/dublagembrasileira.com.br\/?p=1693#breadcrumb\",\"itemListElement\":[{\"@type\":\"ListItem\",\"position\":1,\"name\":\"In\u00edcio\",\"item\":\"https:\/\/dublagembrasileira.com.br\/\"},{\"@type\":\"ListItem\",\"position\":2,\"name\":\"Canal mostra bastidores da dublagem de My Hero Academia.\"}]},{\"@type\":\"WebSite\",\"@id\":\"https:\/\/dublagembrasileira.com.br\/#website\",\"url\":\"https:\/\/dublagembrasileira.com.br\/\",\"name\":\"DB - Dublagem Brasileira\",\"description\":\"O seu portal de dublagem.\",\"publisher\":{\"@id\":\"https:\/\/dublagembrasileira.com.br\/#organization\"},\"potentialAction\":[{\"@type\":\"SearchAction\",\"target\":{\"@type\":\"EntryPoint\",\"urlTemplate\":\"https:\/\/dublagembrasileira.com.br\/?s={search_term_string}\"},\"query-input\":{\"@type\":\"PropertyValueSpecification\",\"valueRequired\":true,\"valueName\":\"search_term_string\"}}],\"inLanguage\":\"pt-BR\"},{\"@type\":\"Organization\",\"@id\":\"https:\/\/dublagembrasileira.com.br\/#organization\",\"name\":\"DB - Dublagem Brasileira\",\"url\":\"https:\/\/dublagembrasileira.com.br\/\",\"logo\":{\"@type\":\"ImageObject\",\"inLanguage\":\"pt-BR\",\"@id\":\"https:\/\/dublagembrasileira.com.br\/#\/schema\/logo\/image\/\",\"url\":\"https:\/\/dublagembrasileira.com.br\/wp-content\/uploads\/2019\/07\/cropped-logotipodb.png\",\"contentUrl\":\"https:\/\/dublagembrasileira.com.br\/wp-content\/uploads\/2019\/07\/cropped-logotipodb.png\",\"width\":946,\"height\":589,\"caption\":\"DB - Dublagem Brasileira\"},\"image\":{\"@id\":\"https:\/\/dublagembrasileira.com.br\/#\/schema\/logo\/image\/\"}},{\"@type\":\"Person\",\"@id\":\"https:\/\/dublagembrasileira.com.br\/#\/schema\/person\/a75bac594c0e9a0b96508b7e124f20d1\",\"name\":\"Reda\u00e7\u00e3o\",\"image\":{\"@type\":\"ImageObject\",\"inLanguage\":\"pt-BR\",\"@id\":\"https:\/\/dublagembrasileira.com.br\/#\/schema\/person\/image\/\",\"url\":\"http:\/\/dublagembrasileira.com.br\/wp-content\/uploads\/2025\/06\/admin-96x96.jpg\",\"contentUrl\":\"http:\/\/dublagembrasileira.com.br\/wp-content\/uploads\/2025\/06\/admin-96x96.jpg\",\"caption\":\"Reda\u00e7\u00e3o\"},\"description\":\"Equipe do DB.\",\"sameAs\":[\"https:\/\/www.facebook.com\/dublagembrasileira\",\"https:\/\/www.instagram.com\/dbdublagembrasileira\",\"https:\/\/x.com\/dbdublagem\"],\"url\":\"https:\/\/dublagembrasileira.com.br\/?author=4\"}]}<\/script>\n<!-- \/ Yoast SEO plugin. -->","yoast_head_json":{"title":"Canal mostra bastidores da dublagem de My Hero Academia. | DB - Dublagem Brasileira","description":"Canal mostra bastidores da dublagem de My Hero Academia 2. Wendel Bezerra divulga v\u00eddeo onde dubladores do anime falam sobre seu trabalho na produ\u00e7\u00e3o.","robots":{"index":"index","follow":"follow","max-snippet":"max-snippet:-1","max-image-preview":"max-image-preview:large","max-video-preview":"max-video-preview:-1"},"canonical":"https:\/\/dublagembrasileira.com.br\/?p=1693","og_locale":"pt_BR","og_type":"article","og_title":"Canal mostra bastidores da dublagem de My Hero Academia. | DB - Dublagem Brasileira","og_description":"Canal mostra bastidores da dublagem de My Hero Academia 2. Wendel Bezerra divulga v\u00eddeo onde dubladores do anime falam sobre seu trabalho na produ\u00e7\u00e3o.","og_url":"https:\/\/dublagembrasileira.com.br\/?p=1693","og_site_name":"DB - Dublagem Brasileira","article_author":"https:\/\/www.facebook.com\/dublagembrasileira","article_published_time":"2019-08-02T12:10:34+00:00","article_modified_time":"2019-08-02T23:13:00+00:00","og_image":[{"width":704,"height":496,"url":"https:\/\/dublagembrasileira.com.br\/wp-content\/uploads\/2019\/08\/fernandabullara.jpg","type":"image\/jpeg"}],"author":"Reda\u00e7\u00e3o","twitter_card":"summary_large_image","twitter_creator":"@dbdublagem","twitter_misc":{"Escrito por":"Reda\u00e7\u00e3o","Est. tempo de leitura":"1 minuto"},"schema":{"@context":"https:\/\/schema.org","@graph":[{"@type":"Article","@id":"https:\/\/dublagembrasileira.com.br\/?p=1693#article","isPartOf":{"@id":"https:\/\/dublagembrasileira.com.br\/?p=1693"},"author":{"name":"Reda\u00e7\u00e3o","@id":"https:\/\/dublagembrasileira.com.br\/#\/schema\/person\/a75bac594c0e9a0b96508b7e124f20d1"},"headline":"Canal mostra bastidores da dublagem de My Hero Academia.","datePublished":"2019-08-02T12:10:34+00:00","dateModified":"2019-08-02T23:13:00+00:00","mainEntityOfPage":{"@id":"https:\/\/dublagembrasileira.com.br\/?p=1693"},"wordCount":306,"commentCount":0,"publisher":{"@id":"https:\/\/dublagembrasileira.com.br\/#organization"},"image":{"@id":"https:\/\/dublagembrasileira.com.br\/?p=1693#primaryimage"},"thumbnailUrl":"https:\/\/dublagembrasileira.com.br\/wp-content\/uploads\/2019\/08\/fernandabullara.jpg","keywords":["anime","cinema","desenho","dubla","dublado","dublador","dubladora","dublagem"],"articleSection":["Animes","Cinema","Filmes","Not\u00edcias"],"inLanguage":"pt-BR","potentialAction":[{"@type":"CommentAction","name":"Comment","target":["https:\/\/dublagembrasileira.com.br\/?p=1693#respond"]}]},{"@type":"WebPage","@id":"https:\/\/dublagembrasileira.com.br\/?p=1693","url":"https:\/\/dublagembrasileira.com.br\/?p=1693","name":"Canal mostra bastidores da dublagem de My Hero Academia. | DB - Dublagem Brasileira","isPartOf":{"@id":"https:\/\/dublagembrasileira.com.br\/#website"},"primaryImageOfPage":{"@id":"https:\/\/dublagembrasileira.com.br\/?p=1693#primaryimage"},"image":{"@id":"https:\/\/dublagembrasileira.com.br\/?p=1693#primaryimage"},"thumbnailUrl":"https:\/\/dublagembrasileira.com.br\/wp-content\/uploads\/2019\/08\/fernandabullara.jpg","datePublished":"2019-08-02T12:10:34+00:00","dateModified":"2019-08-02T23:13:00+00:00","description":"Canal mostra bastidores da dublagem de My Hero Academia 2. Wendel Bezerra divulga v\u00eddeo onde dubladores do anime falam sobre seu trabalho na produ\u00e7\u00e3o.","breadcrumb":{"@id":"https:\/\/dublagembrasileira.com.br\/?p=1693#breadcrumb"},"inLanguage":"pt-BR","potentialAction":[{"@type":"ReadAction","target":["https:\/\/dublagembrasileira.com.br\/?p=1693"]}]},{"@type":"ImageObject","inLanguage":"pt-BR","@id":"https:\/\/dublagembrasileira.com.br\/?p=1693#primaryimage","url":"https:\/\/dublagembrasileira.com.br\/wp-content\/uploads\/2019\/08\/fernandabullara.jpg","contentUrl":"https:\/\/dublagembrasileira.com.br\/wp-content\/uploads\/2019\/08\/fernandabullara.jpg","width":704,"height":496},{"@type":"BreadcrumbList","@id":"https:\/\/dublagembrasileira.com.br\/?p=1693#breadcrumb","itemListElement":[{"@type":"ListItem","position":1,"name":"In\u00edcio","item":"https:\/\/dublagembrasileira.com.br\/"},{"@type":"ListItem","position":2,"name":"Canal mostra bastidores da dublagem de My Hero Academia."}]},{"@type":"WebSite","@id":"https:\/\/dublagembrasileira.com.br\/#website","url":"https:\/\/dublagembrasileira.com.br\/","name":"DB - Dublagem Brasileira","description":"O seu portal de dublagem.","publisher":{"@id":"https:\/\/dublagembrasileira.com.br\/#organization"},"potentialAction":[{"@type":"SearchAction","target":{"@type":"EntryPoint","urlTemplate":"https:\/\/dublagembrasileira.com.br\/?s={search_term_string}"},"query-input":{"@type":"PropertyValueSpecification","valueRequired":true,"valueName":"search_term_string"}}],"inLanguage":"pt-BR"},{"@type":"Organization","@id":"https:\/\/dublagembrasileira.com.br\/#organization","name":"DB - Dublagem Brasileira","url":"https:\/\/dublagembrasileira.com.br\/","logo":{"@type":"ImageObject","inLanguage":"pt-BR","@id":"https:\/\/dublagembrasileira.com.br\/#\/schema\/logo\/image\/","url":"https:\/\/dublagembrasileira.com.br\/wp-content\/uploads\/2019\/07\/cropped-logotipodb.png","contentUrl":"https:\/\/dublagembrasileira.com.br\/wp-content\/uploads\/2019\/07\/cropped-logotipodb.png","width":946,"height":589,"caption":"DB - Dublagem Brasileira"},"image":{"@id":"https:\/\/dublagembrasileira.com.br\/#\/schema\/logo\/image\/"}},{"@type":"Person","@id":"https:\/\/dublagembrasileira.com.br\/#\/schema\/person\/a75bac594c0e9a0b96508b7e124f20d1","name":"Reda\u00e7\u00e3o","image":{"@type":"ImageObject","inLanguage":"pt-BR","@id":"https:\/\/dublagembrasileira.com.br\/#\/schema\/person\/image\/","url":"http:\/\/dublagembrasileira.com.br\/wp-content\/uploads\/2025\/06\/admin-96x96.jpg","contentUrl":"http:\/\/dublagembrasileira.com.br\/wp-content\/uploads\/2025\/06\/admin-96x96.jpg","caption":"Reda\u00e7\u00e3o"},"description":"Equipe do DB.","sameAs":["https:\/\/www.facebook.com\/dublagembrasileira","https:\/\/www.instagram.com\/dbdublagembrasileira","https:\/\/x.com\/dbdublagem"],"url":"https:\/\/dublagembrasileira.com.br\/?author=4"}]}},"rttpg_featured_image_url":{"full":["https:\/\/dublagembrasileira.com.br\/wp-content\/uploads\/2019\/08\/fernandabullara.jpg",704,496,false],"landscape":["https:\/\/dublagembrasileira.com.br\/wp-content\/uploads\/2019\/08\/fernandabullara.jpg",704,496,false],"portraits":["https:\/\/dublagembrasileira.com.br\/wp-content\/uploads\/2019\/08\/fernandabullara.jpg",704,496,false],"thumbnail":["https:\/\/dublagembrasileira.com.br\/wp-content\/uploads\/2019\/08\/fernandabullara-150x150.jpg",150,150,true],"medium":["https:\/\/dublagembrasileira.com.br\/wp-content\/uploads\/2019\/08\/fernandabullara-300x211.jpg",300,211,true],"large":["https:\/\/dublagembrasileira.com.br\/wp-content\/uploads\/2019\/08\/fernandabullara.jpg",640,451,false],"1536x1536":["https:\/\/dublagembrasileira.com.br\/wp-content\/uploads\/2019\/08\/fernandabullara.jpg",704,496,false],"2048x2048":["https:\/\/dublagembrasileira.com.br\/wp-content\/uploads\/2019\/08\/fernandabullara.jpg",704,496,false],"eggnews-slider-large":["https:\/\/dublagembrasileira.com.br\/wp-content\/uploads\/2019\/08\/fernandabullara.jpg",704,496,false],"eggnews-featured-medium":["https:\/\/dublagembrasileira.com.br\/wp-content\/uploads\/2019\/08\/fernandabullara-420x307.jpg",420,307,true],"eggnews-featured-long":["https:\/\/dublagembrasileira.com.br\/wp-content\/uploads\/2019\/08\/fernandabullara-300x443.jpg",300,443,true],"eggnews-block-medium":["https:\/\/dublagembrasileira.com.br\/wp-content\/uploads\/2019\/08\/fernandabullara-464x290.jpg",464,290,true],"eggnews-carousel-image":["https:\/\/dublagembrasileira.com.br\/wp-content\/uploads\/2019\/08\/fernandabullara-600x496.jpg",600,496,true],"eggnews-block-thumb":["https:\/\/dublagembrasileira.com.br\/wp-content\/uploads\/2019\/08\/fernandabullara-322x230.jpg",322,230,true],"eggnews-single-large":["https:\/\/dublagembrasileira.com.br\/wp-content\/uploads\/2019\/08\/fernandabullara.jpg",704,496,false],"crp_thumbnail":["https:\/\/dublagembrasileira.com.br\/wp-content\/uploads\/2019\/08\/fernandabullara-150x150.jpg",150,150,true]},"rttpg_author":{"display_name":"Reda\u00e7\u00e3o","author_link":"https:\/\/dublagembrasileira.com.br\/?author=4"},"rttpg_comment":0,"rttpg_category":"<a href=\"https:\/\/dublagembrasileira.com.br\/?cat=5\" rel=\"category\">Animes<\/a> <a href=\"https:\/\/dublagembrasileira.com.br\/?cat=7\" rel=\"category\">Cinema<\/a> <a href=\"https:\/\/dublagembrasileira.com.br\/?cat=2\" rel=\"category\">Filmes<\/a> <a href=\"https:\/\/dublagembrasileira.com.br\/?cat=13\" rel=\"category\">Not\u00edcias<\/a>","rttpg_excerpt":"Canal &#8220;Wendel Bezerra&#8221; divulga v\u00eddeo onde dubladores do anime falam sobre seu trabalho na produ\u00e7\u00e3o. O v\u00eddeo de hoje (1) do canal Wendel Bezerra apresentou os bastidores da dublagem de My Hero Academia: 2 Her\u00f3is. Realizada na Unidub, est\u00fadio de propriedade do pr\u00f3prio dublador Wendel Bezerra,\u00a0 a dublagem do anime foi dirigida por Ursula, irm\u00e3&hellip;","_links":{"self":[{"href":"https:\/\/dublagembrasileira.com.br\/index.php?rest_route=\/wp\/v2\/posts\/1693","targetHints":{"allow":["GET"]}}],"collection":[{"href":"https:\/\/dublagembrasileira.com.br\/index.php?rest_route=\/wp\/v2\/posts"}],"about":[{"href":"https:\/\/dublagembrasileira.com.br\/index.php?rest_route=\/wp\/v2\/types\/post"}],"author":[{"embeddable":true,"href":"https:\/\/dublagembrasileira.com.br\/index.php?rest_route=\/wp\/v2\/users\/4"}],"replies":[{"embeddable":true,"href":"https:\/\/dublagembrasileira.com.br\/index.php?rest_route=%2Fwp%2Fv2%2Fcomments&post=1693"}],"version-history":[{"count":4,"href":"https:\/\/dublagembrasileira.com.br\/index.php?rest_route=\/wp\/v2\/posts\/1693\/revisions"}],"predecessor-version":[{"id":1718,"href":"https:\/\/dublagembrasileira.com.br\/index.php?rest_route=\/wp\/v2\/posts\/1693\/revisions\/1718"}],"wp:featuredmedia":[{"embeddable":true,"href":"https:\/\/dublagembrasileira.com.br\/index.php?rest_route=\/wp\/v2\/media\/1694"}],"wp:attachment":[{"href":"https:\/\/dublagembrasileira.com.br\/index.php?rest_route=%2Fwp%2Fv2%2Fmedia&parent=1693"}],"wp:term":[{"taxonomy":"category","embeddable":true,"href":"https:\/\/dublagembrasileira.com.br\/index.php?rest_route=%2Fwp%2Fv2%2Fcategories&post=1693"},{"taxonomy":"post_tag","embeddable":true,"href":"https:\/\/dublagembrasileira.com.br\/index.php?rest_route=%2Fwp%2Fv2%2Ftags&post=1693"}],"curies":[{"name":"wp","href":"https:\/\/api.w.org\/{rel}","templated":true}]}}