{"id":1482,"date":"2019-07-29T19:16:58","date_gmt":"2019-07-29T19:16:58","guid":{"rendered":"http:\/\/dublagembrasileira.com.br\/?p=1482"},"modified":"2019-08-16T13:05:04","modified_gmt":"2019-08-16T13:05:04","slug":"ganhe-um-par-de-convites-para-a-estreia-de-my-hero-academia-2-herois","status":"publish","type":"post","link":"https:\/\/dublagembrasileira.com.br\/?p=1482","title":{"rendered":"Ganhe um par de convites para a estreia de My Hero Academia: 2 Her\u00f3is."},"content":{"rendered":"<h4><em>Sess\u00e3o especial ser\u00e1 no dia 4 de agosto e ter\u00e1 a presen\u00e7a dos dubladores.<\/em><\/h4>\n<hr \/>\n<p style=\"text-align: justify;\">No dia 4 de agosto a Sato Company promove uma sess\u00e3o especial de<strong> My Hero Academia: 2 Her\u00f3is<\/strong>, com a presen\u00e7a dos dubladores brasileiros do filme. Parte desse elenco de vozes foi anunciado <a href=\"http:\/\/dublagembrasileira.com.br\/?s=My+Hero+Academia\">aqui no site<\/a>.<\/p>\n<p style=\"text-align: justify;\">Atrav\u00e9s do seu Instagram o dublador Guilherme Briggs, voz do her\u00f3i All Might, est\u00e1 oferecendo dois pares de convites para o evento. Para ganhar basta escrever na <a href=\"https:\/\/www.instagram.com\/p\/B0eqEeggfKf\/?utm_source=ig_web_copy_link\">postagem<\/a> exclusiva da promo\u00e7\u00e3o no <a href=\"https:\/\/www.instagram.com\/guilhermebriggs\">Instagram<\/a> do dublador, uma frase criativa envolvendo o universo de <strong>My Hero Academia<\/strong> e seus personagens. Os dois autores das frases mais criativas, escolhidas por uma comiss\u00e3o, v\u00e3o ganhar dois pares de ingressos com direito a acompanhante para a sess\u00e3o especial. O resultado sai no dia 31 de julho \u00e0s 20h nas redes sociais de Guilherme Briggs.<\/p>\n<p style=\"text-align: justify;\">O filme conta a hist\u00f3ria de Deku e All Might que recebem um convite para a I-Expo, a principal exposi\u00e7\u00e3o mundial de habilidades Quirk onde ir\u00e3o conhecer as mais novas inven\u00e7\u00f5es para her\u00f3is. No evento, Deku conhece Melissa, uma menina que \u00e9 Quirkless (sem poderes) como ele j\u00e1 foi um dia. De repente, o poderoso sistema de seguran\u00e7a da I-Expo \u00e9 invadido por vil\u00f5es e um plano sinistro \u00e9 posto em a\u00e7\u00e3o amea\u00e7ando a sociedade de her\u00f3is. Somente um homem det\u00e9m a chave para tudo \u2013 o todo poderoso s\u00edmbolo da paz: All Might.<\/p>\n<p style=\"text-align: justify;\"><span class=\"st\"><strong>My Hero Academia: 2 Her\u00f3is<\/strong> estreia no Brasil no dia 8 de agosto.<\/span><\/p>\n<blockquote class=\"instagram-media\" style=\"background: #FFF; border: 0; border-radius: 3px; box-shadow: 0 0 1px 0 rgba(0,0,0,0.5),0 1px 10px 0 rgba(0,0,0,0.15); margin: 1px; max-width: 540px; min-width: 326px; padding: 0; width: calc(100% - 2px);\" data-instgrm-captioned=\"\" data-instgrm-permalink=\"https:\/\/www.instagram.com\/p\/B0eqEeggfKf\/\" data-instgrm-version=\"12\">\n<div style=\"padding: 16px;\">\n<p>&nbsp;<\/p>\n<div style=\"display: flex; flex-direction: row; align-items: center;\">\n<div style=\"background-color: #f4f4f4; border-radius: 50%; flex-grow: 0; height: 40px; margin-right: 14px; width: 40px;\"><\/div>\n<div style=\"display: flex; flex-direction: column; flex-grow: 1; justify-content: center;\">\n<div style=\"background-color: #f4f4f4; border-radius: 4px; flex-grow: 0; height: 14px; margin-bottom: 6px; width: 100px;\"><\/div>\n<div style=\"background-color: #f4f4f4; border-radius: 4px; flex-grow: 0; height: 14px; width: 60px;\"><\/div>\n<\/div>\n<\/div>\n<div style=\"padding: 19% 0;\"><\/div>\n<div style=\"display: block; height: 50px; margin: 0 auto 12px; width: 50px;\"><\/div>\n<div style=\"padding-top: 8px;\">\n<div style=\"color: #3897f0; font-family: Arial,sans-serif; font-size: 14px; font-style: normal; font-weight: 550; line-height: 18px;\">Ver essa foto no Instagram<\/div>\n<\/div>\n<div style=\"padding: 12.5% 0;\"><\/div>\n<div style=\"display: flex; flex-direction: row; margin-bottom: 14px; align-items: center;\">\n<div>\n<div style=\"background-color: #f4f4f4; border-radius: 50%; height: 12.5px; width: 12.5px; transform: translateX(0px) translateY(7px);\"><\/div>\n<div style=\"background-color: #f4f4f4; height: 12.5px; transform: rotate(-45deg) translateX(3px) translateY(1px); width: 12.5px; flex-grow: 0; margin-right: 14px; margin-left: 2px;\"><\/div>\n<div style=\"background-color: #f4f4f4; border-radius: 50%; height: 12.5px; width: 12.5px; transform: translateX(9px) translateY(-18px);\"><\/div>\n<\/div>\n<div style=\"margin-left: 8px;\">\n<div style=\"background-color: #f4f4f4; border-radius: 50%; flex-grow: 0; height: 20px; width: 20px;\"><\/div>\n<div style=\"width: 0; height: 0; border-top: 2px solid transparent; border-left: 6px solid #f4f4f4; border-bottom: 2px solid transparent; transform: translateX(16px) translateY(-4px) rotate(30deg);\"><\/div>\n<\/div>\n<div style=\"margin-left: auto;\">\n<div style=\"width: 0px; border-top: 8px solid #F4F4F4; border-right: 8px solid transparent; transform: translateY(16px);\"><\/div>\n<div style=\"background-color: #f4f4f4; flex-grow: 0; height: 12px; width: 16px; transform: translateY(-4px);\"><\/div>\n<div style=\"width: 0; height: 0; border-top: 8px solid #F4F4F4; border-left: 8px solid transparent; transform: translateY(-4px) translateX(8px);\"><\/div>\n<\/div>\n<\/div>\n<p>&nbsp;<\/p>\n<p style=\"margin: 8px 0 0 0; padding: 0 4px;\"><a style=\"color: #000; font-family: Arial,sans-serif; font-size: 14px; font-style: normal; font-weight: normal; line-height: 17px; text-decoration: none; word-wrap: break-word;\" href=\"https:\/\/www.instagram.com\/p\/B0eqEeggfKf\/\" target=\"_blank\" rel=\"noopener\">Quer ganhar convites para a vers\u00e3o dublada de MY HERO ACADEMIA: 2 HER\u00d3IS? Escreva somente AQUI, nesta postagem exclusiva do Instagram, uma frase criativa que envolva o universo de My Hero Academia e seus personagens! Os dois autores das frases mais criativas, escolhidas pela minha equipe, v\u00e3o ganhar dois pares de ingressos com direito a acompanhante para a SESS\u00c3O ESPECIAL com os DUBLADORES no dia 4 de AGOSTO \u00e0s 9:00 da manh\u00e3, na capital de S\u00c3O PAULO! Eu tamb\u00e9m vou estar presente! &#x1f604;&#x2764; Qualquer pessoa pode participar, desde que esteja em S\u00e3o Paulo no dia. O resultado sai no dia 31, \u00e0s 20:00 nas minhas redes sociais! O que est\u00e1 esperando? Escreva logo sua frase criativa! Boa sorte, jovem!!! &#x1f604;&#x2764;<\/a><\/p>\n<p style=\"color: #c9c8cd; font-family: Arial,sans-serif; font-size: 14px; line-height: 17px; margin-bottom: 0; margin-top: 8px; overflow: hidden; padding: 8px 0 7px; text-align: center; text-overflow: ellipsis; white-space: nowrap;\">Uma publica\u00e7\u00e3o compartilhada por <a style=\"color: #c9c8cd; font-family: Arial,sans-serif; font-size: 14px; font-style: normal; font-weight: normal; line-height: 17px;\" href=\"https:\/\/www.instagram.com\/guilhermebriggs\/\" target=\"_blank\" rel=\"noopener\"> Guilherme Briggs<\/a> (@guilhermebriggs) em <time style=\"font-family: Arial,sans-serif; font-size: 14px; line-height: 17px;\" datetime=\"2019-07-28T23:33:34+00:00\">28 de Jul, 2019 \u00e0s 4:33 PDT<\/time><\/p>\n<\/div>\n<\/blockquote>\n<p><script async src=\"\/\/www.instagram.com\/embed.js\"><\/script><\/p>\n","protected":false},"excerpt":{"rendered":"<p>Sess\u00e3o especial ser\u00e1 no dia 4 de agosto e ter\u00e1 a presen\u00e7a dos dubladores. No dia 4 de agosto a Sato Company promove uma sess\u00e3o especial de My Hero Academia: 2 Her\u00f3is, com a presen\u00e7a dos dubladores brasileiros do filme. Parte desse elenco de vozes foi anunciado aqui no site. Atrav\u00e9s do seu Instagram o dublador Guilherme Briggs, voz do her\u00f3i All Might, est\u00e1 oferecendo dois pares de convites para o evento. Para ganhar basta escrever na postagem exclusiva da promo\u00e7\u00e3o no Instagram do dublador, uma frase criativa envolvendo o universo de My Hero Academia e seus personagens. Os dois autores das frases mais criativas, escolhidas por uma comiss\u00e3o, v\u00e3o ganhar dois pares de ingressos com direito a acompanhante para a sess\u00e3o especial. O resultado sai no dia 31 de julho \u00e0s 20h nas redes sociais de Guilherme Briggs. O filme conta a hist\u00f3ria de Deku e All Might que recebem um convite para a I-Expo, a principal exposi\u00e7\u00e3o mundial de habilidades Quirk onde ir\u00e3o conhecer as mais novas inven\u00e7\u00f5es para her\u00f3is. No evento, Deku conhece Melissa, uma menina que \u00e9 Quirkless (sem poderes) como ele j\u00e1 foi um dia. De repente, o poderoso sistema de seguran\u00e7a da I-Expo \u00e9 invadido por vil\u00f5es e um plano sinistro \u00e9 posto em a\u00e7\u00e3o amea\u00e7ando a sociedade de her\u00f3is. Somente um homem det\u00e9m a chave para tudo \u2013 o todo poderoso s\u00edmbolo da paz: All Might. My Hero Academia: 2 Her\u00f3is estreia no Brasil no dia 8 de agosto. &nbsp; Ver essa foto no Instagram &nbsp; Quer ganhar convites para a vers\u00e3o dublada de MY HERO ACADEMIA: 2 HER\u00d3IS? Escreva somente AQUI, nesta postagem exclusiva do Instagram, uma frase criativa que envolva o universo de My Hero Academia e seus personagens! Os dois autores das frases mais criativas, escolhidas pela minha equipe, v\u00e3o ganhar dois pares de ingressos com direito a acompanhante para a SESS\u00c3O ESPECIAL com os DUBLADORES no dia 4 de AGOSTO \u00e0s 9:00 da manh\u00e3, na capital de S\u00c3O PAULO! Eu tamb\u00e9m vou estar presente! &#x1f604;&#x2764; Qualquer pessoa pode participar, desde que esteja em S\u00e3o Paulo no dia. O resultado sai no dia 31, \u00e0s 20:00 nas minhas redes sociais! O que est\u00e1 esperando? Escreva logo sua frase criativa! Boa sorte, jovem!!! &#x1f604;&#x2764; Uma publica\u00e7\u00e3o compartilhada por Guilherme Briggs (@guilhermebriggs) em 28 de Jul, 2019 \u00e0s 4:33 PDT<\/p>\n","protected":false},"author":1,"featured_media":412,"comment_status":"open","ping_status":"open","sticky":false,"template":"","format":"standard","meta":{"_monsterinsights_skip_tracking":false,"_monsterinsights_sitenote_active":false,"_monsterinsights_sitenote_note":"","_monsterinsights_sitenote_category":0,"footnotes":""},"categories":[21,13,9],"tags":[127,124,33,34,27,66,107,145],"class_list":["post-1482","post","type-post","status-publish","format-standard","has-post-thumbnail","hentry","category-acontece","category-noticias","category-outras-midias","tag-dubla","tag-dublado","tag-dublador","tag-dubladora","tag-dublagem","tag-evento","tag-instagram","tag-rede-social"],"yoast_head":"<!-- This site is optimized with the Yoast SEO plugin v26.1.1 - https:\/\/yoast.com\/wordpress\/plugins\/seo\/ -->\n<title>Ganhe um par de convites para a estreia de My Hero Academia: 2 Her\u00f3is. | DB - Dublagem Brasileira<\/title>\n<meta name=\"description\" content=\"Ganhe um par de convites para a estreia de My Hero Academia: 2 Her\u00f3is. Sess\u00e3o especial ser\u00e1 no dia 4 de agosto e ter\u00e1 a presen\u00e7a dos dubladores.\" \/>\n<meta name=\"robots\" content=\"index, follow, max-snippet:-1, max-image-preview:large, max-video-preview:-1\" \/>\n<link rel=\"canonical\" href=\"https:\/\/dublagembrasileira.com.br\/?p=1482\" \/>\n<meta property=\"og:locale\" content=\"pt_BR\" \/>\n<meta property=\"og:type\" content=\"article\" \/>\n<meta property=\"og:title\" content=\"Ganhe um par de convites para a estreia de My Hero Academia: 2 Her\u00f3is. | DB - Dublagem Brasileira\" \/>\n<meta property=\"og:description\" content=\"Ganhe um par de convites para a estreia de My Hero Academia: 2 Her\u00f3is. Sess\u00e3o especial ser\u00e1 no dia 4 de agosto e ter\u00e1 a presen\u00e7a dos dubladores.\" \/>\n<meta property=\"og:url\" content=\"https:\/\/dublagembrasileira.com.br\/?p=1482\" \/>\n<meta property=\"og:site_name\" content=\"DB - Dublagem Brasileira\" \/>\n<meta property=\"article:published_time\" content=\"2019-07-29T19:16:58+00:00\" \/>\n<meta property=\"article:modified_time\" content=\"2019-08-16T13:05:04+00:00\" \/>\n<meta property=\"og:image\" content=\"https:\/\/dublagembrasileira.com.br\/wp-content\/uploads\/2019\/07\/myhero2.jpg\" \/>\n\t<meta property=\"og:image:width\" content=\"674\" \/>\n\t<meta property=\"og:image:height\" content=\"475\" \/>\n\t<meta property=\"og:image:type\" content=\"image\/jpeg\" \/>\n<meta name=\"author\" content=\"Iza\u00edas Correia\" \/>\n<meta name=\"twitter:card\" content=\"summary_large_image\" \/>\n<meta name=\"twitter:label1\" content=\"Escrito por\" \/>\n\t<meta name=\"twitter:data1\" content=\"Iza\u00edas Correia\" \/>\n\t<meta name=\"twitter:label2\" content=\"Est. tempo de leitura\" \/>\n\t<meta name=\"twitter:data2\" content=\"2 minutos\" \/>\n<script type=\"application\/ld+json\" class=\"yoast-schema-graph\">{\"@context\":\"https:\/\/schema.org\",\"@graph\":[{\"@type\":\"Article\",\"@id\":\"https:\/\/dublagembrasileira.com.br\/?p=1482#article\",\"isPartOf\":{\"@id\":\"https:\/\/dublagembrasileira.com.br\/?p=1482\"},\"author\":{\"name\":\"Iza\u00edas Correia\",\"@id\":\"https:\/\/dublagembrasileira.com.br\/#\/schema\/person\/6298fd46a47d1ef447a90b2fc9f2b215\"},\"headline\":\"Ganhe um par de convites para a estreia de My Hero Academia: 2 Her\u00f3is.\",\"datePublished\":\"2019-07-29T19:16:58+00:00\",\"dateModified\":\"2019-08-16T13:05:04+00:00\",\"mainEntityOfPage\":{\"@id\":\"https:\/\/dublagembrasileira.com.br\/?p=1482\"},\"wordCount\":420,\"commentCount\":0,\"publisher\":{\"@id\":\"https:\/\/dublagembrasileira.com.br\/#organization\"},\"image\":{\"@id\":\"https:\/\/dublagembrasileira.com.br\/?p=1482#primaryimage\"},\"thumbnailUrl\":\"https:\/\/dublagembrasileira.com.br\/wp-content\/uploads\/2019\/07\/myhero2.jpg\",\"keywords\":[\"dubla\",\"dublado\",\"dublador\",\"dubladora\",\"dublagem\",\"evento\",\"instagram\",\"rede social\"],\"articleSection\":[\"Acontece\",\"Not\u00edcias\",\"Outras m\u00eddias\"],\"inLanguage\":\"pt-BR\",\"potentialAction\":[{\"@type\":\"CommentAction\",\"name\":\"Comment\",\"target\":[\"https:\/\/dublagembrasileira.com.br\/?p=1482#respond\"]}]},{\"@type\":\"WebPage\",\"@id\":\"https:\/\/dublagembrasileira.com.br\/?p=1482\",\"url\":\"https:\/\/dublagembrasileira.com.br\/?p=1482\",\"name\":\"Ganhe um par de convites para a estreia de My Hero Academia: 2 Her\u00f3is. | DB - Dublagem Brasileira\",\"isPartOf\":{\"@id\":\"https:\/\/dublagembrasileira.com.br\/#website\"},\"primaryImageOfPage\":{\"@id\":\"https:\/\/dublagembrasileira.com.br\/?p=1482#primaryimage\"},\"image\":{\"@id\":\"https:\/\/dublagembrasileira.com.br\/?p=1482#primaryimage\"},\"thumbnailUrl\":\"https:\/\/dublagembrasileira.com.br\/wp-content\/uploads\/2019\/07\/myhero2.jpg\",\"datePublished\":\"2019-07-29T19:16:58+00:00\",\"dateModified\":\"2019-08-16T13:05:04+00:00\",\"description\":\"Ganhe um par de convites para a estreia de My Hero Academia: 2 Her\u00f3is. Sess\u00e3o especial ser\u00e1 no dia 4 de agosto e ter\u00e1 a presen\u00e7a dos dubladores.\",\"breadcrumb\":{\"@id\":\"https:\/\/dublagembrasileira.com.br\/?p=1482#breadcrumb\"},\"inLanguage\":\"pt-BR\",\"potentialAction\":[{\"@type\":\"ReadAction\",\"target\":[\"https:\/\/dublagembrasileira.com.br\/?p=1482\"]}]},{\"@type\":\"ImageObject\",\"inLanguage\":\"pt-BR\",\"@id\":\"https:\/\/dublagembrasileira.com.br\/?p=1482#primaryimage\",\"url\":\"https:\/\/dublagembrasileira.com.br\/wp-content\/uploads\/2019\/07\/myhero2.jpg\",\"contentUrl\":\"https:\/\/dublagembrasileira.com.br\/wp-content\/uploads\/2019\/07\/myhero2.jpg\",\"width\":674,\"height\":475},{\"@type\":\"BreadcrumbList\",\"@id\":\"https:\/\/dublagembrasileira.com.br\/?p=1482#breadcrumb\",\"itemListElement\":[{\"@type\":\"ListItem\",\"position\":1,\"name\":\"In\u00edcio\",\"item\":\"https:\/\/dublagembrasileira.com.br\/\"},{\"@type\":\"ListItem\",\"position\":2,\"name\":\"Ganhe um par de convites para a estreia de My Hero Academia: 2 Her\u00f3is.\"}]},{\"@type\":\"WebSite\",\"@id\":\"https:\/\/dublagembrasileira.com.br\/#website\",\"url\":\"https:\/\/dublagembrasileira.com.br\/\",\"name\":\"DB - Dublagem Brasileira\",\"description\":\"O seu portal de dublagem.\",\"publisher\":{\"@id\":\"https:\/\/dublagembrasileira.com.br\/#organization\"},\"potentialAction\":[{\"@type\":\"SearchAction\",\"target\":{\"@type\":\"EntryPoint\",\"urlTemplate\":\"https:\/\/dublagembrasileira.com.br\/?s={search_term_string}\"},\"query-input\":{\"@type\":\"PropertyValueSpecification\",\"valueRequired\":true,\"valueName\":\"search_term_string\"}}],\"inLanguage\":\"pt-BR\"},{\"@type\":\"Organization\",\"@id\":\"https:\/\/dublagembrasileira.com.br\/#organization\",\"name\":\"DB - Dublagem Brasileira\",\"url\":\"https:\/\/dublagembrasileira.com.br\/\",\"logo\":{\"@type\":\"ImageObject\",\"inLanguage\":\"pt-BR\",\"@id\":\"https:\/\/dublagembrasileira.com.br\/#\/schema\/logo\/image\/\",\"url\":\"https:\/\/dublagembrasileira.com.br\/wp-content\/uploads\/2019\/07\/cropped-logotipodb.png\",\"contentUrl\":\"https:\/\/dublagembrasileira.com.br\/wp-content\/uploads\/2019\/07\/cropped-logotipodb.png\",\"width\":946,\"height\":589,\"caption\":\"DB - Dublagem Brasileira\"},\"image\":{\"@id\":\"https:\/\/dublagembrasileira.com.br\/#\/schema\/logo\/image\/\"}},{\"@type\":\"Person\",\"@id\":\"https:\/\/dublagembrasileira.com.br\/#\/schema\/person\/6298fd46a47d1ef447a90b2fc9f2b215\",\"name\":\"Iza\u00edas Correia\",\"image\":{\"@type\":\"ImageObject\",\"inLanguage\":\"pt-BR\",\"@id\":\"https:\/\/dublagembrasileira.com.br\/#\/schema\/person\/image\/\",\"url\":\"http:\/\/dublagembrasileira.com.br\/wp-content\/uploads\/2025\/06\/cropped-izaiascorreia-96x96.jpg\",\"contentUrl\":\"http:\/\/dublagembrasileira.com.br\/wp-content\/uploads\/2025\/06\/cropped-izaiascorreia-96x96.jpg\",\"caption\":\"Iza\u00edas Correia\"},\"description\":\"Professor, roteirista e web-designer, respons\u00e1vel pelo site InfanTv. Tamb\u00e9m \u00e9 pesquisador da dublagem brasileira.\",\"url\":\"https:\/\/dublagembrasileira.com.br\/?author=1\"}]}<\/script>\n<!-- \/ Yoast SEO plugin. -->","yoast_head_json":{"title":"Ganhe um par de convites para a estreia de My Hero Academia: 2 Her\u00f3is. | DB - Dublagem Brasileira","description":"Ganhe um par de convites para a estreia de My Hero Academia: 2 Her\u00f3is. Sess\u00e3o especial ser\u00e1 no dia 4 de agosto e ter\u00e1 a presen\u00e7a dos dubladores.","robots":{"index":"index","follow":"follow","max-snippet":"max-snippet:-1","max-image-preview":"max-image-preview:large","max-video-preview":"max-video-preview:-1"},"canonical":"https:\/\/dublagembrasileira.com.br\/?p=1482","og_locale":"pt_BR","og_type":"article","og_title":"Ganhe um par de convites para a estreia de My Hero Academia: 2 Her\u00f3is. | DB - Dublagem Brasileira","og_description":"Ganhe um par de convites para a estreia de My Hero Academia: 2 Her\u00f3is. Sess\u00e3o especial ser\u00e1 no dia 4 de agosto e ter\u00e1 a presen\u00e7a dos dubladores.","og_url":"https:\/\/dublagembrasileira.com.br\/?p=1482","og_site_name":"DB - Dublagem Brasileira","article_published_time":"2019-07-29T19:16:58+00:00","article_modified_time":"2019-08-16T13:05:04+00:00","og_image":[{"width":674,"height":475,"url":"https:\/\/dublagembrasileira.com.br\/wp-content\/uploads\/2019\/07\/myhero2.jpg","type":"image\/jpeg"}],"author":"Iza\u00edas Correia","twitter_card":"summary_large_image","twitter_misc":{"Escrito por":"Iza\u00edas Correia","Est. tempo de leitura":"2 minutos"},"schema":{"@context":"https:\/\/schema.org","@graph":[{"@type":"Article","@id":"https:\/\/dublagembrasileira.com.br\/?p=1482#article","isPartOf":{"@id":"https:\/\/dublagembrasileira.com.br\/?p=1482"},"author":{"name":"Iza\u00edas Correia","@id":"https:\/\/dublagembrasileira.com.br\/#\/schema\/person\/6298fd46a47d1ef447a90b2fc9f2b215"},"headline":"Ganhe um par de convites para a estreia de My Hero Academia: 2 Her\u00f3is.","datePublished":"2019-07-29T19:16:58+00:00","dateModified":"2019-08-16T13:05:04+00:00","mainEntityOfPage":{"@id":"https:\/\/dublagembrasileira.com.br\/?p=1482"},"wordCount":420,"commentCount":0,"publisher":{"@id":"https:\/\/dublagembrasileira.com.br\/#organization"},"image":{"@id":"https:\/\/dublagembrasileira.com.br\/?p=1482#primaryimage"},"thumbnailUrl":"https:\/\/dublagembrasileira.com.br\/wp-content\/uploads\/2019\/07\/myhero2.jpg","keywords":["dubla","dublado","dublador","dubladora","dublagem","evento","instagram","rede social"],"articleSection":["Acontece","Not\u00edcias","Outras m\u00eddias"],"inLanguage":"pt-BR","potentialAction":[{"@type":"CommentAction","name":"Comment","target":["https:\/\/dublagembrasileira.com.br\/?p=1482#respond"]}]},{"@type":"WebPage","@id":"https:\/\/dublagembrasileira.com.br\/?p=1482","url":"https:\/\/dublagembrasileira.com.br\/?p=1482","name":"Ganhe um par de convites para a estreia de My Hero Academia: 2 Her\u00f3is. | DB - Dublagem Brasileira","isPartOf":{"@id":"https:\/\/dublagembrasileira.com.br\/#website"},"primaryImageOfPage":{"@id":"https:\/\/dublagembrasileira.com.br\/?p=1482#primaryimage"},"image":{"@id":"https:\/\/dublagembrasileira.com.br\/?p=1482#primaryimage"},"thumbnailUrl":"https:\/\/dublagembrasileira.com.br\/wp-content\/uploads\/2019\/07\/myhero2.jpg","datePublished":"2019-07-29T19:16:58+00:00","dateModified":"2019-08-16T13:05:04+00:00","description":"Ganhe um par de convites para a estreia de My Hero Academia: 2 Her\u00f3is. Sess\u00e3o especial ser\u00e1 no dia 4 de agosto e ter\u00e1 a presen\u00e7a dos dubladores.","breadcrumb":{"@id":"https:\/\/dublagembrasileira.com.br\/?p=1482#breadcrumb"},"inLanguage":"pt-BR","potentialAction":[{"@type":"ReadAction","target":["https:\/\/dublagembrasileira.com.br\/?p=1482"]}]},{"@type":"ImageObject","inLanguage":"pt-BR","@id":"https:\/\/dublagembrasileira.com.br\/?p=1482#primaryimage","url":"https:\/\/dublagembrasileira.com.br\/wp-content\/uploads\/2019\/07\/myhero2.jpg","contentUrl":"https:\/\/dublagembrasileira.com.br\/wp-content\/uploads\/2019\/07\/myhero2.jpg","width":674,"height":475},{"@type":"BreadcrumbList","@id":"https:\/\/dublagembrasileira.com.br\/?p=1482#breadcrumb","itemListElement":[{"@type":"ListItem","position":1,"name":"In\u00edcio","item":"https:\/\/dublagembrasileira.com.br\/"},{"@type":"ListItem","position":2,"name":"Ganhe um par de convites para a estreia de My Hero Academia: 2 Her\u00f3is."}]},{"@type":"WebSite","@id":"https:\/\/dublagembrasileira.com.br\/#website","url":"https:\/\/dublagembrasileira.com.br\/","name":"DB - Dublagem Brasileira","description":"O seu portal de dublagem.","publisher":{"@id":"https:\/\/dublagembrasileira.com.br\/#organization"},"potentialAction":[{"@type":"SearchAction","target":{"@type":"EntryPoint","urlTemplate":"https:\/\/dublagembrasileira.com.br\/?s={search_term_string}"},"query-input":{"@type":"PropertyValueSpecification","valueRequired":true,"valueName":"search_term_string"}}],"inLanguage":"pt-BR"},{"@type":"Organization","@id":"https:\/\/dublagembrasileira.com.br\/#organization","name":"DB - Dublagem Brasileira","url":"https:\/\/dublagembrasileira.com.br\/","logo":{"@type":"ImageObject","inLanguage":"pt-BR","@id":"https:\/\/dublagembrasileira.com.br\/#\/schema\/logo\/image\/","url":"https:\/\/dublagembrasileira.com.br\/wp-content\/uploads\/2019\/07\/cropped-logotipodb.png","contentUrl":"https:\/\/dublagembrasileira.com.br\/wp-content\/uploads\/2019\/07\/cropped-logotipodb.png","width":946,"height":589,"caption":"DB - Dublagem Brasileira"},"image":{"@id":"https:\/\/dublagembrasileira.com.br\/#\/schema\/logo\/image\/"}},{"@type":"Person","@id":"https:\/\/dublagembrasileira.com.br\/#\/schema\/person\/6298fd46a47d1ef447a90b2fc9f2b215","name":"Iza\u00edas Correia","image":{"@type":"ImageObject","inLanguage":"pt-BR","@id":"https:\/\/dublagembrasileira.com.br\/#\/schema\/person\/image\/","url":"http:\/\/dublagembrasileira.com.br\/wp-content\/uploads\/2025\/06\/cropped-izaiascorreia-96x96.jpg","contentUrl":"http:\/\/dublagembrasileira.com.br\/wp-content\/uploads\/2025\/06\/cropped-izaiascorreia-96x96.jpg","caption":"Iza\u00edas Correia"},"description":"Professor, roteirista e web-designer, respons\u00e1vel pelo site InfanTv. Tamb\u00e9m \u00e9 pesquisador da dublagem brasileira.","url":"https:\/\/dublagembrasileira.com.br\/?author=1"}]}},"rttpg_featured_image_url":{"full":["https:\/\/dublagembrasileira.com.br\/wp-content\/uploads\/2019\/07\/myhero2.jpg",674,475,false],"landscape":["https:\/\/dublagembrasileira.com.br\/wp-content\/uploads\/2019\/07\/myhero2.jpg",674,475,false],"portraits":["https:\/\/dublagembrasileira.com.br\/wp-content\/uploads\/2019\/07\/myhero2.jpg",674,475,false],"thumbnail":["https:\/\/dublagembrasileira.com.br\/wp-content\/uploads\/2019\/07\/myhero2-150x150.jpg",150,150,true],"medium":["https:\/\/dublagembrasileira.com.br\/wp-content\/uploads\/2019\/07\/myhero2-300x211.jpg",300,211,true],"large":["https:\/\/dublagembrasileira.com.br\/wp-content\/uploads\/2019\/07\/myhero2.jpg",640,451,false],"1536x1536":["https:\/\/dublagembrasileira.com.br\/wp-content\/uploads\/2019\/07\/myhero2.jpg",674,475,false],"2048x2048":["https:\/\/dublagembrasileira.com.br\/wp-content\/uploads\/2019\/07\/myhero2.jpg",674,475,false],"eggnews-slider-large":["https:\/\/dublagembrasileira.com.br\/wp-content\/uploads\/2019\/07\/myhero2.jpg",674,475,false],"eggnews-featured-medium":["https:\/\/dublagembrasileira.com.br\/wp-content\/uploads\/2019\/07\/myhero2-420x307.jpg",420,307,true],"eggnews-featured-long":["https:\/\/dublagembrasileira.com.br\/wp-content\/uploads\/2019\/07\/myhero2-300x443.jpg",300,443,true],"eggnews-block-medium":["https:\/\/dublagembrasileira.com.br\/wp-content\/uploads\/2019\/07\/myhero2-464x290.jpg",464,290,true],"eggnews-carousel-image":["https:\/\/dublagembrasileira.com.br\/wp-content\/uploads\/2019\/07\/myhero2-600x475.jpg",600,475,true],"eggnews-block-thumb":["https:\/\/dublagembrasileira.com.br\/wp-content\/uploads\/2019\/07\/myhero2-322x230.jpg",322,230,true],"eggnews-single-large":["https:\/\/dublagembrasileira.com.br\/wp-content\/uploads\/2019\/07\/myhero2.jpg",674,475,false],"crp_thumbnail":["https:\/\/dublagembrasileira.com.br\/wp-content\/uploads\/2019\/07\/myhero2.jpg",150,106,false]},"rttpg_author":{"display_name":"Iza\u00edas Correia","author_link":"https:\/\/dublagembrasileira.com.br\/?author=1"},"rttpg_comment":2,"rttpg_category":"<a href=\"https:\/\/dublagembrasileira.com.br\/?cat=21\" rel=\"category\">Acontece<\/a> <a href=\"https:\/\/dublagembrasileira.com.br\/?cat=13\" rel=\"category\">Not\u00edcias<\/a> <a href=\"https:\/\/dublagembrasileira.com.br\/?cat=9\" rel=\"category\">Outras m\u00eddias<\/a>","rttpg_excerpt":"Sess\u00e3o especial ser\u00e1 no dia 4 de agosto e ter\u00e1 a presen\u00e7a dos dubladores. No dia 4 de agosto a Sato Company promove uma sess\u00e3o especial de My Hero Academia: 2 Her\u00f3is, com a presen\u00e7a dos dubladores brasileiros do filme. Parte desse elenco de vozes foi anunciado aqui no site. Atrav\u00e9s do seu Instagram o&hellip;","_links":{"self":[{"href":"https:\/\/dublagembrasileira.com.br\/index.php?rest_route=\/wp\/v2\/posts\/1482","targetHints":{"allow":["GET"]}}],"collection":[{"href":"https:\/\/dublagembrasileira.com.br\/index.php?rest_route=\/wp\/v2\/posts"}],"about":[{"href":"https:\/\/dublagembrasileira.com.br\/index.php?rest_route=\/wp\/v2\/types\/post"}],"author":[{"embeddable":true,"href":"https:\/\/dublagembrasileira.com.br\/index.php?rest_route=\/wp\/v2\/users\/1"}],"replies":[{"embeddable":true,"href":"https:\/\/dublagembrasileira.com.br\/index.php?rest_route=%2Fwp%2Fv2%2Fcomments&post=1482"}],"version-history":[{"count":3,"href":"https:\/\/dublagembrasileira.com.br\/index.php?rest_route=\/wp\/v2\/posts\/1482\/revisions"}],"predecessor-version":[{"id":1485,"href":"https:\/\/dublagembrasileira.com.br\/index.php?rest_route=\/wp\/v2\/posts\/1482\/revisions\/1485"}],"wp:featuredmedia":[{"embeddable":true,"href":"https:\/\/dublagembrasileira.com.br\/index.php?rest_route=\/wp\/v2\/media\/412"}],"wp:attachment":[{"href":"https:\/\/dublagembrasileira.com.br\/index.php?rest_route=%2Fwp%2Fv2%2Fmedia&parent=1482"}],"wp:term":[{"taxonomy":"category","embeddable":true,"href":"https:\/\/dublagembrasileira.com.br\/index.php?rest_route=%2Fwp%2Fv2%2Fcategories&post=1482"},{"taxonomy":"post_tag","embeddable":true,"href":"https:\/\/dublagembrasileira.com.br\/index.php?rest_route=%2Fwp%2Fv2%2Ftags&post=1482"}],"curies":[{"name":"wp","href":"https:\/\/api.w.org\/{rel}","templated":true}]}}