{"id":1389,"date":"2019-07-27T19:48:33","date_gmt":"2019-07-27T19:48:33","guid":{"rendered":"http:\/\/dublagembrasileira.com.br\/?p=1389"},"modified":"2019-08-02T13:56:24","modified_gmt":"2019-08-02T13:56:24","slug":"miriam-ficher-participa-de-evento-em-belo-horizonte","status":"publish","type":"post","link":"https:\/\/dublagembrasileira.com.br\/?p=1389","title":{"rendered":"Miriam Ficher participa de evento em Belo Horizonte."},"content":{"rendered":"<h4 style=\"text-align: justify;\"><em>Dubladora conversou com o p\u00fablico sobre sua trajet\u00f3ria profissional em mostra da Dreamworks.<\/em><\/h4>\n<hr \/>\n<p style=\"text-align: justify;\">Como noticiado <a href=\"http:\/\/dublagembrasileira.com.br\/?p=1169\">aqui<\/a>, a dubladora Miriam Ficher esteve em Belo Horizonte na \u00faltima quinta-feira (25), para, dentro da programa\u00e7\u00e3o da mostra Dreamworks, que ocupa o CCBB BH at\u00e9 esta segunda (29), conversar com o p\u00fablico sobre os desafios de sua profiss\u00e3o.<\/p>\n<p style=\"text-align: justify;\">Durante o evento ela contou sobre seu in\u00edcio de carreira: \u201c\u00c0 \u00e9poca, as vozes de crian\u00e7as eram feitas por adultos, mas ela (Angela Bonatti) resolveu convidar uma pr\u00e9-adolescente para dublar uma personagem nessa mesma faixa. Ela foi \u00e0 Globo, fiz o teste, passei e fiz meu primeiro trabalho, ao lado do Cl\u00e1udio Cavalcanti. E foi maravilhoso\u201d, recordou Ficher.<\/p>\n<p style=\"text-align: justify;\">Entre outras coisas comentou como \u00e9 ser reconhecida pela voz na rua: \u201cEu j\u00e1 sou faladeira por natureza. A\u00ed, vou ao supermercado, fico conversando na fila do caixa, e logo vejo algu\u00e9m arregalando o olho\u201d.<\/p>\n<p style=\"text-align: justify;\">Em outra pergunta foi levada a citar o maior desafio nessas quatro d\u00e9cadas de trabalho, e apontou o filme\u00a0<strong>Nell<\/strong> (1994), no qual Jodie Foster vivia uma jovem eremita que se comunicava por uma esp\u00e9cie de dialeto pr\u00f3prio. \u201cFalar daquele jeito foi desafiador\u201d, lembra. Ali\u00e1s, se pudesse escolher duas atrizes que gostaria de conhecer, citaria Jodie e Drew Barrymore.<\/p>\n<p>Mais informa\u00e7\u00f5es no <a href=\"http:\/\/culturabancodobrasil.com.br\/portal\/fabrica-de-sonhos-mostra-de-animacao\/\">site oficial<\/a> do evento.<\/p>\n","protected":false},"excerpt":{"rendered":"<p>Dubladora conversou com o p\u00fablico sobre sua trajet\u00f3ria profissional em mostra da Dreamworks. Como noticiado aqui, a dubladora Miriam Ficher esteve em Belo Horizonte na \u00faltima quinta-feira (25), para, dentro da programa\u00e7\u00e3o da mostra Dreamworks, que ocupa o CCBB BH at\u00e9 esta segunda (29), conversar com o p\u00fablico sobre os desafios de sua profiss\u00e3o. Durante o evento ela contou sobre seu in\u00edcio de carreira: \u201c\u00c0 \u00e9poca, as vozes de crian\u00e7as eram feitas por adultos, mas ela (Angela Bonatti) resolveu convidar uma pr\u00e9-adolescente para dublar uma personagem nessa mesma faixa. Ela foi \u00e0 Globo, fiz o teste, passei e fiz meu primeiro trabalho, ao lado do Cl\u00e1udio Cavalcanti. E foi maravilhoso\u201d, recordou Ficher. Entre outras coisas comentou como \u00e9 ser reconhecida pela voz na rua: \u201cEu j\u00e1 sou faladeira por natureza. A\u00ed, vou ao supermercado, fico conversando na fila do caixa, e logo vejo algu\u00e9m arregalando o olho\u201d. Em outra pergunta foi levada a citar o maior desafio nessas quatro d\u00e9cadas de trabalho, e apontou o filme\u00a0Nell (1994), no qual Jodie Foster vivia uma jovem eremita que se comunicava por uma esp\u00e9cie de dialeto pr\u00f3prio. \u201cFalar daquele jeito foi desafiador\u201d, lembra. Ali\u00e1s, se pudesse escolher duas atrizes que gostaria de conhecer, citaria Jodie e Drew Barrymore. Mais informa\u00e7\u00f5es no site oficial do evento.<\/p>\n","protected":false},"author":4,"featured_media":1390,"comment_status":"open","ping_status":"open","sticky":false,"template":"","format":"standard","meta":{"_monsterinsights_skip_tracking":false,"_monsterinsights_sitenote_active":false,"_monsterinsights_sitenote_note":"","_monsterinsights_sitenote_category":0,"footnotes":""},"categories":[21,13],"tags":[26,127,124,33,34,27,66],"class_list":["post-1389","post","type-post","status-publish","format-standard","has-post-thumbnail","hentry","category-acontece","category-noticias","tag-desenho","tag-dubla","tag-dublado","tag-dublador","tag-dubladora","tag-dublagem","tag-evento"],"yoast_head":"<!-- This site is optimized with the Yoast SEO plugin v26.1.1 - https:\/\/yoast.com\/wordpress\/plugins\/seo\/ -->\n<title>Miriam Ficher participa de evento em Belo Horizonte. | DB - Dublagem Brasileira<\/title>\n<meta name=\"description\" content=\"Miriam Ficher participa de evento em Belo Horizonte. Dubladora conversou com o p\u00fablico sobre sua trajet\u00f3ria profissional em mostra da Dreamworks.\" \/>\n<meta name=\"robots\" content=\"index, follow, max-snippet:-1, max-image-preview:large, max-video-preview:-1\" \/>\n<link rel=\"canonical\" href=\"https:\/\/dublagembrasileira.com.br\/?p=1389\" \/>\n<meta property=\"og:locale\" content=\"pt_BR\" \/>\n<meta property=\"og:type\" content=\"article\" \/>\n<meta property=\"og:title\" content=\"Miriam Ficher participa de evento em Belo Horizonte. | DB - Dublagem Brasileira\" \/>\n<meta property=\"og:description\" content=\"Miriam Ficher participa de evento em Belo Horizonte. Dubladora conversou com o p\u00fablico sobre sua trajet\u00f3ria profissional em mostra da Dreamworks.\" \/>\n<meta property=\"og:url\" content=\"https:\/\/dublagembrasileira.com.br\/?p=1389\" \/>\n<meta property=\"og:site_name\" content=\"DB - Dublagem Brasileira\" \/>\n<meta property=\"article:author\" content=\"https:\/\/www.facebook.com\/dublagembrasileira\" \/>\n<meta property=\"article:published_time\" content=\"2019-07-27T19:48:33+00:00\" \/>\n<meta property=\"article:modified_time\" content=\"2019-08-02T13:56:24+00:00\" \/>\n<meta property=\"og:image\" content=\"https:\/\/dublagembrasileira.com.br\/wp-content\/uploads\/2019\/07\/miriamficher2.jpg\" \/>\n\t<meta property=\"og:image:width\" content=\"704\" \/>\n\t<meta property=\"og:image:height\" content=\"496\" \/>\n\t<meta property=\"og:image:type\" content=\"image\/jpeg\" \/>\n<meta name=\"author\" content=\"Reda\u00e7\u00e3o\" \/>\n<meta name=\"twitter:card\" content=\"summary_large_image\" \/>\n<meta name=\"twitter:creator\" content=\"@dbdublagem\" \/>\n<meta name=\"twitter:label1\" content=\"Escrito por\" \/>\n\t<meta name=\"twitter:data1\" content=\"Reda\u00e7\u00e3o\" \/>\n\t<meta name=\"twitter:label2\" content=\"Est. tempo de leitura\" \/>\n\t<meta name=\"twitter:data2\" content=\"1 minuto\" \/>\n<script type=\"application\/ld+json\" class=\"yoast-schema-graph\">{\"@context\":\"https:\/\/schema.org\",\"@graph\":[{\"@type\":\"Article\",\"@id\":\"https:\/\/dublagembrasileira.com.br\/?p=1389#article\",\"isPartOf\":{\"@id\":\"https:\/\/dublagembrasileira.com.br\/?p=1389\"},\"author\":{\"name\":\"Reda\u00e7\u00e3o\",\"@id\":\"https:\/\/dublagembrasileira.com.br\/#\/schema\/person\/a75bac594c0e9a0b96508b7e124f20d1\"},\"headline\":\"Miriam Ficher participa de evento em Belo Horizonte.\",\"datePublished\":\"2019-07-27T19:48:33+00:00\",\"dateModified\":\"2019-08-02T13:56:24+00:00\",\"mainEntityOfPage\":{\"@id\":\"https:\/\/dublagembrasileira.com.br\/?p=1389\"},\"wordCount\":230,\"commentCount\":0,\"publisher\":{\"@id\":\"https:\/\/dublagembrasileira.com.br\/#organization\"},\"image\":{\"@id\":\"https:\/\/dublagembrasileira.com.br\/?p=1389#primaryimage\"},\"thumbnailUrl\":\"https:\/\/dublagembrasileira.com.br\/wp-content\/uploads\/2019\/07\/miriamficher2.jpg\",\"keywords\":[\"desenho\",\"dubla\",\"dublado\",\"dublador\",\"dubladora\",\"dublagem\",\"evento\"],\"articleSection\":[\"Acontece\",\"Not\u00edcias\"],\"inLanguage\":\"pt-BR\",\"potentialAction\":[{\"@type\":\"CommentAction\",\"name\":\"Comment\",\"target\":[\"https:\/\/dublagembrasileira.com.br\/?p=1389#respond\"]}]},{\"@type\":\"WebPage\",\"@id\":\"https:\/\/dublagembrasileira.com.br\/?p=1389\",\"url\":\"https:\/\/dublagembrasileira.com.br\/?p=1389\",\"name\":\"Miriam Ficher participa de evento em Belo Horizonte. | DB - Dublagem Brasileira\",\"isPartOf\":{\"@id\":\"https:\/\/dublagembrasileira.com.br\/#website\"},\"primaryImageOfPage\":{\"@id\":\"https:\/\/dublagembrasileira.com.br\/?p=1389#primaryimage\"},\"image\":{\"@id\":\"https:\/\/dublagembrasileira.com.br\/?p=1389#primaryimage\"},\"thumbnailUrl\":\"https:\/\/dublagembrasileira.com.br\/wp-content\/uploads\/2019\/07\/miriamficher2.jpg\",\"datePublished\":\"2019-07-27T19:48:33+00:00\",\"dateModified\":\"2019-08-02T13:56:24+00:00\",\"description\":\"Miriam Ficher participa de evento em Belo Horizonte. Dubladora conversou com o p\u00fablico sobre sua trajet\u00f3ria profissional em mostra da Dreamworks.\",\"breadcrumb\":{\"@id\":\"https:\/\/dublagembrasileira.com.br\/?p=1389#breadcrumb\"},\"inLanguage\":\"pt-BR\",\"potentialAction\":[{\"@type\":\"ReadAction\",\"target\":[\"https:\/\/dublagembrasileira.com.br\/?p=1389\"]}]},{\"@type\":\"ImageObject\",\"inLanguage\":\"pt-BR\",\"@id\":\"https:\/\/dublagembrasileira.com.br\/?p=1389#primaryimage\",\"url\":\"https:\/\/dublagembrasileira.com.br\/wp-content\/uploads\/2019\/07\/miriamficher2.jpg\",\"contentUrl\":\"https:\/\/dublagembrasileira.com.br\/wp-content\/uploads\/2019\/07\/miriamficher2.jpg\",\"width\":704,\"height\":496},{\"@type\":\"BreadcrumbList\",\"@id\":\"https:\/\/dublagembrasileira.com.br\/?p=1389#breadcrumb\",\"itemListElement\":[{\"@type\":\"ListItem\",\"position\":1,\"name\":\"In\u00edcio\",\"item\":\"https:\/\/dublagembrasileira.com.br\/\"},{\"@type\":\"ListItem\",\"position\":2,\"name\":\"Miriam Ficher participa de evento em Belo Horizonte.\"}]},{\"@type\":\"WebSite\",\"@id\":\"https:\/\/dublagembrasileira.com.br\/#website\",\"url\":\"https:\/\/dublagembrasileira.com.br\/\",\"name\":\"DB - Dublagem Brasileira\",\"description\":\"O seu portal de dublagem.\",\"publisher\":{\"@id\":\"https:\/\/dublagembrasileira.com.br\/#organization\"},\"potentialAction\":[{\"@type\":\"SearchAction\",\"target\":{\"@type\":\"EntryPoint\",\"urlTemplate\":\"https:\/\/dublagembrasileira.com.br\/?s={search_term_string}\"},\"query-input\":{\"@type\":\"PropertyValueSpecification\",\"valueRequired\":true,\"valueName\":\"search_term_string\"}}],\"inLanguage\":\"pt-BR\"},{\"@type\":\"Organization\",\"@id\":\"https:\/\/dublagembrasileira.com.br\/#organization\",\"name\":\"DB - Dublagem Brasileira\",\"url\":\"https:\/\/dublagembrasileira.com.br\/\",\"logo\":{\"@type\":\"ImageObject\",\"inLanguage\":\"pt-BR\",\"@id\":\"https:\/\/dublagembrasileira.com.br\/#\/schema\/logo\/image\/\",\"url\":\"https:\/\/dublagembrasileira.com.br\/wp-content\/uploads\/2019\/07\/cropped-logotipodb.png\",\"contentUrl\":\"https:\/\/dublagembrasileira.com.br\/wp-content\/uploads\/2019\/07\/cropped-logotipodb.png\",\"width\":946,\"height\":589,\"caption\":\"DB - Dublagem Brasileira\"},\"image\":{\"@id\":\"https:\/\/dublagembrasileira.com.br\/#\/schema\/logo\/image\/\"}},{\"@type\":\"Person\",\"@id\":\"https:\/\/dublagembrasileira.com.br\/#\/schema\/person\/a75bac594c0e9a0b96508b7e124f20d1\",\"name\":\"Reda\u00e7\u00e3o\",\"image\":{\"@type\":\"ImageObject\",\"inLanguage\":\"pt-BR\",\"@id\":\"https:\/\/dublagembrasileira.com.br\/#\/schema\/person\/image\/\",\"url\":\"http:\/\/dublagembrasileira.com.br\/wp-content\/uploads\/2025\/06\/admin-96x96.jpg\",\"contentUrl\":\"http:\/\/dublagembrasileira.com.br\/wp-content\/uploads\/2025\/06\/admin-96x96.jpg\",\"caption\":\"Reda\u00e7\u00e3o\"},\"description\":\"Equipe do DB.\",\"sameAs\":[\"https:\/\/www.facebook.com\/dublagembrasileira\",\"https:\/\/www.instagram.com\/dbdublagembrasileira\",\"https:\/\/x.com\/dbdublagem\"],\"url\":\"https:\/\/dublagembrasileira.com.br\/?author=4\"}]}<\/script>\n<!-- \/ Yoast SEO plugin. -->","yoast_head_json":{"title":"Miriam Ficher participa de evento em Belo Horizonte. | DB - Dublagem Brasileira","description":"Miriam Ficher participa de evento em Belo Horizonte. Dubladora conversou com o p\u00fablico sobre sua trajet\u00f3ria profissional em mostra da Dreamworks.","robots":{"index":"index","follow":"follow","max-snippet":"max-snippet:-1","max-image-preview":"max-image-preview:large","max-video-preview":"max-video-preview:-1"},"canonical":"https:\/\/dublagembrasileira.com.br\/?p=1389","og_locale":"pt_BR","og_type":"article","og_title":"Miriam Ficher participa de evento em Belo Horizonte. | DB - Dublagem Brasileira","og_description":"Miriam Ficher participa de evento em Belo Horizonte. Dubladora conversou com o p\u00fablico sobre sua trajet\u00f3ria profissional em mostra da Dreamworks.","og_url":"https:\/\/dublagembrasileira.com.br\/?p=1389","og_site_name":"DB - Dublagem Brasileira","article_author":"https:\/\/www.facebook.com\/dublagembrasileira","article_published_time":"2019-07-27T19:48:33+00:00","article_modified_time":"2019-08-02T13:56:24+00:00","og_image":[{"width":704,"height":496,"url":"https:\/\/dublagembrasileira.com.br\/wp-content\/uploads\/2019\/07\/miriamficher2.jpg","type":"image\/jpeg"}],"author":"Reda\u00e7\u00e3o","twitter_card":"summary_large_image","twitter_creator":"@dbdublagem","twitter_misc":{"Escrito por":"Reda\u00e7\u00e3o","Est. tempo de leitura":"1 minuto"},"schema":{"@context":"https:\/\/schema.org","@graph":[{"@type":"Article","@id":"https:\/\/dublagembrasileira.com.br\/?p=1389#article","isPartOf":{"@id":"https:\/\/dublagembrasileira.com.br\/?p=1389"},"author":{"name":"Reda\u00e7\u00e3o","@id":"https:\/\/dublagembrasileira.com.br\/#\/schema\/person\/a75bac594c0e9a0b96508b7e124f20d1"},"headline":"Miriam Ficher participa de evento em Belo Horizonte.","datePublished":"2019-07-27T19:48:33+00:00","dateModified":"2019-08-02T13:56:24+00:00","mainEntityOfPage":{"@id":"https:\/\/dublagembrasileira.com.br\/?p=1389"},"wordCount":230,"commentCount":0,"publisher":{"@id":"https:\/\/dublagembrasileira.com.br\/#organization"},"image":{"@id":"https:\/\/dublagembrasileira.com.br\/?p=1389#primaryimage"},"thumbnailUrl":"https:\/\/dublagembrasileira.com.br\/wp-content\/uploads\/2019\/07\/miriamficher2.jpg","keywords":["desenho","dubla","dublado","dublador","dubladora","dublagem","evento"],"articleSection":["Acontece","Not\u00edcias"],"inLanguage":"pt-BR","potentialAction":[{"@type":"CommentAction","name":"Comment","target":["https:\/\/dublagembrasileira.com.br\/?p=1389#respond"]}]},{"@type":"WebPage","@id":"https:\/\/dublagembrasileira.com.br\/?p=1389","url":"https:\/\/dublagembrasileira.com.br\/?p=1389","name":"Miriam Ficher participa de evento em Belo Horizonte. | DB - Dublagem Brasileira","isPartOf":{"@id":"https:\/\/dublagembrasileira.com.br\/#website"},"primaryImageOfPage":{"@id":"https:\/\/dublagembrasileira.com.br\/?p=1389#primaryimage"},"image":{"@id":"https:\/\/dublagembrasileira.com.br\/?p=1389#primaryimage"},"thumbnailUrl":"https:\/\/dublagembrasileira.com.br\/wp-content\/uploads\/2019\/07\/miriamficher2.jpg","datePublished":"2019-07-27T19:48:33+00:00","dateModified":"2019-08-02T13:56:24+00:00","description":"Miriam Ficher participa de evento em Belo Horizonte. Dubladora conversou com o p\u00fablico sobre sua trajet\u00f3ria profissional em mostra da Dreamworks.","breadcrumb":{"@id":"https:\/\/dublagembrasileira.com.br\/?p=1389#breadcrumb"},"inLanguage":"pt-BR","potentialAction":[{"@type":"ReadAction","target":["https:\/\/dublagembrasileira.com.br\/?p=1389"]}]},{"@type":"ImageObject","inLanguage":"pt-BR","@id":"https:\/\/dublagembrasileira.com.br\/?p=1389#primaryimage","url":"https:\/\/dublagembrasileira.com.br\/wp-content\/uploads\/2019\/07\/miriamficher2.jpg","contentUrl":"https:\/\/dublagembrasileira.com.br\/wp-content\/uploads\/2019\/07\/miriamficher2.jpg","width":704,"height":496},{"@type":"BreadcrumbList","@id":"https:\/\/dublagembrasileira.com.br\/?p=1389#breadcrumb","itemListElement":[{"@type":"ListItem","position":1,"name":"In\u00edcio","item":"https:\/\/dublagembrasileira.com.br\/"},{"@type":"ListItem","position":2,"name":"Miriam Ficher participa de evento em Belo Horizonte."}]},{"@type":"WebSite","@id":"https:\/\/dublagembrasileira.com.br\/#website","url":"https:\/\/dublagembrasileira.com.br\/","name":"DB - Dublagem Brasileira","description":"O seu portal de dublagem.","publisher":{"@id":"https:\/\/dublagembrasileira.com.br\/#organization"},"potentialAction":[{"@type":"SearchAction","target":{"@type":"EntryPoint","urlTemplate":"https:\/\/dublagembrasileira.com.br\/?s={search_term_string}"},"query-input":{"@type":"PropertyValueSpecification","valueRequired":true,"valueName":"search_term_string"}}],"inLanguage":"pt-BR"},{"@type":"Organization","@id":"https:\/\/dublagembrasileira.com.br\/#organization","name":"DB - Dublagem Brasileira","url":"https:\/\/dublagembrasileira.com.br\/","logo":{"@type":"ImageObject","inLanguage":"pt-BR","@id":"https:\/\/dublagembrasileira.com.br\/#\/schema\/logo\/image\/","url":"https:\/\/dublagembrasileira.com.br\/wp-content\/uploads\/2019\/07\/cropped-logotipodb.png","contentUrl":"https:\/\/dublagembrasileira.com.br\/wp-content\/uploads\/2019\/07\/cropped-logotipodb.png","width":946,"height":589,"caption":"DB - Dublagem Brasileira"},"image":{"@id":"https:\/\/dublagembrasileira.com.br\/#\/schema\/logo\/image\/"}},{"@type":"Person","@id":"https:\/\/dublagembrasileira.com.br\/#\/schema\/person\/a75bac594c0e9a0b96508b7e124f20d1","name":"Reda\u00e7\u00e3o","image":{"@type":"ImageObject","inLanguage":"pt-BR","@id":"https:\/\/dublagembrasileira.com.br\/#\/schema\/person\/image\/","url":"http:\/\/dublagembrasileira.com.br\/wp-content\/uploads\/2025\/06\/admin-96x96.jpg","contentUrl":"http:\/\/dublagembrasileira.com.br\/wp-content\/uploads\/2025\/06\/admin-96x96.jpg","caption":"Reda\u00e7\u00e3o"},"description":"Equipe do DB.","sameAs":["https:\/\/www.facebook.com\/dublagembrasileira","https:\/\/www.instagram.com\/dbdublagembrasileira","https:\/\/x.com\/dbdublagem"],"url":"https:\/\/dublagembrasileira.com.br\/?author=4"}]}},"rttpg_featured_image_url":{"full":["https:\/\/dublagembrasileira.com.br\/wp-content\/uploads\/2019\/07\/miriamficher2.jpg",704,496,false],"landscape":["https:\/\/dublagembrasileira.com.br\/wp-content\/uploads\/2019\/07\/miriamficher2.jpg",704,496,false],"portraits":["https:\/\/dublagembrasileira.com.br\/wp-content\/uploads\/2019\/07\/miriamficher2.jpg",704,496,false],"thumbnail":["https:\/\/dublagembrasileira.com.br\/wp-content\/uploads\/2019\/07\/miriamficher2-150x150.jpg",150,150,true],"medium":["https:\/\/dublagembrasileira.com.br\/wp-content\/uploads\/2019\/07\/miriamficher2-300x211.jpg",300,211,true],"large":["https:\/\/dublagembrasileira.com.br\/wp-content\/uploads\/2019\/07\/miriamficher2.jpg",640,451,false],"1536x1536":["https:\/\/dublagembrasileira.com.br\/wp-content\/uploads\/2019\/07\/miriamficher2.jpg",704,496,false],"2048x2048":["https:\/\/dublagembrasileira.com.br\/wp-content\/uploads\/2019\/07\/miriamficher2.jpg",704,496,false],"eggnews-slider-large":["https:\/\/dublagembrasileira.com.br\/wp-content\/uploads\/2019\/07\/miriamficher2.jpg",704,496,false],"eggnews-featured-medium":["https:\/\/dublagembrasileira.com.br\/wp-content\/uploads\/2019\/07\/miriamficher2-420x307.jpg",420,307,true],"eggnews-featured-long":["https:\/\/dublagembrasileira.com.br\/wp-content\/uploads\/2019\/07\/miriamficher2-300x443.jpg",300,443,true],"eggnews-block-medium":["https:\/\/dublagembrasileira.com.br\/wp-content\/uploads\/2019\/07\/miriamficher2-464x290.jpg",464,290,true],"eggnews-carousel-image":["https:\/\/dublagembrasileira.com.br\/wp-content\/uploads\/2019\/07\/miriamficher2-600x496.jpg",600,496,true],"eggnews-block-thumb":["https:\/\/dublagembrasileira.com.br\/wp-content\/uploads\/2019\/07\/miriamficher2-322x230.jpg",322,230,true],"eggnews-single-large":["https:\/\/dublagembrasileira.com.br\/wp-content\/uploads\/2019\/07\/miriamficher2.jpg",704,496,false],"crp_thumbnail":["https:\/\/dublagembrasileira.com.br\/wp-content\/uploads\/2019\/07\/miriamficher2-150x150.jpg",150,150,true]},"rttpg_author":{"display_name":"Reda\u00e7\u00e3o","author_link":"https:\/\/dublagembrasileira.com.br\/?author=4"},"rttpg_comment":0,"rttpg_category":"<a href=\"https:\/\/dublagembrasileira.com.br\/?cat=21\" rel=\"category\">Acontece<\/a> <a href=\"https:\/\/dublagembrasileira.com.br\/?cat=13\" rel=\"category\">Not\u00edcias<\/a>","rttpg_excerpt":"Dubladora conversou com o p\u00fablico sobre sua trajet\u00f3ria profissional em mostra da Dreamworks. Como noticiado aqui, a dubladora Miriam Ficher esteve em Belo Horizonte na \u00faltima quinta-feira (25), para, dentro da programa\u00e7\u00e3o da mostra Dreamworks, que ocupa o CCBB BH at\u00e9 esta segunda (29), conversar com o p\u00fablico sobre os desafios de sua profiss\u00e3o. Durante&hellip;","_links":{"self":[{"href":"https:\/\/dublagembrasileira.com.br\/index.php?rest_route=\/wp\/v2\/posts\/1389","targetHints":{"allow":["GET"]}}],"collection":[{"href":"https:\/\/dublagembrasileira.com.br\/index.php?rest_route=\/wp\/v2\/posts"}],"about":[{"href":"https:\/\/dublagembrasileira.com.br\/index.php?rest_route=\/wp\/v2\/types\/post"}],"author":[{"embeddable":true,"href":"https:\/\/dublagembrasileira.com.br\/index.php?rest_route=\/wp\/v2\/users\/4"}],"replies":[{"embeddable":true,"href":"https:\/\/dublagembrasileira.com.br\/index.php?rest_route=%2Fwp%2Fv2%2Fcomments&post=1389"}],"version-history":[{"count":4,"href":"https:\/\/dublagembrasileira.com.br\/index.php?rest_route=\/wp\/v2\/posts\/1389\/revisions"}],"predecessor-version":[{"id":1400,"href":"https:\/\/dublagembrasileira.com.br\/index.php?rest_route=\/wp\/v2\/posts\/1389\/revisions\/1400"}],"wp:featuredmedia":[{"embeddable":true,"href":"https:\/\/dublagembrasileira.com.br\/index.php?rest_route=\/wp\/v2\/media\/1390"}],"wp:attachment":[{"href":"https:\/\/dublagembrasileira.com.br\/index.php?rest_route=%2Fwp%2Fv2%2Fmedia&parent=1389"}],"wp:term":[{"taxonomy":"category","embeddable":true,"href":"https:\/\/dublagembrasileira.com.br\/index.php?rest_route=%2Fwp%2Fv2%2Fcategories&post=1389"},{"taxonomy":"post_tag","embeddable":true,"href":"https:\/\/dublagembrasileira.com.br\/index.php?rest_route=%2Fwp%2Fv2%2Ftags&post=1389"}],"curies":[{"name":"wp","href":"https:\/\/api.w.org\/{rel}","templated":true}]}}