{"id":1248,"date":"2019-07-25T16:04:41","date_gmt":"2019-07-25T16:04:41","guid":{"rendered":"http:\/\/dublagembrasileira.com.br\/?p=1248"},"modified":"2019-07-25T21:18:08","modified_gmt":"2019-07-25T21:18:08","slug":"tony-ramos-dubla-figueirinha-em-verao-90","status":"publish","type":"post","link":"https:\/\/dublagembrasileira.com.br\/?p=1248","title":{"rendered":"Tony Ramos dubla Figueirinha em Ver\u00e3o 90."},"content":{"rendered":"<h4><em>Personagem de Lucas Domso finalmente fala em novela da Globo mas com a dublagem do ator Tony Ramos.<\/em><\/h4>\n<hr \/>\n<p style=\"text-align: justify;\">O cap\u00edtulo da \u00faltima ter\u00e7a-feira (23) da novela <a href=\"https:\/\/gshow.globo.com\/novelas\/verao-90\/\"><strong>Ver\u00e3o 90<\/strong><\/a> surpreeendeu seus telespectadores ao mostrar uma cena com o personagem Figueirinha\u00a0(Lucas Domso) finalmente falando. A surpresa certamente se justifica pelo fato do personagem ter a voz do Tony Ramos.<\/p>\n<p style=\"text-align: justify;\">Depois de ouvir Mercedes (Totia Meireles) e Quinz\u00e3o (Alexandre Borges) conversando na cobertura sobre terem provas contra Jo\u00e3o (Rafael Vitti) no caso da morte de Nicole (B\u00e1rbara Fran\u00e7a), ele fala: &#8220;Eu vou abrir a boca, Mercedes. E vou jogar a porcaria toda no ventilador&#8221;, fala o personagem sem aparecer em cena. A empres\u00e1ria se assusta: &#8220;Essa voz \u00e9 inconfund\u00edvel&#8221;.<\/p>\n<p style=\"text-align: justify;\">O capanga, ent\u00e3o, exigir\u00e1 que a megera passe a cobertura e metade do Quin&#8217;s Palace para o seu nome para manter o segredo. Sem sa\u00edda, Mercedes acabar\u00e1 cedendo. Ela terminar\u00e1 a novela morando num conjunto habitacional e trabalhando como camel\u00f4. Quinzinho (Caio Paduan), por sua vez, ser\u00e1 preso. Depois de libertado, ele reconstruir\u00e1 a vida ao lado de Dandara (Dandara Mariana).<\/p>\n<p style=\"text-align: justify;\">Interpretar um personagem que n\u00e3o tem falas, de fato deve ser mais complicado do que um com di\u00e1logos, e, al\u00e9m disto, como h\u00e1 com\u00e9dia, o tudo pode facilmente cair no caricato.<\/p>\n<p style=\"text-align: justify;\">Nas redes sociais, a escolha de Tony Ramos para dublar Figueirinha dividiu opini\u00f5es, certamente por ter ido na contram\u00e3o do que muitos imaginavam. Alguns gostaram da brincadeira, outros criticaram a decis\u00e3o da dire\u00e7\u00e3o da novela e dispararam desabafos.<\/p>\n","protected":false},"excerpt":{"rendered":"<p>Personagem de Lucas Domso finalmente fala em novela da Globo mas com a dublagem do ator Tony Ramos. O cap\u00edtulo da \u00faltima ter\u00e7a-feira (23) da novela Ver\u00e3o 90 surpreeendeu seus telespectadores ao mostrar uma cena com o personagem Figueirinha\u00a0(Lucas Domso) finalmente falando. A surpresa certamente se justifica pelo fato do personagem ter a voz do Tony Ramos. Depois de ouvir Mercedes (Totia Meireles) e Quinz\u00e3o (Alexandre Borges) conversando na cobertura sobre terem provas contra Jo\u00e3o (Rafael Vitti) no caso da morte de Nicole (B\u00e1rbara Fran\u00e7a), ele fala: &#8220;Eu vou abrir a boca, Mercedes. E vou jogar a porcaria toda no ventilador&#8221;, fala o personagem sem aparecer em cena. A empres\u00e1ria se assusta: &#8220;Essa voz \u00e9 inconfund\u00edvel&#8221;. O capanga, ent\u00e3o, exigir\u00e1 que a megera passe a cobertura e metade do Quin&#8217;s Palace para o seu nome para manter o segredo. Sem sa\u00edda, Mercedes acabar\u00e1 cedendo. Ela terminar\u00e1 a novela morando num conjunto habitacional e trabalhando como camel\u00f4. Quinzinho (Caio Paduan), por sua vez, ser\u00e1 preso. Depois de libertado, ele reconstruir\u00e1 a vida ao lado de Dandara (Dandara Mariana). Interpretar um personagem que n\u00e3o tem falas, de fato deve ser mais complicado do que um com di\u00e1logos, e, al\u00e9m disto, como h\u00e1 com\u00e9dia, o tudo pode facilmente cair no caricato. Nas redes sociais, a escolha de Tony Ramos para dublar Figueirinha dividiu opini\u00f5es, certamente por ter ido na contram\u00e3o do que muitos imaginavam. Alguns gostaram da brincadeira, outros criticaram a decis\u00e3o da dire\u00e7\u00e3o da novela e dispararam desabafos.<\/p>\n","protected":false},"author":4,"featured_media":1249,"comment_status":"open","ping_status":"open","sticky":false,"template":"","format":"standard","meta":{"_monsterinsights_skip_tracking":false,"_monsterinsights_sitenote_active":false,"_monsterinsights_sitenote_note":"","_monsterinsights_sitenote_category":0,"footnotes":""},"categories":[13,8],"tags":[127,124,33,34,27,42,37,139],"class_list":["post-1248","post","type-post","status-publish","format-standard","has-post-thumbnail","hentry","category-noticias","category-televisao","tag-dubla","tag-dublado","tag-dublador","tag-dubladora","tag-dublagem","tag-novela","tag-televisao","tag-verao-90"],"yoast_head":"<!-- This site is optimized with the Yoast SEO plugin v26.1.1 - https:\/\/yoast.com\/wordpress\/plugins\/seo\/ -->\n<title>Tony Ramos dubla Figueirinha em Ver\u00e3o 90. | DB - Dublagem Brasileira<\/title>\n<meta name=\"description\" content=\"Personagem Figueirinha (Lucas Domso) finalmente fala na novela Ver\u00e3o 90 mas com a dublagem do ator Tony Ramos, e divide opini\u00f5es. DB - Dublagem Brasileira\" \/>\n<meta name=\"robots\" content=\"index, follow, max-snippet:-1, max-image-preview:large, max-video-preview:-1\" \/>\n<link rel=\"canonical\" href=\"https:\/\/dublagembrasileira.com.br\/?p=1248\" \/>\n<meta property=\"og:locale\" content=\"pt_BR\" \/>\n<meta property=\"og:type\" content=\"article\" \/>\n<meta property=\"og:title\" content=\"Tony Ramos dubla Figueirinha em Ver\u00e3o 90. | DB - Dublagem Brasileira\" \/>\n<meta property=\"og:description\" content=\"Personagem Figueirinha (Lucas Domso) finalmente fala na novela Ver\u00e3o 90 mas com a dublagem do ator Tony Ramos, e divide opini\u00f5es. DB - Dublagem Brasileira\" \/>\n<meta property=\"og:url\" content=\"https:\/\/dublagembrasileira.com.br\/?p=1248\" \/>\n<meta property=\"og:site_name\" content=\"DB - Dublagem Brasileira\" \/>\n<meta property=\"article:author\" content=\"https:\/\/www.facebook.com\/dublagembrasileira\" \/>\n<meta property=\"article:published_time\" content=\"2019-07-25T16:04:41+00:00\" \/>\n<meta property=\"article:modified_time\" content=\"2019-07-25T21:18:08+00:00\" \/>\n<meta property=\"og:image\" content=\"https:\/\/dublagembrasileira.com.br\/wp-content\/uploads\/2019\/07\/figueirinha.jpg\" \/>\n\t<meta property=\"og:image:width\" content=\"704\" \/>\n\t<meta property=\"og:image:height\" content=\"496\" \/>\n\t<meta property=\"og:image:type\" content=\"image\/jpeg\" \/>\n<meta name=\"author\" content=\"Reda\u00e7\u00e3o\" \/>\n<meta name=\"twitter:card\" content=\"summary_large_image\" \/>\n<meta name=\"twitter:creator\" content=\"@dbdublagem\" \/>\n<meta name=\"twitter:label1\" content=\"Escrito por\" \/>\n\t<meta name=\"twitter:data1\" content=\"Reda\u00e7\u00e3o\" \/>\n\t<meta name=\"twitter:label2\" content=\"Est. tempo de leitura\" \/>\n\t<meta name=\"twitter:data2\" content=\"1 minuto\" \/>\n<script type=\"application\/ld+json\" class=\"yoast-schema-graph\">{\"@context\":\"https:\/\/schema.org\",\"@graph\":[{\"@type\":\"Article\",\"@id\":\"https:\/\/dublagembrasileira.com.br\/?p=1248#article\",\"isPartOf\":{\"@id\":\"https:\/\/dublagembrasileira.com.br\/?p=1248\"},\"author\":{\"name\":\"Reda\u00e7\u00e3o\",\"@id\":\"https:\/\/dublagembrasileira.com.br\/#\/schema\/person\/a75bac594c0e9a0b96508b7e124f20d1\"},\"headline\":\"Tony Ramos dubla Figueirinha em Ver\u00e3o 90.\",\"datePublished\":\"2019-07-25T16:04:41+00:00\",\"dateModified\":\"2019-07-25T21:18:08+00:00\",\"mainEntityOfPage\":{\"@id\":\"https:\/\/dublagembrasileira.com.br\/?p=1248\"},\"wordCount\":270,\"commentCount\":0,\"publisher\":{\"@id\":\"https:\/\/dublagembrasileira.com.br\/#organization\"},\"image\":{\"@id\":\"https:\/\/dublagembrasileira.com.br\/?p=1248#primaryimage\"},\"thumbnailUrl\":\"https:\/\/dublagembrasileira.com.br\/wp-content\/uploads\/2019\/07\/figueirinha.jpg\",\"keywords\":[\"dubla\",\"dublado\",\"dublador\",\"dubladora\",\"dublagem\",\"novela\",\"televis\u00e3o\",\"ver\u00e3o 90\"],\"articleSection\":[\"Not\u00edcias\",\"Televis\u00e3o\"],\"inLanguage\":\"pt-BR\",\"potentialAction\":[{\"@type\":\"CommentAction\",\"name\":\"Comment\",\"target\":[\"https:\/\/dublagembrasileira.com.br\/?p=1248#respond\"]}]},{\"@type\":\"WebPage\",\"@id\":\"https:\/\/dublagembrasileira.com.br\/?p=1248\",\"url\":\"https:\/\/dublagembrasileira.com.br\/?p=1248\",\"name\":\"Tony Ramos dubla Figueirinha em Ver\u00e3o 90. | DB - Dublagem Brasileira\",\"isPartOf\":{\"@id\":\"https:\/\/dublagembrasileira.com.br\/#website\"},\"primaryImageOfPage\":{\"@id\":\"https:\/\/dublagembrasileira.com.br\/?p=1248#primaryimage\"},\"image\":{\"@id\":\"https:\/\/dublagembrasileira.com.br\/?p=1248#primaryimage\"},\"thumbnailUrl\":\"https:\/\/dublagembrasileira.com.br\/wp-content\/uploads\/2019\/07\/figueirinha.jpg\",\"datePublished\":\"2019-07-25T16:04:41+00:00\",\"dateModified\":\"2019-07-25T21:18:08+00:00\",\"description\":\"Personagem Figueirinha (Lucas Domso) finalmente fala na novela Ver\u00e3o 90 mas com a dublagem do ator Tony Ramos, e divide opini\u00f5es. DB - Dublagem Brasileira\",\"breadcrumb\":{\"@id\":\"https:\/\/dublagembrasileira.com.br\/?p=1248#breadcrumb\"},\"inLanguage\":\"pt-BR\",\"potentialAction\":[{\"@type\":\"ReadAction\",\"target\":[\"https:\/\/dublagembrasileira.com.br\/?p=1248\"]}]},{\"@type\":\"ImageObject\",\"inLanguage\":\"pt-BR\",\"@id\":\"https:\/\/dublagembrasileira.com.br\/?p=1248#primaryimage\",\"url\":\"https:\/\/dublagembrasileira.com.br\/wp-content\/uploads\/2019\/07\/figueirinha.jpg\",\"contentUrl\":\"https:\/\/dublagembrasileira.com.br\/wp-content\/uploads\/2019\/07\/figueirinha.jpg\",\"width\":704,\"height\":496,\"caption\":\"Tony Ramos ao lado de Jorge Fernando e Lucas Domso\"},{\"@type\":\"BreadcrumbList\",\"@id\":\"https:\/\/dublagembrasileira.com.br\/?p=1248#breadcrumb\",\"itemListElement\":[{\"@type\":\"ListItem\",\"position\":1,\"name\":\"In\u00edcio\",\"item\":\"https:\/\/dublagembrasileira.com.br\/\"},{\"@type\":\"ListItem\",\"position\":2,\"name\":\"Tony Ramos dubla Figueirinha em Ver\u00e3o 90.\"}]},{\"@type\":\"WebSite\",\"@id\":\"https:\/\/dublagembrasileira.com.br\/#website\",\"url\":\"https:\/\/dublagembrasileira.com.br\/\",\"name\":\"DB - Dublagem Brasileira\",\"description\":\"O seu portal de dublagem.\",\"publisher\":{\"@id\":\"https:\/\/dublagembrasileira.com.br\/#organization\"},\"potentialAction\":[{\"@type\":\"SearchAction\",\"target\":{\"@type\":\"EntryPoint\",\"urlTemplate\":\"https:\/\/dublagembrasileira.com.br\/?s={search_term_string}\"},\"query-input\":{\"@type\":\"PropertyValueSpecification\",\"valueRequired\":true,\"valueName\":\"search_term_string\"}}],\"inLanguage\":\"pt-BR\"},{\"@type\":\"Organization\",\"@id\":\"https:\/\/dublagembrasileira.com.br\/#organization\",\"name\":\"DB - Dublagem Brasileira\",\"url\":\"https:\/\/dublagembrasileira.com.br\/\",\"logo\":{\"@type\":\"ImageObject\",\"inLanguage\":\"pt-BR\",\"@id\":\"https:\/\/dublagembrasileira.com.br\/#\/schema\/logo\/image\/\",\"url\":\"https:\/\/dublagembrasileira.com.br\/wp-content\/uploads\/2019\/07\/cropped-logotipodb.png\",\"contentUrl\":\"https:\/\/dublagembrasileira.com.br\/wp-content\/uploads\/2019\/07\/cropped-logotipodb.png\",\"width\":946,\"height\":589,\"caption\":\"DB - Dublagem Brasileira\"},\"image\":{\"@id\":\"https:\/\/dublagembrasileira.com.br\/#\/schema\/logo\/image\/\"}},{\"@type\":\"Person\",\"@id\":\"https:\/\/dublagembrasileira.com.br\/#\/schema\/person\/a75bac594c0e9a0b96508b7e124f20d1\",\"name\":\"Reda\u00e7\u00e3o\",\"image\":{\"@type\":\"ImageObject\",\"inLanguage\":\"pt-BR\",\"@id\":\"https:\/\/dublagembrasileira.com.br\/#\/schema\/person\/image\/\",\"url\":\"http:\/\/dublagembrasileira.com.br\/wp-content\/uploads\/2025\/06\/admin-96x96.jpg\",\"contentUrl\":\"http:\/\/dublagembrasileira.com.br\/wp-content\/uploads\/2025\/06\/admin-96x96.jpg\",\"caption\":\"Reda\u00e7\u00e3o\"},\"description\":\"Equipe do DB.\",\"sameAs\":[\"https:\/\/www.facebook.com\/dublagembrasileira\",\"https:\/\/www.instagram.com\/dbdublagembrasileira\",\"https:\/\/x.com\/dbdublagem\"],\"url\":\"https:\/\/dublagembrasileira.com.br\/?author=4\"}]}<\/script>\n<!-- \/ Yoast SEO plugin. -->","yoast_head_json":{"title":"Tony Ramos dubla Figueirinha em Ver\u00e3o 90. | DB - Dublagem Brasileira","description":"Personagem Figueirinha (Lucas Domso) finalmente fala na novela Ver\u00e3o 90 mas com a dublagem do ator Tony Ramos, e divide opini\u00f5es. DB - Dublagem Brasileira","robots":{"index":"index","follow":"follow","max-snippet":"max-snippet:-1","max-image-preview":"max-image-preview:large","max-video-preview":"max-video-preview:-1"},"canonical":"https:\/\/dublagembrasileira.com.br\/?p=1248","og_locale":"pt_BR","og_type":"article","og_title":"Tony Ramos dubla Figueirinha em Ver\u00e3o 90. | DB - Dublagem Brasileira","og_description":"Personagem Figueirinha (Lucas Domso) finalmente fala na novela Ver\u00e3o 90 mas com a dublagem do ator Tony Ramos, e divide opini\u00f5es. DB - Dublagem Brasileira","og_url":"https:\/\/dublagembrasileira.com.br\/?p=1248","og_site_name":"DB - Dublagem Brasileira","article_author":"https:\/\/www.facebook.com\/dublagembrasileira","article_published_time":"2019-07-25T16:04:41+00:00","article_modified_time":"2019-07-25T21:18:08+00:00","og_image":[{"width":704,"height":496,"url":"https:\/\/dublagembrasileira.com.br\/wp-content\/uploads\/2019\/07\/figueirinha.jpg","type":"image\/jpeg"}],"author":"Reda\u00e7\u00e3o","twitter_card":"summary_large_image","twitter_creator":"@dbdublagem","twitter_misc":{"Escrito por":"Reda\u00e7\u00e3o","Est. tempo de leitura":"1 minuto"},"schema":{"@context":"https:\/\/schema.org","@graph":[{"@type":"Article","@id":"https:\/\/dublagembrasileira.com.br\/?p=1248#article","isPartOf":{"@id":"https:\/\/dublagembrasileira.com.br\/?p=1248"},"author":{"name":"Reda\u00e7\u00e3o","@id":"https:\/\/dublagembrasileira.com.br\/#\/schema\/person\/a75bac594c0e9a0b96508b7e124f20d1"},"headline":"Tony Ramos dubla Figueirinha em Ver\u00e3o 90.","datePublished":"2019-07-25T16:04:41+00:00","dateModified":"2019-07-25T21:18:08+00:00","mainEntityOfPage":{"@id":"https:\/\/dublagembrasileira.com.br\/?p=1248"},"wordCount":270,"commentCount":0,"publisher":{"@id":"https:\/\/dublagembrasileira.com.br\/#organization"},"image":{"@id":"https:\/\/dublagembrasileira.com.br\/?p=1248#primaryimage"},"thumbnailUrl":"https:\/\/dublagembrasileira.com.br\/wp-content\/uploads\/2019\/07\/figueirinha.jpg","keywords":["dubla","dublado","dublador","dubladora","dublagem","novela","televis\u00e3o","ver\u00e3o 90"],"articleSection":["Not\u00edcias","Televis\u00e3o"],"inLanguage":"pt-BR","potentialAction":[{"@type":"CommentAction","name":"Comment","target":["https:\/\/dublagembrasileira.com.br\/?p=1248#respond"]}]},{"@type":"WebPage","@id":"https:\/\/dublagembrasileira.com.br\/?p=1248","url":"https:\/\/dublagembrasileira.com.br\/?p=1248","name":"Tony Ramos dubla Figueirinha em Ver\u00e3o 90. | DB - Dublagem Brasileira","isPartOf":{"@id":"https:\/\/dublagembrasileira.com.br\/#website"},"primaryImageOfPage":{"@id":"https:\/\/dublagembrasileira.com.br\/?p=1248#primaryimage"},"image":{"@id":"https:\/\/dublagembrasileira.com.br\/?p=1248#primaryimage"},"thumbnailUrl":"https:\/\/dublagembrasileira.com.br\/wp-content\/uploads\/2019\/07\/figueirinha.jpg","datePublished":"2019-07-25T16:04:41+00:00","dateModified":"2019-07-25T21:18:08+00:00","description":"Personagem Figueirinha (Lucas Domso) finalmente fala na novela Ver\u00e3o 90 mas com a dublagem do ator Tony Ramos, e divide opini\u00f5es. DB - Dublagem Brasileira","breadcrumb":{"@id":"https:\/\/dublagembrasileira.com.br\/?p=1248#breadcrumb"},"inLanguage":"pt-BR","potentialAction":[{"@type":"ReadAction","target":["https:\/\/dublagembrasileira.com.br\/?p=1248"]}]},{"@type":"ImageObject","inLanguage":"pt-BR","@id":"https:\/\/dublagembrasileira.com.br\/?p=1248#primaryimage","url":"https:\/\/dublagembrasileira.com.br\/wp-content\/uploads\/2019\/07\/figueirinha.jpg","contentUrl":"https:\/\/dublagembrasileira.com.br\/wp-content\/uploads\/2019\/07\/figueirinha.jpg","width":704,"height":496,"caption":"Tony Ramos ao lado de Jorge Fernando e Lucas Domso"},{"@type":"BreadcrumbList","@id":"https:\/\/dublagembrasileira.com.br\/?p=1248#breadcrumb","itemListElement":[{"@type":"ListItem","position":1,"name":"In\u00edcio","item":"https:\/\/dublagembrasileira.com.br\/"},{"@type":"ListItem","position":2,"name":"Tony Ramos dubla Figueirinha em Ver\u00e3o 90."}]},{"@type":"WebSite","@id":"https:\/\/dublagembrasileira.com.br\/#website","url":"https:\/\/dublagembrasileira.com.br\/","name":"DB - Dublagem Brasileira","description":"O seu portal de dublagem.","publisher":{"@id":"https:\/\/dublagembrasileira.com.br\/#organization"},"potentialAction":[{"@type":"SearchAction","target":{"@type":"EntryPoint","urlTemplate":"https:\/\/dublagembrasileira.com.br\/?s={search_term_string}"},"query-input":{"@type":"PropertyValueSpecification","valueRequired":true,"valueName":"search_term_string"}}],"inLanguage":"pt-BR"},{"@type":"Organization","@id":"https:\/\/dublagembrasileira.com.br\/#organization","name":"DB - Dublagem Brasileira","url":"https:\/\/dublagembrasileira.com.br\/","logo":{"@type":"ImageObject","inLanguage":"pt-BR","@id":"https:\/\/dublagembrasileira.com.br\/#\/schema\/logo\/image\/","url":"https:\/\/dublagembrasileira.com.br\/wp-content\/uploads\/2019\/07\/cropped-logotipodb.png","contentUrl":"https:\/\/dublagembrasileira.com.br\/wp-content\/uploads\/2019\/07\/cropped-logotipodb.png","width":946,"height":589,"caption":"DB - Dublagem Brasileira"},"image":{"@id":"https:\/\/dublagembrasileira.com.br\/#\/schema\/logo\/image\/"}},{"@type":"Person","@id":"https:\/\/dublagembrasileira.com.br\/#\/schema\/person\/a75bac594c0e9a0b96508b7e124f20d1","name":"Reda\u00e7\u00e3o","image":{"@type":"ImageObject","inLanguage":"pt-BR","@id":"https:\/\/dublagembrasileira.com.br\/#\/schema\/person\/image\/","url":"http:\/\/dublagembrasileira.com.br\/wp-content\/uploads\/2025\/06\/admin-96x96.jpg","contentUrl":"http:\/\/dublagembrasileira.com.br\/wp-content\/uploads\/2025\/06\/admin-96x96.jpg","caption":"Reda\u00e7\u00e3o"},"description":"Equipe do DB.","sameAs":["https:\/\/www.facebook.com\/dublagembrasileira","https:\/\/www.instagram.com\/dbdublagembrasileira","https:\/\/x.com\/dbdublagem"],"url":"https:\/\/dublagembrasileira.com.br\/?author=4"}]}},"rttpg_featured_image_url":{"full":["https:\/\/dublagembrasileira.com.br\/wp-content\/uploads\/2019\/07\/figueirinha.jpg",704,496,false],"landscape":["https:\/\/dublagembrasileira.com.br\/wp-content\/uploads\/2019\/07\/figueirinha.jpg",704,496,false],"portraits":["https:\/\/dublagembrasileira.com.br\/wp-content\/uploads\/2019\/07\/figueirinha.jpg",704,496,false],"thumbnail":["https:\/\/dublagembrasileira.com.br\/wp-content\/uploads\/2019\/07\/figueirinha-150x150.jpg",150,150,true],"medium":["https:\/\/dublagembrasileira.com.br\/wp-content\/uploads\/2019\/07\/figueirinha-300x211.jpg",300,211,true],"large":["https:\/\/dublagembrasileira.com.br\/wp-content\/uploads\/2019\/07\/figueirinha.jpg",640,451,false],"1536x1536":["https:\/\/dublagembrasileira.com.br\/wp-content\/uploads\/2019\/07\/figueirinha.jpg",704,496,false],"2048x2048":["https:\/\/dublagembrasileira.com.br\/wp-content\/uploads\/2019\/07\/figueirinha.jpg",704,496,false],"eggnews-slider-large":["https:\/\/dublagembrasileira.com.br\/wp-content\/uploads\/2019\/07\/figueirinha.jpg",704,496,false],"eggnews-featured-medium":["https:\/\/dublagembrasileira.com.br\/wp-content\/uploads\/2019\/07\/figueirinha-420x307.jpg",420,307,true],"eggnews-featured-long":["https:\/\/dublagembrasileira.com.br\/wp-content\/uploads\/2019\/07\/figueirinha-300x443.jpg",300,443,true],"eggnews-block-medium":["https:\/\/dublagembrasileira.com.br\/wp-content\/uploads\/2019\/07\/figueirinha-464x290.jpg",464,290,true],"eggnews-carousel-image":["https:\/\/dublagembrasileira.com.br\/wp-content\/uploads\/2019\/07\/figueirinha-600x496.jpg",600,496,true],"eggnews-block-thumb":["https:\/\/dublagembrasileira.com.br\/wp-content\/uploads\/2019\/07\/figueirinha-322x230.jpg",322,230,true],"eggnews-single-large":["https:\/\/dublagembrasileira.com.br\/wp-content\/uploads\/2019\/07\/figueirinha.jpg",704,496,false],"crp_thumbnail":["https:\/\/dublagembrasileira.com.br\/wp-content\/uploads\/2019\/07\/figueirinha-150x150.jpg",150,150,true]},"rttpg_author":{"display_name":"Reda\u00e7\u00e3o","author_link":"https:\/\/dublagembrasileira.com.br\/?author=4"},"rttpg_comment":1,"rttpg_category":"<a href=\"https:\/\/dublagembrasileira.com.br\/?cat=13\" rel=\"category\">Not\u00edcias<\/a> <a href=\"https:\/\/dublagembrasileira.com.br\/?cat=8\" rel=\"category\">Televis\u00e3o<\/a>","rttpg_excerpt":"Personagem de Lucas Domso finalmente fala em novela da Globo mas com a dublagem do ator Tony Ramos. O cap\u00edtulo da \u00faltima ter\u00e7a-feira (23) da novela Ver\u00e3o 90 surpreeendeu seus telespectadores ao mostrar uma cena com o personagem Figueirinha\u00a0(Lucas Domso) finalmente falando. A surpresa certamente se justifica pelo fato do personagem ter a voz do&hellip;","_links":{"self":[{"href":"https:\/\/dublagembrasileira.com.br\/index.php?rest_route=\/wp\/v2\/posts\/1248","targetHints":{"allow":["GET"]}}],"collection":[{"href":"https:\/\/dublagembrasileira.com.br\/index.php?rest_route=\/wp\/v2\/posts"}],"about":[{"href":"https:\/\/dublagembrasileira.com.br\/index.php?rest_route=\/wp\/v2\/types\/post"}],"author":[{"embeddable":true,"href":"https:\/\/dublagembrasileira.com.br\/index.php?rest_route=\/wp\/v2\/users\/4"}],"replies":[{"embeddable":true,"href":"https:\/\/dublagembrasileira.com.br\/index.php?rest_route=%2Fwp%2Fv2%2Fcomments&post=1248"}],"version-history":[{"count":6,"href":"https:\/\/dublagembrasileira.com.br\/index.php?rest_route=\/wp\/v2\/posts\/1248\/revisions"}],"predecessor-version":[{"id":1258,"href":"https:\/\/dublagembrasileira.com.br\/index.php?rest_route=\/wp\/v2\/posts\/1248\/revisions\/1258"}],"wp:featuredmedia":[{"embeddable":true,"href":"https:\/\/dublagembrasileira.com.br\/index.php?rest_route=\/wp\/v2\/media\/1249"}],"wp:attachment":[{"href":"https:\/\/dublagembrasileira.com.br\/index.php?rest_route=%2Fwp%2Fv2%2Fmedia&parent=1248"}],"wp:term":[{"taxonomy":"category","embeddable":true,"href":"https:\/\/dublagembrasileira.com.br\/index.php?rest_route=%2Fwp%2Fv2%2Fcategories&post=1248"},{"taxonomy":"post_tag","embeddable":true,"href":"https:\/\/dublagembrasileira.com.br\/index.php?rest_route=%2Fwp%2Fv2%2Ftags&post=1248"}],"curies":[{"name":"wp","href":"https:\/\/api.w.org\/{rel}","templated":true}]}}