{"id":1169,"date":"2019-07-23T19:05:40","date_gmt":"2019-07-23T19:05:40","guid":{"rendered":"http:\/\/dublagembrasileira.com.br\/?p=1169"},"modified":"2019-07-25T22:45:34","modified_gmt":"2019-07-25T22:45:34","slug":"dubladora-miriam-ficher-e-atracao-da-fabrica-de-sonhos-mostra-de-animacao","status":"publish","type":"post","link":"https:\/\/dublagembrasileira.com.br\/?p=1169","title":{"rendered":"Dubladora Miriam Ficher \u00e9 atra\u00e7\u00e3o na F\u00e1brica de Sonhos &#8211; Mostra de Anima\u00e7\u00e3o."},"content":{"rendered":"<h4 style=\"text-align: justify;\"><em>Dubladora \u00e9 destaque nessa quinta-feira em evento no Centro Cultural Banco do Brasil Belo Horizonte.<\/em><\/h4>\n<hr \/>\n<p style=\"text-align: justify;\">Certamente um dos mais importantes est\u00fadios cinematogr\u00e1ficos do mundo, a\u00a0<strong><span lang=\"PT-BR\">DreamWorks <\/span><\/strong> ganhou uma retrospectiva em comemora\u00e7\u00e3o aos seus 25 anos e a revolu\u00e7\u00e3o provocada no cinema\u00a0 por suas t\u00e9cnicas de anima\u00e7\u00e3o.<\/p>\n<p style=\"text-align: justify;\">O evento ocorre desde o dia 10 desse m\u00eas no Centro Cultural Banco do Brasil Belo Horizonte (CCBB BH), onde est\u00e3o sendo exibidos 35 longas-metragens produzidos pela <strong>DreamWorks Animation<\/strong>.<\/p>\n<p style=\"text-align: justify;\">Dentro da programa\u00e7\u00e3o, acontece nesta quinta-feira \u00e0s 17h30 o debate \u201cDando Voz a Personagens Animados\u201d,\u00a0com a atriz e dubladora <strong>Miriam Ficher<\/strong>. Durante o evento, ela vai falar sobre sua trajet\u00f3ria profissional e contar algumas curiosidades da carreira.<\/p>\n<p style=\"text-align: justify;\">Ficher come\u00e7ou a dublar aos 13 anos de idade e certamenteo o amor pela profiss\u00e3o foi passado para as duas filhas, Vict\u00f3ria Ficher e B\u00e1rbara Ficher, que\u00a0conseq\u00fcentemente tonaram-se dubladoras.<\/p>\n<p style=\"text-align: justify;\">Ao longo de seus 42 anos de carreira, j\u00e1 emprestou sua voz a atrizes como: Angelina Jolie, Drew Barrymore, Natalie Portman, Nicole Kidman, Sandra Bullock, Emma Thompson, Uma Thurman e Cate Blanchett. Recentemente \u00e9 destaque na s\u00e9rie <a href=\"http:\/\/dublagembrasileira.com.br\/?p=623\"><strong>Stranger Things<\/strong><\/a> fazendo a voz da atriz Winona Ryder.<\/p>\n<p style=\"text-align: justify;\">A atividade, que \u00e9 gratuita, acontece dentro da programa\u00e7\u00e3o da &#8220;F\u00e1brica de Sonhos &#8211; Mostra de Anima\u00e7\u00e3o&#8221;. Al\u00e9m disso est\u00e1 confirmada a presen\u00e7a do cr\u00edtico de cinema Marcelo Miranda.<\/p>\n<p style=\"text-align: justify;\">As pessoas que juntarem cinco ingressos de diferentes sess\u00f5es ganham um cat\u00e1logo produzido especialmente para a mostra com fotos, fichas t\u00e9cnicas, filmografia e textos in\u00e9ditos.<\/p>\n<p style=\"text-align: justify;\">Mais informa\u00e7\u00f5es no <a href=\"http:\/\/culturabancodobrasil.com.br\/portal\/fabrica-de-sonhos-mostra-de-animacao\/\">site oficial<\/a> do evento.<\/p>\n<p style=\"text-align: justify;\">Debate \u2018Dando Voz \u00e0 Personagens Animados\u2019.<br \/>\nParticipa\u00e7\u00e3o da atriz dubladora Miriam Ficher e do cr\u00edtico de cinema Marcelo. Miranda. Media\u00e7\u00e3o do curador Breno Lira Gomes.<br \/>\nLocal: CCBB-BH.<br \/>\nPra\u00e7a da Liberdade, 450 \u2013 Funcion\u00e1rios.<br \/>\nData: 25 de julho, quinta-feira, \u00e0s 17h30.<br \/>\nEntrada gratuita (interessados em participar devem retirar os ingressos 1h antes do in\u00edcio do debate).<\/p>\n","protected":false},"excerpt":{"rendered":"<p>Dubladora \u00e9 destaque nessa quinta-feira em evento no Centro Cultural Banco do Brasil Belo Horizonte. Certamente um dos mais importantes est\u00fadios cinematogr\u00e1ficos do mundo, a\u00a0DreamWorks ganhou uma retrospectiva em comemora\u00e7\u00e3o aos seus 25 anos e a revolu\u00e7\u00e3o provocada no cinema\u00a0 por suas t\u00e9cnicas de anima\u00e7\u00e3o. O evento ocorre desde o dia 10 desse m\u00eas no Centro Cultural Banco do Brasil Belo Horizonte (CCBB BH), onde est\u00e3o sendo exibidos 35 longas-metragens produzidos pela DreamWorks Animation. Dentro da programa\u00e7\u00e3o, acontece nesta quinta-feira \u00e0s 17h30 o debate \u201cDando Voz a Personagens Animados\u201d,\u00a0com a atriz e dubladora Miriam Ficher. Durante o evento, ela vai falar sobre sua trajet\u00f3ria profissional e contar algumas curiosidades da carreira. Ficher come\u00e7ou a dublar aos 13 anos de idade e certamenteo o amor pela profiss\u00e3o foi passado para as duas filhas, Vict\u00f3ria Ficher e B\u00e1rbara Ficher, que\u00a0conseq\u00fcentemente tonaram-se dubladoras. Ao longo de seus 42 anos de carreira, j\u00e1 emprestou sua voz a atrizes como: Angelina Jolie, Drew Barrymore, Natalie Portman, Nicole Kidman, Sandra Bullock, Emma Thompson, Uma Thurman e Cate Blanchett. Recentemente \u00e9 destaque na s\u00e9rie Stranger Things fazendo a voz da atriz Winona Ryder. A atividade, que \u00e9 gratuita, acontece dentro da programa\u00e7\u00e3o da &#8220;F\u00e1brica de Sonhos &#8211; Mostra de Anima\u00e7\u00e3o&#8221;. Al\u00e9m disso est\u00e1 confirmada a presen\u00e7a do cr\u00edtico de cinema Marcelo Miranda. As pessoas que juntarem cinco ingressos de diferentes sess\u00f5es ganham um cat\u00e1logo produzido especialmente para a mostra com fotos, fichas t\u00e9cnicas, filmografia e textos in\u00e9ditos. Mais informa\u00e7\u00f5es no site oficial do evento. Debate \u2018Dando Voz \u00e0 Personagens Animados\u2019. Participa\u00e7\u00e3o da atriz dubladora Miriam Ficher e do cr\u00edtico de cinema Marcelo. Miranda. Media\u00e7\u00e3o do curador Breno Lira Gomes. Local: CCBB-BH. Pra\u00e7a da Liberdade, 450 \u2013 Funcion\u00e1rios. Data: 25 de julho, quinta-feira, \u00e0s 17h30. Entrada gratuita (interessados em participar devem retirar os ingressos 1h antes do in\u00edcio do debate).<\/p>\n","protected":false},"author":4,"featured_media":1172,"comment_status":"open","ping_status":"open","sticky":false,"template":"","format":"standard","meta":{"_monsterinsights_skip_tracking":false,"_monsterinsights_sitenote_active":false,"_monsterinsights_sitenote_note":"","_monsterinsights_sitenote_category":0,"footnotes":""},"categories":[21,13],"tags":[127,124,33,34,27,66,138],"class_list":["post-1169","post","type-post","status-publish","format-standard","has-post-thumbnail","hentry","category-acontece","category-noticias","tag-dubla","tag-dublado","tag-dublador","tag-dubladora","tag-dublagem","tag-evento","tag-miriam-ficher"],"yoast_head":"<!-- This site is optimized with the Yoast SEO plugin v26.1.1 - https:\/\/yoast.com\/wordpress\/plugins\/seo\/ -->\n<title>Dubladora Miriam Ficher \u00e9 atra\u00e7\u00e3o na F\u00e1brica de Sonhos - Mostra de Anima\u00e7\u00e3o. | DB - Dublagem Brasileira<\/title>\n<meta name=\"description\" content=\"Miriam Ficher na F\u00e1brica de Sonhos - Mostra de Anima\u00e7\u00e3o, dubladora estar\u00e1 no Centro Cultural Banco do Brasil Belo Horizonte.\" \/>\n<meta name=\"robots\" content=\"index, follow, max-snippet:-1, max-image-preview:large, max-video-preview:-1\" \/>\n<link rel=\"canonical\" href=\"https:\/\/dublagembrasileira.com.br\/?p=1169\" \/>\n<meta property=\"og:locale\" content=\"pt_BR\" \/>\n<meta property=\"og:type\" content=\"article\" \/>\n<meta property=\"og:title\" content=\"Dubladora Miriam Ficher \u00e9 atra\u00e7\u00e3o na F\u00e1brica de Sonhos - Mostra de Anima\u00e7\u00e3o. | DB - Dublagem Brasileira\" \/>\n<meta property=\"og:description\" content=\"Miriam Ficher na F\u00e1brica de Sonhos - Mostra de Anima\u00e7\u00e3o, dubladora estar\u00e1 no Centro Cultural Banco do Brasil Belo Horizonte.\" \/>\n<meta property=\"og:url\" content=\"https:\/\/dublagembrasileira.com.br\/?p=1169\" \/>\n<meta property=\"og:site_name\" content=\"DB - Dublagem Brasileira\" \/>\n<meta property=\"article:author\" content=\"https:\/\/www.facebook.com\/dublagembrasileira\" \/>\n<meta property=\"article:published_time\" content=\"2019-07-23T19:05:40+00:00\" \/>\n<meta property=\"article:modified_time\" content=\"2019-07-25T22:45:34+00:00\" \/>\n<meta property=\"og:image\" content=\"https:\/\/dublagembrasileira.com.br\/wp-content\/uploads\/2019\/07\/miriamficher.jpg\" \/>\n\t<meta property=\"og:image:width\" content=\"704\" \/>\n\t<meta property=\"og:image:height\" content=\"496\" \/>\n\t<meta property=\"og:image:type\" content=\"image\/jpeg\" \/>\n<meta name=\"author\" content=\"Reda\u00e7\u00e3o\" \/>\n<meta name=\"twitter:card\" content=\"summary_large_image\" \/>\n<meta name=\"twitter:creator\" content=\"@dbdublagem\" \/>\n<meta name=\"twitter:label1\" content=\"Escrito por\" \/>\n\t<meta name=\"twitter:data1\" content=\"Reda\u00e7\u00e3o\" \/>\n\t<meta name=\"twitter:label2\" content=\"Est. tempo de leitura\" \/>\n\t<meta name=\"twitter:data2\" content=\"2 minutos\" \/>\n<script type=\"application\/ld+json\" class=\"yoast-schema-graph\">{\"@context\":\"https:\/\/schema.org\",\"@graph\":[{\"@type\":\"Article\",\"@id\":\"https:\/\/dublagembrasileira.com.br\/?p=1169#article\",\"isPartOf\":{\"@id\":\"https:\/\/dublagembrasileira.com.br\/?p=1169\"},\"author\":{\"name\":\"Reda\u00e7\u00e3o\",\"@id\":\"https:\/\/dublagembrasileira.com.br\/#\/schema\/person\/a75bac594c0e9a0b96508b7e124f20d1\"},\"headline\":\"Dubladora Miriam Ficher \u00e9 atra\u00e7\u00e3o na F\u00e1brica de Sonhos &#8211; Mostra de Anima\u00e7\u00e3o.\",\"datePublished\":\"2019-07-23T19:05:40+00:00\",\"dateModified\":\"2019-07-25T22:45:34+00:00\",\"mainEntityOfPage\":{\"@id\":\"https:\/\/dublagembrasileira.com.br\/?p=1169\"},\"wordCount\":341,\"commentCount\":0,\"publisher\":{\"@id\":\"https:\/\/dublagembrasileira.com.br\/#organization\"},\"image\":{\"@id\":\"https:\/\/dublagembrasileira.com.br\/?p=1169#primaryimage\"},\"thumbnailUrl\":\"https:\/\/dublagembrasileira.com.br\/wp-content\/uploads\/2019\/07\/miriamficher.jpg\",\"keywords\":[\"dubla\",\"dublado\",\"dublador\",\"dubladora\",\"dublagem\",\"evento\",\"miriam ficher\"],\"articleSection\":[\"Acontece\",\"Not\u00edcias\"],\"inLanguage\":\"pt-BR\",\"potentialAction\":[{\"@type\":\"CommentAction\",\"name\":\"Comment\",\"target\":[\"https:\/\/dublagembrasileira.com.br\/?p=1169#respond\"]}]},{\"@type\":\"WebPage\",\"@id\":\"https:\/\/dublagembrasileira.com.br\/?p=1169\",\"url\":\"https:\/\/dublagembrasileira.com.br\/?p=1169\",\"name\":\"Dubladora Miriam Ficher \u00e9 atra\u00e7\u00e3o na F\u00e1brica de Sonhos - Mostra de Anima\u00e7\u00e3o. | DB - Dublagem Brasileira\",\"isPartOf\":{\"@id\":\"https:\/\/dublagembrasileira.com.br\/#website\"},\"primaryImageOfPage\":{\"@id\":\"https:\/\/dublagembrasileira.com.br\/?p=1169#primaryimage\"},\"image\":{\"@id\":\"https:\/\/dublagembrasileira.com.br\/?p=1169#primaryimage\"},\"thumbnailUrl\":\"https:\/\/dublagembrasileira.com.br\/wp-content\/uploads\/2019\/07\/miriamficher.jpg\",\"datePublished\":\"2019-07-23T19:05:40+00:00\",\"dateModified\":\"2019-07-25T22:45:34+00:00\",\"description\":\"Miriam Ficher na F\u00e1brica de Sonhos - Mostra de Anima\u00e7\u00e3o, dubladora estar\u00e1 no Centro Cultural Banco do Brasil Belo Horizonte.\",\"breadcrumb\":{\"@id\":\"https:\/\/dublagembrasileira.com.br\/?p=1169#breadcrumb\"},\"inLanguage\":\"pt-BR\",\"potentialAction\":[{\"@type\":\"ReadAction\",\"target\":[\"https:\/\/dublagembrasileira.com.br\/?p=1169\"]}]},{\"@type\":\"ImageObject\",\"inLanguage\":\"pt-BR\",\"@id\":\"https:\/\/dublagembrasileira.com.br\/?p=1169#primaryimage\",\"url\":\"https:\/\/dublagembrasileira.com.br\/wp-content\/uploads\/2019\/07\/miriamficher.jpg\",\"contentUrl\":\"https:\/\/dublagembrasileira.com.br\/wp-content\/uploads\/2019\/07\/miriamficher.jpg\",\"width\":704,\"height\":496,\"caption\":\"Miriam Ficher durante a realiza\u00e7\u00e3o de uma dublagem.\"},{\"@type\":\"BreadcrumbList\",\"@id\":\"https:\/\/dublagembrasileira.com.br\/?p=1169#breadcrumb\",\"itemListElement\":[{\"@type\":\"ListItem\",\"position\":1,\"name\":\"In\u00edcio\",\"item\":\"https:\/\/dublagembrasileira.com.br\/\"},{\"@type\":\"ListItem\",\"position\":2,\"name\":\"Dubladora Miriam Ficher \u00e9 atra\u00e7\u00e3o na F\u00e1brica de Sonhos &#8211; Mostra de Anima\u00e7\u00e3o.\"}]},{\"@type\":\"WebSite\",\"@id\":\"https:\/\/dublagembrasileira.com.br\/#website\",\"url\":\"https:\/\/dublagembrasileira.com.br\/\",\"name\":\"DB - Dublagem Brasileira\",\"description\":\"O seu portal de dublagem.\",\"publisher\":{\"@id\":\"https:\/\/dublagembrasileira.com.br\/#organization\"},\"potentialAction\":[{\"@type\":\"SearchAction\",\"target\":{\"@type\":\"EntryPoint\",\"urlTemplate\":\"https:\/\/dublagembrasileira.com.br\/?s={search_term_string}\"},\"query-input\":{\"@type\":\"PropertyValueSpecification\",\"valueRequired\":true,\"valueName\":\"search_term_string\"}}],\"inLanguage\":\"pt-BR\"},{\"@type\":\"Organization\",\"@id\":\"https:\/\/dublagembrasileira.com.br\/#organization\",\"name\":\"DB - Dublagem Brasileira\",\"url\":\"https:\/\/dublagembrasileira.com.br\/\",\"logo\":{\"@type\":\"ImageObject\",\"inLanguage\":\"pt-BR\",\"@id\":\"https:\/\/dublagembrasileira.com.br\/#\/schema\/logo\/image\/\",\"url\":\"https:\/\/dublagembrasileira.com.br\/wp-content\/uploads\/2019\/07\/cropped-logotipodb.png\",\"contentUrl\":\"https:\/\/dublagembrasileira.com.br\/wp-content\/uploads\/2019\/07\/cropped-logotipodb.png\",\"width\":946,\"height\":589,\"caption\":\"DB - Dublagem Brasileira\"},\"image\":{\"@id\":\"https:\/\/dublagembrasileira.com.br\/#\/schema\/logo\/image\/\"}},{\"@type\":\"Person\",\"@id\":\"https:\/\/dublagembrasileira.com.br\/#\/schema\/person\/a75bac594c0e9a0b96508b7e124f20d1\",\"name\":\"Reda\u00e7\u00e3o\",\"image\":{\"@type\":\"ImageObject\",\"inLanguage\":\"pt-BR\",\"@id\":\"https:\/\/dublagembrasileira.com.br\/#\/schema\/person\/image\/\",\"url\":\"http:\/\/dublagembrasileira.com.br\/wp-content\/uploads\/2025\/06\/admin-96x96.jpg\",\"contentUrl\":\"http:\/\/dublagembrasileira.com.br\/wp-content\/uploads\/2025\/06\/admin-96x96.jpg\",\"caption\":\"Reda\u00e7\u00e3o\"},\"description\":\"Equipe do DB.\",\"sameAs\":[\"https:\/\/www.facebook.com\/dublagembrasileira\",\"https:\/\/www.instagram.com\/dbdublagembrasileira\",\"https:\/\/x.com\/dbdublagem\"],\"url\":\"https:\/\/dublagembrasileira.com.br\/?author=4\"}]}<\/script>\n<!-- \/ Yoast SEO plugin. -->","yoast_head_json":{"title":"Dubladora Miriam Ficher \u00e9 atra\u00e7\u00e3o na F\u00e1brica de Sonhos - Mostra de Anima\u00e7\u00e3o. | DB - Dublagem Brasileira","description":"Miriam Ficher na F\u00e1brica de Sonhos - Mostra de Anima\u00e7\u00e3o, dubladora estar\u00e1 no Centro Cultural Banco do Brasil Belo Horizonte.","robots":{"index":"index","follow":"follow","max-snippet":"max-snippet:-1","max-image-preview":"max-image-preview:large","max-video-preview":"max-video-preview:-1"},"canonical":"https:\/\/dublagembrasileira.com.br\/?p=1169","og_locale":"pt_BR","og_type":"article","og_title":"Dubladora Miriam Ficher \u00e9 atra\u00e7\u00e3o na F\u00e1brica de Sonhos - Mostra de Anima\u00e7\u00e3o. | DB - Dublagem Brasileira","og_description":"Miriam Ficher na F\u00e1brica de Sonhos - Mostra de Anima\u00e7\u00e3o, dubladora estar\u00e1 no Centro Cultural Banco do Brasil Belo Horizonte.","og_url":"https:\/\/dublagembrasileira.com.br\/?p=1169","og_site_name":"DB - Dublagem Brasileira","article_author":"https:\/\/www.facebook.com\/dublagembrasileira","article_published_time":"2019-07-23T19:05:40+00:00","article_modified_time":"2019-07-25T22:45:34+00:00","og_image":[{"width":704,"height":496,"url":"https:\/\/dublagembrasileira.com.br\/wp-content\/uploads\/2019\/07\/miriamficher.jpg","type":"image\/jpeg"}],"author":"Reda\u00e7\u00e3o","twitter_card":"summary_large_image","twitter_creator":"@dbdublagem","twitter_misc":{"Escrito por":"Reda\u00e7\u00e3o","Est. tempo de leitura":"2 minutos"},"schema":{"@context":"https:\/\/schema.org","@graph":[{"@type":"Article","@id":"https:\/\/dublagembrasileira.com.br\/?p=1169#article","isPartOf":{"@id":"https:\/\/dublagembrasileira.com.br\/?p=1169"},"author":{"name":"Reda\u00e7\u00e3o","@id":"https:\/\/dublagembrasileira.com.br\/#\/schema\/person\/a75bac594c0e9a0b96508b7e124f20d1"},"headline":"Dubladora Miriam Ficher \u00e9 atra\u00e7\u00e3o na F\u00e1brica de Sonhos &#8211; Mostra de Anima\u00e7\u00e3o.","datePublished":"2019-07-23T19:05:40+00:00","dateModified":"2019-07-25T22:45:34+00:00","mainEntityOfPage":{"@id":"https:\/\/dublagembrasileira.com.br\/?p=1169"},"wordCount":341,"commentCount":0,"publisher":{"@id":"https:\/\/dublagembrasileira.com.br\/#organization"},"image":{"@id":"https:\/\/dublagembrasileira.com.br\/?p=1169#primaryimage"},"thumbnailUrl":"https:\/\/dublagembrasileira.com.br\/wp-content\/uploads\/2019\/07\/miriamficher.jpg","keywords":["dubla","dublado","dublador","dubladora","dublagem","evento","miriam ficher"],"articleSection":["Acontece","Not\u00edcias"],"inLanguage":"pt-BR","potentialAction":[{"@type":"CommentAction","name":"Comment","target":["https:\/\/dublagembrasileira.com.br\/?p=1169#respond"]}]},{"@type":"WebPage","@id":"https:\/\/dublagembrasileira.com.br\/?p=1169","url":"https:\/\/dublagembrasileira.com.br\/?p=1169","name":"Dubladora Miriam Ficher \u00e9 atra\u00e7\u00e3o na F\u00e1brica de Sonhos - Mostra de Anima\u00e7\u00e3o. | DB - Dublagem Brasileira","isPartOf":{"@id":"https:\/\/dublagembrasileira.com.br\/#website"},"primaryImageOfPage":{"@id":"https:\/\/dublagembrasileira.com.br\/?p=1169#primaryimage"},"image":{"@id":"https:\/\/dublagembrasileira.com.br\/?p=1169#primaryimage"},"thumbnailUrl":"https:\/\/dublagembrasileira.com.br\/wp-content\/uploads\/2019\/07\/miriamficher.jpg","datePublished":"2019-07-23T19:05:40+00:00","dateModified":"2019-07-25T22:45:34+00:00","description":"Miriam Ficher na F\u00e1brica de Sonhos - Mostra de Anima\u00e7\u00e3o, dubladora estar\u00e1 no Centro Cultural Banco do Brasil Belo Horizonte.","breadcrumb":{"@id":"https:\/\/dublagembrasileira.com.br\/?p=1169#breadcrumb"},"inLanguage":"pt-BR","potentialAction":[{"@type":"ReadAction","target":["https:\/\/dublagembrasileira.com.br\/?p=1169"]}]},{"@type":"ImageObject","inLanguage":"pt-BR","@id":"https:\/\/dublagembrasileira.com.br\/?p=1169#primaryimage","url":"https:\/\/dublagembrasileira.com.br\/wp-content\/uploads\/2019\/07\/miriamficher.jpg","contentUrl":"https:\/\/dublagembrasileira.com.br\/wp-content\/uploads\/2019\/07\/miriamficher.jpg","width":704,"height":496,"caption":"Miriam Ficher durante a realiza\u00e7\u00e3o de uma dublagem."},{"@type":"BreadcrumbList","@id":"https:\/\/dublagembrasileira.com.br\/?p=1169#breadcrumb","itemListElement":[{"@type":"ListItem","position":1,"name":"In\u00edcio","item":"https:\/\/dublagembrasileira.com.br\/"},{"@type":"ListItem","position":2,"name":"Dubladora Miriam Ficher \u00e9 atra\u00e7\u00e3o na F\u00e1brica de Sonhos &#8211; Mostra de Anima\u00e7\u00e3o."}]},{"@type":"WebSite","@id":"https:\/\/dublagembrasileira.com.br\/#website","url":"https:\/\/dublagembrasileira.com.br\/","name":"DB - Dublagem Brasileira","description":"O seu portal de dublagem.","publisher":{"@id":"https:\/\/dublagembrasileira.com.br\/#organization"},"potentialAction":[{"@type":"SearchAction","target":{"@type":"EntryPoint","urlTemplate":"https:\/\/dublagembrasileira.com.br\/?s={search_term_string}"},"query-input":{"@type":"PropertyValueSpecification","valueRequired":true,"valueName":"search_term_string"}}],"inLanguage":"pt-BR"},{"@type":"Organization","@id":"https:\/\/dublagembrasileira.com.br\/#organization","name":"DB - Dublagem Brasileira","url":"https:\/\/dublagembrasileira.com.br\/","logo":{"@type":"ImageObject","inLanguage":"pt-BR","@id":"https:\/\/dublagembrasileira.com.br\/#\/schema\/logo\/image\/","url":"https:\/\/dublagembrasileira.com.br\/wp-content\/uploads\/2019\/07\/cropped-logotipodb.png","contentUrl":"https:\/\/dublagembrasileira.com.br\/wp-content\/uploads\/2019\/07\/cropped-logotipodb.png","width":946,"height":589,"caption":"DB - Dublagem Brasileira"},"image":{"@id":"https:\/\/dublagembrasileira.com.br\/#\/schema\/logo\/image\/"}},{"@type":"Person","@id":"https:\/\/dublagembrasileira.com.br\/#\/schema\/person\/a75bac594c0e9a0b96508b7e124f20d1","name":"Reda\u00e7\u00e3o","image":{"@type":"ImageObject","inLanguage":"pt-BR","@id":"https:\/\/dublagembrasileira.com.br\/#\/schema\/person\/image\/","url":"http:\/\/dublagembrasileira.com.br\/wp-content\/uploads\/2025\/06\/admin-96x96.jpg","contentUrl":"http:\/\/dublagembrasileira.com.br\/wp-content\/uploads\/2025\/06\/admin-96x96.jpg","caption":"Reda\u00e7\u00e3o"},"description":"Equipe do DB.","sameAs":["https:\/\/www.facebook.com\/dublagembrasileira","https:\/\/www.instagram.com\/dbdublagembrasileira","https:\/\/x.com\/dbdublagem"],"url":"https:\/\/dublagembrasileira.com.br\/?author=4"}]}},"rttpg_featured_image_url":{"full":["https:\/\/dublagembrasileira.com.br\/wp-content\/uploads\/2019\/07\/miriamficher.jpg",704,496,false],"landscape":["https:\/\/dublagembrasileira.com.br\/wp-content\/uploads\/2019\/07\/miriamficher.jpg",704,496,false],"portraits":["https:\/\/dublagembrasileira.com.br\/wp-content\/uploads\/2019\/07\/miriamficher.jpg",704,496,false],"thumbnail":["https:\/\/dublagembrasileira.com.br\/wp-content\/uploads\/2019\/07\/miriamficher-150x150.jpg",150,150,true],"medium":["https:\/\/dublagembrasileira.com.br\/wp-content\/uploads\/2019\/07\/miriamficher-300x211.jpg",300,211,true],"large":["https:\/\/dublagembrasileira.com.br\/wp-content\/uploads\/2019\/07\/miriamficher.jpg",640,451,false],"1536x1536":["https:\/\/dublagembrasileira.com.br\/wp-content\/uploads\/2019\/07\/miriamficher.jpg",704,496,false],"2048x2048":["https:\/\/dublagembrasileira.com.br\/wp-content\/uploads\/2019\/07\/miriamficher.jpg",704,496,false],"eggnews-slider-large":["https:\/\/dublagembrasileira.com.br\/wp-content\/uploads\/2019\/07\/miriamficher.jpg",704,496,false],"eggnews-featured-medium":["https:\/\/dublagembrasileira.com.br\/wp-content\/uploads\/2019\/07\/miriamficher-420x307.jpg",420,307,true],"eggnews-featured-long":["https:\/\/dublagembrasileira.com.br\/wp-content\/uploads\/2019\/07\/miriamficher-300x443.jpg",300,443,true],"eggnews-block-medium":["https:\/\/dublagembrasileira.com.br\/wp-content\/uploads\/2019\/07\/miriamficher-464x290.jpg",464,290,true],"eggnews-carousel-image":["https:\/\/dublagembrasileira.com.br\/wp-content\/uploads\/2019\/07\/miriamficher-600x496.jpg",600,496,true],"eggnews-block-thumb":["https:\/\/dublagembrasileira.com.br\/wp-content\/uploads\/2019\/07\/miriamficher-322x230.jpg",322,230,true],"eggnews-single-large":["https:\/\/dublagembrasileira.com.br\/wp-content\/uploads\/2019\/07\/miriamficher.jpg",704,496,false],"crp_thumbnail":["https:\/\/dublagembrasileira.com.br\/wp-content\/uploads\/2019\/07\/miriamficher-150x150.jpg",150,150,true]},"rttpg_author":{"display_name":"Reda\u00e7\u00e3o","author_link":"https:\/\/dublagembrasileira.com.br\/?author=4"},"rttpg_comment":1,"rttpg_category":"<a href=\"https:\/\/dublagembrasileira.com.br\/?cat=21\" rel=\"category\">Acontece<\/a> <a href=\"https:\/\/dublagembrasileira.com.br\/?cat=13\" rel=\"category\">Not\u00edcias<\/a>","rttpg_excerpt":"Dubladora \u00e9 destaque nessa quinta-feira em evento no Centro Cultural Banco do Brasil Belo Horizonte. Certamente um dos mais importantes est\u00fadios cinematogr\u00e1ficos do mundo, a\u00a0DreamWorks ganhou uma retrospectiva em comemora\u00e7\u00e3o aos seus 25 anos e a revolu\u00e7\u00e3o provocada no cinema\u00a0 por suas t\u00e9cnicas de anima\u00e7\u00e3o. O evento ocorre desde o dia 10 desse m\u00eas no&hellip;","_links":{"self":[{"href":"https:\/\/dublagembrasileira.com.br\/index.php?rest_route=\/wp\/v2\/posts\/1169","targetHints":{"allow":["GET"]}}],"collection":[{"href":"https:\/\/dublagembrasileira.com.br\/index.php?rest_route=\/wp\/v2\/posts"}],"about":[{"href":"https:\/\/dublagembrasileira.com.br\/index.php?rest_route=\/wp\/v2\/types\/post"}],"author":[{"embeddable":true,"href":"https:\/\/dublagembrasileira.com.br\/index.php?rest_route=\/wp\/v2\/users\/4"}],"replies":[{"embeddable":true,"href":"https:\/\/dublagembrasileira.com.br\/index.php?rest_route=%2Fwp%2Fv2%2Fcomments&post=1169"}],"version-history":[{"count":6,"href":"https:\/\/dublagembrasileira.com.br\/index.php?rest_route=\/wp\/v2\/posts\/1169\/revisions"}],"predecessor-version":[{"id":1263,"href":"https:\/\/dublagembrasileira.com.br\/index.php?rest_route=\/wp\/v2\/posts\/1169\/revisions\/1263"}],"wp:featuredmedia":[{"embeddable":true,"href":"https:\/\/dublagembrasileira.com.br\/index.php?rest_route=\/wp\/v2\/media\/1172"}],"wp:attachment":[{"href":"https:\/\/dublagembrasileira.com.br\/index.php?rest_route=%2Fwp%2Fv2%2Fmedia&parent=1169"}],"wp:term":[{"taxonomy":"category","embeddable":true,"href":"https:\/\/dublagembrasileira.com.br\/index.php?rest_route=%2Fwp%2Fv2%2Fcategories&post=1169"},{"taxonomy":"post_tag","embeddable":true,"href":"https:\/\/dublagembrasileira.com.br\/index.php?rest_route=%2Fwp%2Fv2%2Ftags&post=1169"}],"curies":[{"name":"wp","href":"https:\/\/api.w.org\/{rel}","templated":true}]}}