{"id":1049,"date":"2019-07-19T12:55:00","date_gmt":"2019-07-19T12:55:00","guid":{"rendered":"http:\/\/dublagembrasileira.com.br\/?p=1049"},"modified":"2019-07-26T11:41:36","modified_gmt":"2019-07-26T11:41:36","slug":"my-hero-academia-2-herois-ganha-previa-dublada","status":"publish","type":"post","link":"https:\/\/dublagembrasileira.com.br\/?p=1049","title":{"rendered":"My Hero Academia \u2013 2 Her\u00f3is ganha pr\u00e9via dublada."},"content":{"rendered":"<h4><em>Filme que estreia em agosto tem parte da dublagem exibida em trailer de 2 minutos.<\/em><\/h4>\n<hr \/>\n<p style=\"text-align: justify;\"><strong>My Hero Academia \u2013 2 Her\u00f3is<\/strong>, que j\u00e1 teve parte do seu elenco brasileiro de dublagem confirmado <a href=\"http:\/\/dublagembrasileira.com.br\/?s=My+Hero+Academia\">aqui no DB<\/a> recebeu uma nova pr\u00e9via dublada.<\/p>\n<p style=\"text-align: justify;\">O filme conta a hist\u00f3ria de Deku e All Might que recebem um convite para a I-Expo, a principal exposi\u00e7\u00e3o mundial de habilidades Quirk onde ir\u00e3o conhecer as mais novas inven\u00e7\u00f5es para her\u00f3is. No evento, Deku conhece Melissa, uma menina que \u00e9 Quirkless (sem poderes) como ele j\u00e1 foi um dia. De repente, o poderoso sistema de seguran\u00e7a da I-Expo \u00e9 invadido por vil\u00f5es e um plano sinistro \u00e9 posto em a\u00e7\u00e3o amea\u00e7ando a sociedade de her\u00f3is. Somente um homem det\u00e9m a chave para tudo \u2013 o todo poderoso s\u00edmbolo da paz: All Might.<\/p>\n<p style=\"text-align: justify;\"><strong>My Hero Academia: 2 Her\u00f3is \u2013 o Filme <\/strong>est\u00e1 com sua estreia no Brasil\u00a0 marcada para o dia 8 de agosto, mas ter\u00e1 sess\u00f5es limitadas por aqui. Ingressos est\u00e3o em pr\u00e9-venda no Cinemark.<\/p>\n<p style=\"text-align: justify;\">Confira abaixo a pr\u00e9via dublada que foi lan\u00e7ada no <a href=\"https:\/\/www.youtube.com\/channel\/UCfDj-tMI1GngOiZ58U0soVw\">canal<\/a> do Youtube do Cinemark.<\/p>\n<p style=\"text-align: center;\"><iframe data-src=\"https:\/\/www.youtube.com\/embed\/tZY3m4H1k20\" width=\"560\" height=\"315\" frameborder=\"0\" allowfullscreen=\"allowfullscreen\" src=\"data:image\/svg+xml;base64,PHN2ZyB3aWR0aD0iMSIgaGVpZ2h0PSIxIiB4bWxucz0iaHR0cDovL3d3dy53My5vcmcvMjAwMC9zdmciPjwvc3ZnPg==\" class=\"lazyload\" data-load-mode=\"1\"><\/iframe><\/p>\n","protected":false},"excerpt":{"rendered":"<p>Filme que estreia em agosto tem parte da dublagem exibida em trailer de 2 minutos. My Hero Academia \u2013 2 Her\u00f3is, que j\u00e1 teve parte do seu elenco brasileiro de dublagem confirmado aqui no DB recebeu uma nova pr\u00e9via dublada. O filme conta a hist\u00f3ria de Deku e All Might que recebem um convite para a I-Expo, a principal exposi\u00e7\u00e3o mundial de habilidades Quirk onde ir\u00e3o conhecer as mais novas inven\u00e7\u00f5es para her\u00f3is. No evento, Deku conhece Melissa, uma menina que \u00e9 Quirkless (sem poderes) como ele j\u00e1 foi um dia. De repente, o poderoso sistema de seguran\u00e7a da I-Expo \u00e9 invadido por vil\u00f5es e um plano sinistro \u00e9 posto em a\u00e7\u00e3o amea\u00e7ando a sociedade de her\u00f3is. Somente um homem det\u00e9m a chave para tudo \u2013 o todo poderoso s\u00edmbolo da paz: All Might. My Hero Academia: 2 Her\u00f3is \u2013 o Filme est\u00e1 com sua estreia no Brasil\u00a0 marcada para o dia 8 de agosto, mas ter\u00e1 sess\u00f5es limitadas por aqui. Ingressos est\u00e3o em pr\u00e9-venda no Cinemark. Confira abaixo a pr\u00e9via dublada que foi lan\u00e7ada no canal do Youtube do Cinemark.<\/p>\n","protected":false},"author":1,"featured_media":412,"comment_status":"open","ping_status":"open","sticky":false,"template":"","format":"standard","meta":{"_monsterinsights_skip_tracking":false,"_monsterinsights_sitenote_active":false,"_monsterinsights_sitenote_note":"","_monsterinsights_sitenote_category":0,"footnotes":""},"categories":[5,7,13],"tags":[127,124,33,34,27,108],"class_list":["post-1049","post","type-post","status-publish","format-standard","has-post-thumbnail","hentry","category-animes","category-cinema","category-noticias","tag-dubla","tag-dublado","tag-dublador","tag-dubladora","tag-dublagem","tag-my-hero-academia"],"yoast_head":"<!-- This site is optimized with the Yoast SEO plugin v26.1.1 - https:\/\/yoast.com\/wordpress\/plugins\/seo\/ -->\n<title>My Hero Academia \u2013 2 Her\u00f3is ganha pr\u00e9via dublada. | DB - Dublagem Brasileira<\/title>\n<meta name=\"description\" content=\"My Hero Academia: 2 Her\u00f3is \u2013 o Filme que estreia em agosto tem parte da dublagem exibida em trailer de 2 minutos.\" \/>\n<meta name=\"robots\" content=\"index, follow, max-snippet:-1, max-image-preview:large, max-video-preview:-1\" \/>\n<link rel=\"canonical\" href=\"https:\/\/dublagembrasileira.com.br\/?p=1049\" \/>\n<meta property=\"og:locale\" content=\"pt_BR\" \/>\n<meta property=\"og:type\" content=\"article\" \/>\n<meta property=\"og:title\" content=\"My Hero Academia \u2013 2 Her\u00f3is ganha pr\u00e9via dublada. | DB - Dublagem Brasileira\" \/>\n<meta property=\"og:description\" content=\"My Hero Academia: 2 Her\u00f3is \u2013 o Filme que estreia em agosto tem parte da dublagem exibida em trailer de 2 minutos.\" \/>\n<meta property=\"og:url\" content=\"https:\/\/dublagembrasileira.com.br\/?p=1049\" \/>\n<meta property=\"og:site_name\" content=\"DB - Dublagem Brasileira\" \/>\n<meta property=\"article:published_time\" content=\"2019-07-19T12:55:00+00:00\" \/>\n<meta property=\"article:modified_time\" content=\"2019-07-26T11:41:36+00:00\" \/>\n<meta property=\"og:image\" content=\"https:\/\/dublagembrasileira.com.br\/wp-content\/uploads\/2019\/07\/myhero2.jpg\" \/>\n\t<meta property=\"og:image:width\" content=\"674\" \/>\n\t<meta property=\"og:image:height\" content=\"475\" \/>\n\t<meta property=\"og:image:type\" content=\"image\/jpeg\" \/>\n<meta name=\"author\" content=\"Iza\u00edas Correia\" \/>\n<meta name=\"twitter:card\" content=\"summary_large_image\" \/>\n<meta name=\"twitter:label1\" content=\"Escrito por\" \/>\n\t<meta name=\"twitter:data1\" content=\"Iza\u00edas Correia\" \/>\n\t<meta name=\"twitter:label2\" content=\"Est. tempo de leitura\" \/>\n\t<meta name=\"twitter:data2\" content=\"1 minuto\" \/>\n<script type=\"application\/ld+json\" class=\"yoast-schema-graph\">{\"@context\":\"https:\/\/schema.org\",\"@graph\":[{\"@type\":\"Article\",\"@id\":\"https:\/\/dublagembrasileira.com.br\/?p=1049#article\",\"isPartOf\":{\"@id\":\"https:\/\/dublagembrasileira.com.br\/?p=1049\"},\"author\":{\"name\":\"Iza\u00edas Correia\",\"@id\":\"https:\/\/dublagembrasileira.com.br\/#\/schema\/person\/6298fd46a47d1ef447a90b2fc9f2b215\"},\"headline\":\"My Hero Academia \u2013 2 Her\u00f3is ganha pr\u00e9via dublada.\",\"datePublished\":\"2019-07-19T12:55:00+00:00\",\"dateModified\":\"2019-07-26T11:41:36+00:00\",\"mainEntityOfPage\":{\"@id\":\"https:\/\/dublagembrasileira.com.br\/?p=1049\"},\"wordCount\":200,\"commentCount\":0,\"publisher\":{\"@id\":\"https:\/\/dublagembrasileira.com.br\/#organization\"},\"image\":{\"@id\":\"https:\/\/dublagembrasileira.com.br\/?p=1049#primaryimage\"},\"thumbnailUrl\":\"https:\/\/dublagembrasileira.com.br\/wp-content\/uploads\/2019\/07\/myhero2.jpg\",\"keywords\":[\"dubla\",\"dublado\",\"dublador\",\"dubladora\",\"dublagem\",\"my hero academia\"],\"articleSection\":[\"Animes\",\"Cinema\",\"Not\u00edcias\"],\"inLanguage\":\"pt-BR\",\"potentialAction\":[{\"@type\":\"CommentAction\",\"name\":\"Comment\",\"target\":[\"https:\/\/dublagembrasileira.com.br\/?p=1049#respond\"]}]},{\"@type\":\"WebPage\",\"@id\":\"https:\/\/dublagembrasileira.com.br\/?p=1049\",\"url\":\"https:\/\/dublagembrasileira.com.br\/?p=1049\",\"name\":\"My Hero Academia \u2013 2 Her\u00f3is ganha pr\u00e9via dublada. | DB - Dublagem Brasileira\",\"isPartOf\":{\"@id\":\"https:\/\/dublagembrasileira.com.br\/#website\"},\"primaryImageOfPage\":{\"@id\":\"https:\/\/dublagembrasileira.com.br\/?p=1049#primaryimage\"},\"image\":{\"@id\":\"https:\/\/dublagembrasileira.com.br\/?p=1049#primaryimage\"},\"thumbnailUrl\":\"https:\/\/dublagembrasileira.com.br\/wp-content\/uploads\/2019\/07\/myhero2.jpg\",\"datePublished\":\"2019-07-19T12:55:00+00:00\",\"dateModified\":\"2019-07-26T11:41:36+00:00\",\"description\":\"My Hero Academia: 2 Her\u00f3is \u2013 o Filme que estreia em agosto tem parte da dublagem exibida em trailer de 2 minutos.\",\"breadcrumb\":{\"@id\":\"https:\/\/dublagembrasileira.com.br\/?p=1049#breadcrumb\"},\"inLanguage\":\"pt-BR\",\"potentialAction\":[{\"@type\":\"ReadAction\",\"target\":[\"https:\/\/dublagembrasileira.com.br\/?p=1049\"]}]},{\"@type\":\"ImageObject\",\"inLanguage\":\"pt-BR\",\"@id\":\"https:\/\/dublagembrasileira.com.br\/?p=1049#primaryimage\",\"url\":\"https:\/\/dublagembrasileira.com.br\/wp-content\/uploads\/2019\/07\/myhero2.jpg\",\"contentUrl\":\"https:\/\/dublagembrasileira.com.br\/wp-content\/uploads\/2019\/07\/myhero2.jpg\",\"width\":674,\"height\":475},{\"@type\":\"BreadcrumbList\",\"@id\":\"https:\/\/dublagembrasileira.com.br\/?p=1049#breadcrumb\",\"itemListElement\":[{\"@type\":\"ListItem\",\"position\":1,\"name\":\"In\u00edcio\",\"item\":\"https:\/\/dublagembrasileira.com.br\/\"},{\"@type\":\"ListItem\",\"position\":2,\"name\":\"My Hero Academia \u2013 2 Her\u00f3is ganha pr\u00e9via dublada.\"}]},{\"@type\":\"WebSite\",\"@id\":\"https:\/\/dublagembrasileira.com.br\/#website\",\"url\":\"https:\/\/dublagembrasileira.com.br\/\",\"name\":\"DB - Dublagem Brasileira\",\"description\":\"O seu portal de dublagem.\",\"publisher\":{\"@id\":\"https:\/\/dublagembrasileira.com.br\/#organization\"},\"potentialAction\":[{\"@type\":\"SearchAction\",\"target\":{\"@type\":\"EntryPoint\",\"urlTemplate\":\"https:\/\/dublagembrasileira.com.br\/?s={search_term_string}\"},\"query-input\":{\"@type\":\"PropertyValueSpecification\",\"valueRequired\":true,\"valueName\":\"search_term_string\"}}],\"inLanguage\":\"pt-BR\"},{\"@type\":\"Organization\",\"@id\":\"https:\/\/dublagembrasileira.com.br\/#organization\",\"name\":\"DB - Dublagem Brasileira\",\"url\":\"https:\/\/dublagembrasileira.com.br\/\",\"logo\":{\"@type\":\"ImageObject\",\"inLanguage\":\"pt-BR\",\"@id\":\"https:\/\/dublagembrasileira.com.br\/#\/schema\/logo\/image\/\",\"url\":\"https:\/\/dublagembrasileira.com.br\/wp-content\/uploads\/2019\/07\/cropped-logotipodb.png\",\"contentUrl\":\"https:\/\/dublagembrasileira.com.br\/wp-content\/uploads\/2019\/07\/cropped-logotipodb.png\",\"width\":946,\"height\":589,\"caption\":\"DB - Dublagem Brasileira\"},\"image\":{\"@id\":\"https:\/\/dublagembrasileira.com.br\/#\/schema\/logo\/image\/\"}},{\"@type\":\"Person\",\"@id\":\"https:\/\/dublagembrasileira.com.br\/#\/schema\/person\/6298fd46a47d1ef447a90b2fc9f2b215\",\"name\":\"Iza\u00edas Correia\",\"image\":{\"@type\":\"ImageObject\",\"inLanguage\":\"pt-BR\",\"@id\":\"https:\/\/dublagembrasileira.com.br\/#\/schema\/person\/image\/\",\"url\":\"http:\/\/dublagembrasileira.com.br\/wp-content\/uploads\/2025\/06\/cropped-izaiascorreia-96x96.jpg\",\"contentUrl\":\"http:\/\/dublagembrasileira.com.br\/wp-content\/uploads\/2025\/06\/cropped-izaiascorreia-96x96.jpg\",\"caption\":\"Iza\u00edas Correia\"},\"description\":\"Professor, roteirista e web-designer, respons\u00e1vel pelo site InfanTv. Tamb\u00e9m \u00e9 pesquisador da dublagem brasileira.\",\"url\":\"https:\/\/dublagembrasileira.com.br\/?author=1\"}]}<\/script>\n<!-- \/ Yoast SEO plugin. -->","yoast_head_json":{"title":"My Hero Academia \u2013 2 Her\u00f3is ganha pr\u00e9via dublada. | DB - Dublagem Brasileira","description":"My Hero Academia: 2 Her\u00f3is \u2013 o Filme que estreia em agosto tem parte da dublagem exibida em trailer de 2 minutos.","robots":{"index":"index","follow":"follow","max-snippet":"max-snippet:-1","max-image-preview":"max-image-preview:large","max-video-preview":"max-video-preview:-1"},"canonical":"https:\/\/dublagembrasileira.com.br\/?p=1049","og_locale":"pt_BR","og_type":"article","og_title":"My Hero Academia \u2013 2 Her\u00f3is ganha pr\u00e9via dublada. | DB - Dublagem Brasileira","og_description":"My Hero Academia: 2 Her\u00f3is \u2013 o Filme que estreia em agosto tem parte da dublagem exibida em trailer de 2 minutos.","og_url":"https:\/\/dublagembrasileira.com.br\/?p=1049","og_site_name":"DB - Dublagem Brasileira","article_published_time":"2019-07-19T12:55:00+00:00","article_modified_time":"2019-07-26T11:41:36+00:00","og_image":[{"width":674,"height":475,"url":"https:\/\/dublagembrasileira.com.br\/wp-content\/uploads\/2019\/07\/myhero2.jpg","type":"image\/jpeg"}],"author":"Iza\u00edas Correia","twitter_card":"summary_large_image","twitter_misc":{"Escrito por":"Iza\u00edas Correia","Est. tempo de leitura":"1 minuto"},"schema":{"@context":"https:\/\/schema.org","@graph":[{"@type":"Article","@id":"https:\/\/dublagembrasileira.com.br\/?p=1049#article","isPartOf":{"@id":"https:\/\/dublagembrasileira.com.br\/?p=1049"},"author":{"name":"Iza\u00edas Correia","@id":"https:\/\/dublagembrasileira.com.br\/#\/schema\/person\/6298fd46a47d1ef447a90b2fc9f2b215"},"headline":"My Hero Academia \u2013 2 Her\u00f3is ganha pr\u00e9via dublada.","datePublished":"2019-07-19T12:55:00+00:00","dateModified":"2019-07-26T11:41:36+00:00","mainEntityOfPage":{"@id":"https:\/\/dublagembrasileira.com.br\/?p=1049"},"wordCount":200,"commentCount":0,"publisher":{"@id":"https:\/\/dublagembrasileira.com.br\/#organization"},"image":{"@id":"https:\/\/dublagembrasileira.com.br\/?p=1049#primaryimage"},"thumbnailUrl":"https:\/\/dublagembrasileira.com.br\/wp-content\/uploads\/2019\/07\/myhero2.jpg","keywords":["dubla","dublado","dublador","dubladora","dublagem","my hero academia"],"articleSection":["Animes","Cinema","Not\u00edcias"],"inLanguage":"pt-BR","potentialAction":[{"@type":"CommentAction","name":"Comment","target":["https:\/\/dublagembrasileira.com.br\/?p=1049#respond"]}]},{"@type":"WebPage","@id":"https:\/\/dublagembrasileira.com.br\/?p=1049","url":"https:\/\/dublagembrasileira.com.br\/?p=1049","name":"My Hero Academia \u2013 2 Her\u00f3is ganha pr\u00e9via dublada. | DB - Dublagem Brasileira","isPartOf":{"@id":"https:\/\/dublagembrasileira.com.br\/#website"},"primaryImageOfPage":{"@id":"https:\/\/dublagembrasileira.com.br\/?p=1049#primaryimage"},"image":{"@id":"https:\/\/dublagembrasileira.com.br\/?p=1049#primaryimage"},"thumbnailUrl":"https:\/\/dublagembrasileira.com.br\/wp-content\/uploads\/2019\/07\/myhero2.jpg","datePublished":"2019-07-19T12:55:00+00:00","dateModified":"2019-07-26T11:41:36+00:00","description":"My Hero Academia: 2 Her\u00f3is \u2013 o Filme que estreia em agosto tem parte da dublagem exibida em trailer de 2 minutos.","breadcrumb":{"@id":"https:\/\/dublagembrasileira.com.br\/?p=1049#breadcrumb"},"inLanguage":"pt-BR","potentialAction":[{"@type":"ReadAction","target":["https:\/\/dublagembrasileira.com.br\/?p=1049"]}]},{"@type":"ImageObject","inLanguage":"pt-BR","@id":"https:\/\/dublagembrasileira.com.br\/?p=1049#primaryimage","url":"https:\/\/dublagembrasileira.com.br\/wp-content\/uploads\/2019\/07\/myhero2.jpg","contentUrl":"https:\/\/dublagembrasileira.com.br\/wp-content\/uploads\/2019\/07\/myhero2.jpg","width":674,"height":475},{"@type":"BreadcrumbList","@id":"https:\/\/dublagembrasileira.com.br\/?p=1049#breadcrumb","itemListElement":[{"@type":"ListItem","position":1,"name":"In\u00edcio","item":"https:\/\/dublagembrasileira.com.br\/"},{"@type":"ListItem","position":2,"name":"My Hero Academia \u2013 2 Her\u00f3is ganha pr\u00e9via dublada."}]},{"@type":"WebSite","@id":"https:\/\/dublagembrasileira.com.br\/#website","url":"https:\/\/dublagembrasileira.com.br\/","name":"DB - Dublagem Brasileira","description":"O seu portal de dublagem.","publisher":{"@id":"https:\/\/dublagembrasileira.com.br\/#organization"},"potentialAction":[{"@type":"SearchAction","target":{"@type":"EntryPoint","urlTemplate":"https:\/\/dublagembrasileira.com.br\/?s={search_term_string}"},"query-input":{"@type":"PropertyValueSpecification","valueRequired":true,"valueName":"search_term_string"}}],"inLanguage":"pt-BR"},{"@type":"Organization","@id":"https:\/\/dublagembrasileira.com.br\/#organization","name":"DB - Dublagem Brasileira","url":"https:\/\/dublagembrasileira.com.br\/","logo":{"@type":"ImageObject","inLanguage":"pt-BR","@id":"https:\/\/dublagembrasileira.com.br\/#\/schema\/logo\/image\/","url":"https:\/\/dublagembrasileira.com.br\/wp-content\/uploads\/2019\/07\/cropped-logotipodb.png","contentUrl":"https:\/\/dublagembrasileira.com.br\/wp-content\/uploads\/2019\/07\/cropped-logotipodb.png","width":946,"height":589,"caption":"DB - Dublagem Brasileira"},"image":{"@id":"https:\/\/dublagembrasileira.com.br\/#\/schema\/logo\/image\/"}},{"@type":"Person","@id":"https:\/\/dublagembrasileira.com.br\/#\/schema\/person\/6298fd46a47d1ef447a90b2fc9f2b215","name":"Iza\u00edas Correia","image":{"@type":"ImageObject","inLanguage":"pt-BR","@id":"https:\/\/dublagembrasileira.com.br\/#\/schema\/person\/image\/","url":"http:\/\/dublagembrasileira.com.br\/wp-content\/uploads\/2025\/06\/cropped-izaiascorreia-96x96.jpg","contentUrl":"http:\/\/dublagembrasileira.com.br\/wp-content\/uploads\/2025\/06\/cropped-izaiascorreia-96x96.jpg","caption":"Iza\u00edas Correia"},"description":"Professor, roteirista e web-designer, respons\u00e1vel pelo site InfanTv. Tamb\u00e9m \u00e9 pesquisador da dublagem brasileira.","url":"https:\/\/dublagembrasileira.com.br\/?author=1"}]}},"rttpg_featured_image_url":{"full":["https:\/\/dublagembrasileira.com.br\/wp-content\/uploads\/2019\/07\/myhero2.jpg",674,475,false],"landscape":["https:\/\/dublagembrasileira.com.br\/wp-content\/uploads\/2019\/07\/myhero2.jpg",674,475,false],"portraits":["https:\/\/dublagembrasileira.com.br\/wp-content\/uploads\/2019\/07\/myhero2.jpg",674,475,false],"thumbnail":["https:\/\/dublagembrasileira.com.br\/wp-content\/uploads\/2019\/07\/myhero2-150x150.jpg",150,150,true],"medium":["https:\/\/dublagembrasileira.com.br\/wp-content\/uploads\/2019\/07\/myhero2-300x211.jpg",300,211,true],"large":["https:\/\/dublagembrasileira.com.br\/wp-content\/uploads\/2019\/07\/myhero2.jpg",640,451,false],"1536x1536":["https:\/\/dublagembrasileira.com.br\/wp-content\/uploads\/2019\/07\/myhero2.jpg",674,475,false],"2048x2048":["https:\/\/dublagembrasileira.com.br\/wp-content\/uploads\/2019\/07\/myhero2.jpg",674,475,false],"eggnews-slider-large":["https:\/\/dublagembrasileira.com.br\/wp-content\/uploads\/2019\/07\/myhero2.jpg",674,475,false],"eggnews-featured-medium":["https:\/\/dublagembrasileira.com.br\/wp-content\/uploads\/2019\/07\/myhero2-420x307.jpg",420,307,true],"eggnews-featured-long":["https:\/\/dublagembrasileira.com.br\/wp-content\/uploads\/2019\/07\/myhero2-300x443.jpg",300,443,true],"eggnews-block-medium":["https:\/\/dublagembrasileira.com.br\/wp-content\/uploads\/2019\/07\/myhero2-464x290.jpg",464,290,true],"eggnews-carousel-image":["https:\/\/dublagembrasileira.com.br\/wp-content\/uploads\/2019\/07\/myhero2-600x475.jpg",600,475,true],"eggnews-block-thumb":["https:\/\/dublagembrasileira.com.br\/wp-content\/uploads\/2019\/07\/myhero2-322x230.jpg",322,230,true],"eggnews-single-large":["https:\/\/dublagembrasileira.com.br\/wp-content\/uploads\/2019\/07\/myhero2.jpg",674,475,false],"crp_thumbnail":["https:\/\/dublagembrasileira.com.br\/wp-content\/uploads\/2019\/07\/myhero2.jpg",150,106,false]},"rttpg_author":{"display_name":"Iza\u00edas Correia","author_link":"https:\/\/dublagembrasileira.com.br\/?author=1"},"rttpg_comment":0,"rttpg_category":"<a href=\"https:\/\/dublagembrasileira.com.br\/?cat=5\" rel=\"category\">Animes<\/a> <a href=\"https:\/\/dublagembrasileira.com.br\/?cat=7\" rel=\"category\">Cinema<\/a> <a href=\"https:\/\/dublagembrasileira.com.br\/?cat=13\" rel=\"category\">Not\u00edcias<\/a>","rttpg_excerpt":"Filme que estreia em agosto tem parte da dublagem exibida em trailer de 2 minutos. My Hero Academia \u2013 2 Her\u00f3is, que j\u00e1 teve parte do seu elenco brasileiro de dublagem confirmado aqui no DB recebeu uma nova pr\u00e9via dublada. O filme conta a hist\u00f3ria de Deku e All Might que recebem um convite para&hellip;","_links":{"self":[{"href":"https:\/\/dublagembrasileira.com.br\/index.php?rest_route=\/wp\/v2\/posts\/1049","targetHints":{"allow":["GET"]}}],"collection":[{"href":"https:\/\/dublagembrasileira.com.br\/index.php?rest_route=\/wp\/v2\/posts"}],"about":[{"href":"https:\/\/dublagembrasileira.com.br\/index.php?rest_route=\/wp\/v2\/types\/post"}],"author":[{"embeddable":true,"href":"https:\/\/dublagembrasileira.com.br\/index.php?rest_route=\/wp\/v2\/users\/1"}],"replies":[{"embeddable":true,"href":"https:\/\/dublagembrasileira.com.br\/index.php?rest_route=%2Fwp%2Fv2%2Fcomments&post=1049"}],"version-history":[{"count":3,"href":"https:\/\/dublagembrasileira.com.br\/index.php?rest_route=\/wp\/v2\/posts\/1049\/revisions"}],"predecessor-version":[{"id":1281,"href":"https:\/\/dublagembrasileira.com.br\/index.php?rest_route=\/wp\/v2\/posts\/1049\/revisions\/1281"}],"wp:featuredmedia":[{"embeddable":true,"href":"https:\/\/dublagembrasileira.com.br\/index.php?rest_route=\/wp\/v2\/media\/412"}],"wp:attachment":[{"href":"https:\/\/dublagembrasileira.com.br\/index.php?rest_route=%2Fwp%2Fv2%2Fmedia&parent=1049"}],"wp:term":[{"taxonomy":"category","embeddable":true,"href":"https:\/\/dublagembrasileira.com.br\/index.php?rest_route=%2Fwp%2Fv2%2Fcategories&post=1049"},{"taxonomy":"post_tag","embeddable":true,"href":"https:\/\/dublagembrasileira.com.br\/index.php?rest_route=%2Fwp%2Fv2%2Ftags&post=1049"}],"curies":[{"name":"wp","href":"https:\/\/api.w.org\/{rel}","templated":true}]}}