{"id":1043,"date":"2019-07-21T12:41:42","date_gmt":"2019-07-21T12:41:42","guid":{"rendered":"http:\/\/dublagembrasileira.com.br\/?p=1043"},"modified":"2019-07-22T16:08:18","modified_gmt":"2019-07-22T16:08:18","slug":"tiago-abravanel-a-voz-do-ralph-dubla-em-serie-da-disney-jr","status":"publish","type":"post","link":"https:\/\/dublagembrasileira.com.br\/?p=1043","title":{"rendered":"Tiago Abravanel, a voz do Ralph dubla em s\u00e9rie da Disney Jr."},"content":{"rendered":"<h4><em>Ator que a fez a voz do protagonista em Detona Ralph volta \u00e1 dublagem.<\/em><\/h4>\n<hr \/>\n<p style=\"text-align: justify;\">Estreou ontem (20) no canal Disney Junior a s\u00e9rie <strong>Nivis, Amigos de Outro Mundo<\/strong>. O programa que foi ao ar \u00e0s 18h, ser\u00e1 na verdade apresentado de segunda a sexta, sempre nesse hor\u00e1rio.<\/p>\n<p style=\"text-align: justify;\">A s\u00e9rie \u00e9 o primeiro produto original do Disney Junior que mistura personagens e cen\u00e1rios reais com anima\u00e7\u00e3o em 3D. Os personagens da fam\u00edlia Nivi foram totalmente desenvolvidos por anima\u00e7\u00e3o computadorizada, pelas m\u00e3os de uma equipe de animadores, mas estes seres de outro mundo interagem com os personagens humanos em todos os 40 epis\u00f3dios, com 11 minutos de dura\u00e7\u00e3o cada.<\/p>\n<p style=\"text-align: justify;\">A hist\u00f3ria mostra a jornada dos Nivis, uma fam\u00edlia que veio do planeta Nivilux e chega \u00e0 Terra por acaso em uma aterrissagem for\u00e7ada. A nave deles cai no quarto de Felipe, um escritor e desenhista que mora com a filha, Isabella, na casa do pai, Amadeo. Felipe \u00e9 interpretado pelo ator brasileiro Vinicius Campos.<\/p>\n<figure id=\"attachment_1044\" aria-describedby=\"caption-attachment-1044\" style=\"width: 1200px\" class=\"wp-caption alignnone\"><img fetchpriority=\"high\" decoding=\"async\" class=\"size-full wp-image-1044\" src=\"http:\/\/dublagembrasileira.com.br\/wp-content\/uploads\/2019\/07\/serie-nivis-disney.jpg\" alt=\"\" width=\"1200\" height=\"740\" srcset=\"https:\/\/dublagembrasileira.com.br\/wp-content\/uploads\/2019\/07\/serie-nivis-disney.jpg 1200w, https:\/\/dublagembrasileira.com.br\/wp-content\/uploads\/2019\/07\/serie-nivis-disney-300x185.jpg 300w, https:\/\/dublagembrasileira.com.br\/wp-content\/uploads\/2019\/07\/serie-nivis-disney-768x474.jpg 768w, https:\/\/dublagembrasileira.com.br\/wp-content\/uploads\/2019\/07\/serie-nivis-disney-1024x631.jpg 1024w\" sizes=\"(max-width: 1200px) 100vw, 1200px\" \/><figcaption id=\"caption-attachment-1044\" class=\"wp-caption-text\">S\u00e9rie discute preconceito e aceita\u00e7\u00e3o.<\/figcaption><\/figure>\n<p style=\"text-align: justify;\">No Brasil, a s\u00e9rie conta com a participa\u00e7\u00e3o de Tiago Abravanel, que dubla o personagem Baldo, pai da fam\u00edlia Nivi. Tiago \u00e9 neto de S\u00edlvio Santos, e estreou em dublagem fazendo a voz do protagonista da anima\u00e7\u00e3o <strong>Detona Ralph<\/strong> (Wreck-It Ralph).<\/p>\n<p style=\"text-align: justify;\">Na televis\u00e3o come\u00e7ou como Davi na novela <strong>Amor e Revolu\u00e7\u00e3o<\/strong>. No mesmo ano, interpretou Tim Maia no musical <strong>Tim Maia &#8211; Vale Tudo<\/strong> baseado no livro de Nelson Motta. Em 2012 atuou na novela da Rede Globo <strong>Salve Jorge<\/strong> que lhe rendeu o trof\u00e9u da categoria Revela\u00e7\u00e3o do Doming\u00e3o do Faust\u00e3o. Em 2015, participou da s\u00e9rie da Rede Globo <strong>Chapa Quente<\/strong> e em junho de 2017 apresentou o programa <strong>Papo de Almo\u00e7o<\/strong> na R\u00e1dio Globo.<\/p>\n<p>Al\u00e9m do trecho colocado abaixo voc\u00ea pode curtir mais material da s\u00e9rie no <a href=\"https:\/\/www.youtube.com\/channel\/UCofORWTh9OYkrls8ruk2e0g\">canal oficial<\/a> da Disney Junior.<\/p>\n<p style=\"text-align: center;\"><iframe data-src=\"https:\/\/www.youtube.com\/embed\/1unjmDWO3KQ\" width=\"560\" height=\"315\" frameborder=\"0\" allowfullscreen=\"allowfullscreen\" src=\"data:image\/svg+xml;base64,PHN2ZyB3aWR0aD0iMSIgaGVpZ2h0PSIxIiB4bWxucz0iaHR0cDovL3d3dy53My5vcmcvMjAwMC9zdmciPjwvc3ZnPg==\" class=\"lazyload\" data-load-mode=\"1\"><\/iframe><\/p>\n","protected":false},"excerpt":{"rendered":"<p>Ator que a fez a voz do protagonista em Detona Ralph volta \u00e1 dublagem. Estreou ontem (20) no canal Disney Junior a s\u00e9rie Nivis, Amigos de Outro Mundo. O programa que foi ao ar \u00e0s 18h, ser\u00e1 na verdade apresentado de segunda a sexta, sempre nesse hor\u00e1rio. A s\u00e9rie \u00e9 o primeiro produto original do Disney Junior que mistura personagens e cen\u00e1rios reais com anima\u00e7\u00e3o em 3D. Os personagens da fam\u00edlia Nivi foram totalmente desenvolvidos por anima\u00e7\u00e3o computadorizada, pelas m\u00e3os de uma equipe de animadores, mas estes seres de outro mundo interagem com os personagens humanos em todos os 40 epis\u00f3dios, com 11 minutos de dura\u00e7\u00e3o cada. A hist\u00f3ria mostra a jornada dos Nivis, uma fam\u00edlia que veio do planeta Nivilux e chega \u00e0 Terra por acaso em uma aterrissagem for\u00e7ada. A nave deles cai no quarto de Felipe, um escritor e desenhista que mora com a filha, Isabella, na casa do pai, Amadeo. Felipe \u00e9 interpretado pelo ator brasileiro Vinicius Campos. No Brasil, a s\u00e9rie conta com a participa\u00e7\u00e3o de Tiago Abravanel, que dubla o personagem Baldo, pai da fam\u00edlia Nivi. Tiago \u00e9 neto de S\u00edlvio Santos, e estreou em dublagem fazendo a voz do protagonista da anima\u00e7\u00e3o Detona Ralph (Wreck-It Ralph). Na televis\u00e3o come\u00e7ou como Davi na novela Amor e Revolu\u00e7\u00e3o. No mesmo ano, interpretou Tim Maia no musical Tim Maia &#8211; Vale Tudo baseado no livro de Nelson Motta. Em 2012 atuou na novela da Rede Globo Salve Jorge que lhe rendeu o trof\u00e9u da categoria Revela\u00e7\u00e3o do Doming\u00e3o do Faust\u00e3o. Em 2015, participou da s\u00e9rie da Rede Globo Chapa Quente e em junho de 2017 apresentou o programa Papo de Almo\u00e7o na R\u00e1dio Globo. Al\u00e9m do trecho colocado abaixo voc\u00ea pode curtir mais material da s\u00e9rie no canal oficial da Disney Junior.<\/p>\n","protected":false},"author":1,"featured_media":1045,"comment_status":"open","ping_status":"open","sticky":false,"template":"","format":"standard","meta":{"_monsterinsights_skip_tracking":false,"_monsterinsights_sitenote_active":false,"_monsterinsights_sitenote_note":"","_monsterinsights_sitenote_category":0,"footnotes":""},"categories":[13,3,8],"tags":[127,124,33,34,27,133],"class_list":["post-1043","post","type-post","status-publish","format-standard","has-post-thumbnail","hentry","category-noticias","category-series","category-televisao","tag-dubla","tag-dublado","tag-dublador","tag-dubladora","tag-dublagem","tag-tiago-abravanel"],"yoast_head":"<!-- This site is optimized with the Yoast SEO plugin v26.1.1 - https:\/\/yoast.com\/wordpress\/plugins\/seo\/ -->\n<title>Tiago Abravanel, a voz do Ralph dubla em s\u00e9rie da Disney Jr. | DB - Dublagem Brasileira<\/title>\n<meta name=\"description\" content=\"Tiago Abravanel, que a fez a voz do protagonista em Detona Ralph, volta \u00e0 dublagem na s\u00e9rie infantil Nivis, Amigos de Outro Mundo.\" \/>\n<meta name=\"robots\" content=\"index, follow, max-snippet:-1, max-image-preview:large, max-video-preview:-1\" \/>\n<link rel=\"canonical\" href=\"https:\/\/dublagembrasileira.com.br\/?p=1043\" \/>\n<meta property=\"og:locale\" content=\"pt_BR\" \/>\n<meta property=\"og:type\" content=\"article\" \/>\n<meta property=\"og:title\" content=\"Tiago Abravanel, a voz do Ralph dubla em s\u00e9rie da Disney Jr. | DB - Dublagem Brasileira\" \/>\n<meta property=\"og:description\" content=\"Tiago Abravanel, que a fez a voz do protagonista em Detona Ralph, volta \u00e0 dublagem na s\u00e9rie infantil Nivis, Amigos de Outro Mundo.\" \/>\n<meta property=\"og:url\" content=\"https:\/\/dublagembrasileira.com.br\/?p=1043\" \/>\n<meta property=\"og:site_name\" content=\"DB - Dublagem Brasileira\" \/>\n<meta property=\"article:published_time\" content=\"2019-07-21T12:41:42+00:00\" \/>\n<meta property=\"article:modified_time\" content=\"2019-07-22T16:08:18+00:00\" \/>\n<meta property=\"og:image\" content=\"https:\/\/dublagembrasileira.com.br\/wp-content\/uploads\/2019\/07\/tiago-abravanel-nivis.jpg\" \/>\n\t<meta property=\"og:image:width\" content=\"825\" \/>\n\t<meta property=\"og:image:height\" content=\"509\" \/>\n\t<meta property=\"og:image:type\" content=\"image\/jpeg\" \/>\n<meta name=\"author\" content=\"Iza\u00edas Correia\" \/>\n<meta name=\"twitter:card\" content=\"summary_large_image\" \/>\n<meta name=\"twitter:label1\" content=\"Escrito por\" \/>\n\t<meta name=\"twitter:data1\" content=\"Iza\u00edas Correia\" \/>\n\t<meta name=\"twitter:label2\" content=\"Est. tempo de leitura\" \/>\n\t<meta name=\"twitter:data2\" content=\"2 minutos\" \/>\n<script type=\"application\/ld+json\" class=\"yoast-schema-graph\">{\"@context\":\"https:\/\/schema.org\",\"@graph\":[{\"@type\":\"Article\",\"@id\":\"https:\/\/dublagembrasileira.com.br\/?p=1043#article\",\"isPartOf\":{\"@id\":\"https:\/\/dublagembrasileira.com.br\/?p=1043\"},\"author\":{\"name\":\"Iza\u00edas Correia\",\"@id\":\"https:\/\/dublagembrasileira.com.br\/#\/schema\/person\/6298fd46a47d1ef447a90b2fc9f2b215\"},\"headline\":\"Tiago Abravanel, a voz do Ralph dubla em s\u00e9rie da Disney Jr.\",\"datePublished\":\"2019-07-21T12:41:42+00:00\",\"dateModified\":\"2019-07-22T16:08:18+00:00\",\"mainEntityOfPage\":{\"@id\":\"https:\/\/dublagembrasileira.com.br\/?p=1043\"},\"wordCount\":342,\"commentCount\":0,\"publisher\":{\"@id\":\"https:\/\/dublagembrasileira.com.br\/#organization\"},\"image\":{\"@id\":\"https:\/\/dublagembrasileira.com.br\/?p=1043#primaryimage\"},\"thumbnailUrl\":\"https:\/\/dublagembrasileira.com.br\/wp-content\/uploads\/2019\/07\/tiago-abravanel-nivis.jpg\",\"keywords\":[\"dubla\",\"dublado\",\"dublador\",\"dubladora\",\"dublagem\",\"tiago abravanel\"],\"articleSection\":[\"Not\u00edcias\",\"S\u00e9ries\",\"Televis\u00e3o\"],\"inLanguage\":\"pt-BR\",\"potentialAction\":[{\"@type\":\"CommentAction\",\"name\":\"Comment\",\"target\":[\"https:\/\/dublagembrasileira.com.br\/?p=1043#respond\"]}]},{\"@type\":\"WebPage\",\"@id\":\"https:\/\/dublagembrasileira.com.br\/?p=1043\",\"url\":\"https:\/\/dublagembrasileira.com.br\/?p=1043\",\"name\":\"Tiago Abravanel, a voz do Ralph dubla em s\u00e9rie da Disney Jr. | DB - Dublagem Brasileira\",\"isPartOf\":{\"@id\":\"https:\/\/dublagembrasileira.com.br\/#website\"},\"primaryImageOfPage\":{\"@id\":\"https:\/\/dublagembrasileira.com.br\/?p=1043#primaryimage\"},\"image\":{\"@id\":\"https:\/\/dublagembrasileira.com.br\/?p=1043#primaryimage\"},\"thumbnailUrl\":\"https:\/\/dublagembrasileira.com.br\/wp-content\/uploads\/2019\/07\/tiago-abravanel-nivis.jpg\",\"datePublished\":\"2019-07-21T12:41:42+00:00\",\"dateModified\":\"2019-07-22T16:08:18+00:00\",\"description\":\"Tiago Abravanel, que a fez a voz do protagonista em Detona Ralph, volta \u00e0 dublagem na s\u00e9rie infantil Nivis, Amigos de Outro Mundo.\",\"breadcrumb\":{\"@id\":\"https:\/\/dublagembrasileira.com.br\/?p=1043#breadcrumb\"},\"inLanguage\":\"pt-BR\",\"potentialAction\":[{\"@type\":\"ReadAction\",\"target\":[\"https:\/\/dublagembrasileira.com.br\/?p=1043\"]}]},{\"@type\":\"ImageObject\",\"inLanguage\":\"pt-BR\",\"@id\":\"https:\/\/dublagembrasileira.com.br\/?p=1043#primaryimage\",\"url\":\"https:\/\/dublagembrasileira.com.br\/wp-content\/uploads\/2019\/07\/tiago-abravanel-nivis.jpg\",\"contentUrl\":\"https:\/\/dublagembrasileira.com.br\/wp-content\/uploads\/2019\/07\/tiago-abravanel-nivis.jpg\",\"width\":825,\"height\":509},{\"@type\":\"BreadcrumbList\",\"@id\":\"https:\/\/dublagembrasileira.com.br\/?p=1043#breadcrumb\",\"itemListElement\":[{\"@type\":\"ListItem\",\"position\":1,\"name\":\"In\u00edcio\",\"item\":\"https:\/\/dublagembrasileira.com.br\/\"},{\"@type\":\"ListItem\",\"position\":2,\"name\":\"Tiago Abravanel, a voz do Ralph dubla em s\u00e9rie da Disney Jr.\"}]},{\"@type\":\"WebSite\",\"@id\":\"https:\/\/dublagembrasileira.com.br\/#website\",\"url\":\"https:\/\/dublagembrasileira.com.br\/\",\"name\":\"DB - Dublagem Brasileira\",\"description\":\"O seu portal de dublagem.\",\"publisher\":{\"@id\":\"https:\/\/dublagembrasileira.com.br\/#organization\"},\"potentialAction\":[{\"@type\":\"SearchAction\",\"target\":{\"@type\":\"EntryPoint\",\"urlTemplate\":\"https:\/\/dublagembrasileira.com.br\/?s={search_term_string}\"},\"query-input\":{\"@type\":\"PropertyValueSpecification\",\"valueRequired\":true,\"valueName\":\"search_term_string\"}}],\"inLanguage\":\"pt-BR\"},{\"@type\":\"Organization\",\"@id\":\"https:\/\/dublagembrasileira.com.br\/#organization\",\"name\":\"DB - Dublagem Brasileira\",\"url\":\"https:\/\/dublagembrasileira.com.br\/\",\"logo\":{\"@type\":\"ImageObject\",\"inLanguage\":\"pt-BR\",\"@id\":\"https:\/\/dublagembrasileira.com.br\/#\/schema\/logo\/image\/\",\"url\":\"https:\/\/dublagembrasileira.com.br\/wp-content\/uploads\/2019\/07\/cropped-logotipodb.png\",\"contentUrl\":\"https:\/\/dublagembrasileira.com.br\/wp-content\/uploads\/2019\/07\/cropped-logotipodb.png\",\"width\":946,\"height\":589,\"caption\":\"DB - Dublagem Brasileira\"},\"image\":{\"@id\":\"https:\/\/dublagembrasileira.com.br\/#\/schema\/logo\/image\/\"}},{\"@type\":\"Person\",\"@id\":\"https:\/\/dublagembrasileira.com.br\/#\/schema\/person\/6298fd46a47d1ef447a90b2fc9f2b215\",\"name\":\"Iza\u00edas Correia\",\"image\":{\"@type\":\"ImageObject\",\"inLanguage\":\"pt-BR\",\"@id\":\"https:\/\/dublagembrasileira.com.br\/#\/schema\/person\/image\/\",\"url\":\"http:\/\/dublagembrasileira.com.br\/wp-content\/uploads\/2025\/06\/cropped-izaiascorreia-96x96.jpg\",\"contentUrl\":\"http:\/\/dublagembrasileira.com.br\/wp-content\/uploads\/2025\/06\/cropped-izaiascorreia-96x96.jpg\",\"caption\":\"Iza\u00edas Correia\"},\"description\":\"Professor, roteirista e web-designer, respons\u00e1vel pelo site InfanTv. Tamb\u00e9m \u00e9 pesquisador da dublagem brasileira.\",\"url\":\"https:\/\/dublagembrasileira.com.br\/?author=1\"}]}<\/script>\n<!-- \/ Yoast SEO plugin. -->","yoast_head_json":{"title":"Tiago Abravanel, a voz do Ralph dubla em s\u00e9rie da Disney Jr. | DB - Dublagem Brasileira","description":"Tiago Abravanel, que a fez a voz do protagonista em Detona Ralph, volta \u00e0 dublagem na s\u00e9rie infantil Nivis, Amigos de Outro Mundo.","robots":{"index":"index","follow":"follow","max-snippet":"max-snippet:-1","max-image-preview":"max-image-preview:large","max-video-preview":"max-video-preview:-1"},"canonical":"https:\/\/dublagembrasileira.com.br\/?p=1043","og_locale":"pt_BR","og_type":"article","og_title":"Tiago Abravanel, a voz do Ralph dubla em s\u00e9rie da Disney Jr. | DB - Dublagem Brasileira","og_description":"Tiago Abravanel, que a fez a voz do protagonista em Detona Ralph, volta \u00e0 dublagem na s\u00e9rie infantil Nivis, Amigos de Outro Mundo.","og_url":"https:\/\/dublagembrasileira.com.br\/?p=1043","og_site_name":"DB - Dublagem Brasileira","article_published_time":"2019-07-21T12:41:42+00:00","article_modified_time":"2019-07-22T16:08:18+00:00","og_image":[{"width":825,"height":509,"url":"https:\/\/dublagembrasileira.com.br\/wp-content\/uploads\/2019\/07\/tiago-abravanel-nivis.jpg","type":"image\/jpeg"}],"author":"Iza\u00edas Correia","twitter_card":"summary_large_image","twitter_misc":{"Escrito por":"Iza\u00edas Correia","Est. tempo de leitura":"2 minutos"},"schema":{"@context":"https:\/\/schema.org","@graph":[{"@type":"Article","@id":"https:\/\/dublagembrasileira.com.br\/?p=1043#article","isPartOf":{"@id":"https:\/\/dublagembrasileira.com.br\/?p=1043"},"author":{"name":"Iza\u00edas Correia","@id":"https:\/\/dublagembrasileira.com.br\/#\/schema\/person\/6298fd46a47d1ef447a90b2fc9f2b215"},"headline":"Tiago Abravanel, a voz do Ralph dubla em s\u00e9rie da Disney Jr.","datePublished":"2019-07-21T12:41:42+00:00","dateModified":"2019-07-22T16:08:18+00:00","mainEntityOfPage":{"@id":"https:\/\/dublagembrasileira.com.br\/?p=1043"},"wordCount":342,"commentCount":0,"publisher":{"@id":"https:\/\/dublagembrasileira.com.br\/#organization"},"image":{"@id":"https:\/\/dublagembrasileira.com.br\/?p=1043#primaryimage"},"thumbnailUrl":"https:\/\/dublagembrasileira.com.br\/wp-content\/uploads\/2019\/07\/tiago-abravanel-nivis.jpg","keywords":["dubla","dublado","dublador","dubladora","dublagem","tiago abravanel"],"articleSection":["Not\u00edcias","S\u00e9ries","Televis\u00e3o"],"inLanguage":"pt-BR","potentialAction":[{"@type":"CommentAction","name":"Comment","target":["https:\/\/dublagembrasileira.com.br\/?p=1043#respond"]}]},{"@type":"WebPage","@id":"https:\/\/dublagembrasileira.com.br\/?p=1043","url":"https:\/\/dublagembrasileira.com.br\/?p=1043","name":"Tiago Abravanel, a voz do Ralph dubla em s\u00e9rie da Disney Jr. | DB - Dublagem Brasileira","isPartOf":{"@id":"https:\/\/dublagembrasileira.com.br\/#website"},"primaryImageOfPage":{"@id":"https:\/\/dublagembrasileira.com.br\/?p=1043#primaryimage"},"image":{"@id":"https:\/\/dublagembrasileira.com.br\/?p=1043#primaryimage"},"thumbnailUrl":"https:\/\/dublagembrasileira.com.br\/wp-content\/uploads\/2019\/07\/tiago-abravanel-nivis.jpg","datePublished":"2019-07-21T12:41:42+00:00","dateModified":"2019-07-22T16:08:18+00:00","description":"Tiago Abravanel, que a fez a voz do protagonista em Detona Ralph, volta \u00e0 dublagem na s\u00e9rie infantil Nivis, Amigos de Outro Mundo.","breadcrumb":{"@id":"https:\/\/dublagembrasileira.com.br\/?p=1043#breadcrumb"},"inLanguage":"pt-BR","potentialAction":[{"@type":"ReadAction","target":["https:\/\/dublagembrasileira.com.br\/?p=1043"]}]},{"@type":"ImageObject","inLanguage":"pt-BR","@id":"https:\/\/dublagembrasileira.com.br\/?p=1043#primaryimage","url":"https:\/\/dublagembrasileira.com.br\/wp-content\/uploads\/2019\/07\/tiago-abravanel-nivis.jpg","contentUrl":"https:\/\/dublagembrasileira.com.br\/wp-content\/uploads\/2019\/07\/tiago-abravanel-nivis.jpg","width":825,"height":509},{"@type":"BreadcrumbList","@id":"https:\/\/dublagembrasileira.com.br\/?p=1043#breadcrumb","itemListElement":[{"@type":"ListItem","position":1,"name":"In\u00edcio","item":"https:\/\/dublagembrasileira.com.br\/"},{"@type":"ListItem","position":2,"name":"Tiago Abravanel, a voz do Ralph dubla em s\u00e9rie da Disney Jr."}]},{"@type":"WebSite","@id":"https:\/\/dublagembrasileira.com.br\/#website","url":"https:\/\/dublagembrasileira.com.br\/","name":"DB - Dublagem Brasileira","description":"O seu portal de dublagem.","publisher":{"@id":"https:\/\/dublagembrasileira.com.br\/#organization"},"potentialAction":[{"@type":"SearchAction","target":{"@type":"EntryPoint","urlTemplate":"https:\/\/dublagembrasileira.com.br\/?s={search_term_string}"},"query-input":{"@type":"PropertyValueSpecification","valueRequired":true,"valueName":"search_term_string"}}],"inLanguage":"pt-BR"},{"@type":"Organization","@id":"https:\/\/dublagembrasileira.com.br\/#organization","name":"DB - Dublagem Brasileira","url":"https:\/\/dublagembrasileira.com.br\/","logo":{"@type":"ImageObject","inLanguage":"pt-BR","@id":"https:\/\/dublagembrasileira.com.br\/#\/schema\/logo\/image\/","url":"https:\/\/dublagembrasileira.com.br\/wp-content\/uploads\/2019\/07\/cropped-logotipodb.png","contentUrl":"https:\/\/dublagembrasileira.com.br\/wp-content\/uploads\/2019\/07\/cropped-logotipodb.png","width":946,"height":589,"caption":"DB - Dublagem Brasileira"},"image":{"@id":"https:\/\/dublagembrasileira.com.br\/#\/schema\/logo\/image\/"}},{"@type":"Person","@id":"https:\/\/dublagembrasileira.com.br\/#\/schema\/person\/6298fd46a47d1ef447a90b2fc9f2b215","name":"Iza\u00edas Correia","image":{"@type":"ImageObject","inLanguage":"pt-BR","@id":"https:\/\/dublagembrasileira.com.br\/#\/schema\/person\/image\/","url":"http:\/\/dublagembrasileira.com.br\/wp-content\/uploads\/2025\/06\/cropped-izaiascorreia-96x96.jpg","contentUrl":"http:\/\/dublagembrasileira.com.br\/wp-content\/uploads\/2025\/06\/cropped-izaiascorreia-96x96.jpg","caption":"Iza\u00edas Correia"},"description":"Professor, roteirista e web-designer, respons\u00e1vel pelo site InfanTv. Tamb\u00e9m \u00e9 pesquisador da dublagem brasileira.","url":"https:\/\/dublagembrasileira.com.br\/?author=1"}]}},"rttpg_featured_image_url":{"full":["https:\/\/dublagembrasileira.com.br\/wp-content\/uploads\/2019\/07\/tiago-abravanel-nivis.jpg",825,509,false],"landscape":["https:\/\/dublagembrasileira.com.br\/wp-content\/uploads\/2019\/07\/tiago-abravanel-nivis.jpg",825,509,false],"portraits":["https:\/\/dublagembrasileira.com.br\/wp-content\/uploads\/2019\/07\/tiago-abravanel-nivis.jpg",825,509,false],"thumbnail":["https:\/\/dublagembrasileira.com.br\/wp-content\/uploads\/2019\/07\/tiago-abravanel-nivis-150x150.jpg",150,150,true],"medium":["https:\/\/dublagembrasileira.com.br\/wp-content\/uploads\/2019\/07\/tiago-abravanel-nivis-300x185.jpg",300,185,true],"large":["https:\/\/dublagembrasileira.com.br\/wp-content\/uploads\/2019\/07\/tiago-abravanel-nivis.jpg",640,395,false],"1536x1536":["https:\/\/dublagembrasileira.com.br\/wp-content\/uploads\/2019\/07\/tiago-abravanel-nivis.jpg",825,509,false],"2048x2048":["https:\/\/dublagembrasileira.com.br\/wp-content\/uploads\/2019\/07\/tiago-abravanel-nivis.jpg",825,509,false],"eggnews-slider-large":["https:\/\/dublagembrasileira.com.br\/wp-content\/uploads\/2019\/07\/tiago-abravanel-nivis.jpg",825,509,false],"eggnews-featured-medium":["https:\/\/dublagembrasileira.com.br\/wp-content\/uploads\/2019\/07\/tiago-abravanel-nivis-420x307.jpg",420,307,true],"eggnews-featured-long":["https:\/\/dublagembrasileira.com.br\/wp-content\/uploads\/2019\/07\/tiago-abravanel-nivis-300x443.jpg",300,443,true],"eggnews-block-medium":["https:\/\/dublagembrasileira.com.br\/wp-content\/uploads\/2019\/07\/tiago-abravanel-nivis-464x290.jpg",464,290,true],"eggnews-carousel-image":["https:\/\/dublagembrasileira.com.br\/wp-content\/uploads\/2019\/07\/tiago-abravanel-nivis-600x500.jpg",600,500,true],"eggnews-block-thumb":["https:\/\/dublagembrasileira.com.br\/wp-content\/uploads\/2019\/07\/tiago-abravanel-nivis-322x230.jpg",322,230,true],"eggnews-single-large":["https:\/\/dublagembrasileira.com.br\/wp-content\/uploads\/2019\/07\/tiago-abravanel-nivis.jpg",825,509,false],"crp_thumbnail":["https:\/\/dublagembrasileira.com.br\/wp-content\/uploads\/2019\/07\/tiago-abravanel-nivis-150x150.jpg",150,150,true]},"rttpg_author":{"display_name":"Iza\u00edas Correia","author_link":"https:\/\/dublagembrasileira.com.br\/?author=1"},"rttpg_comment":0,"rttpg_category":"<a href=\"https:\/\/dublagembrasileira.com.br\/?cat=13\" rel=\"category\">Not\u00edcias<\/a> <a href=\"https:\/\/dublagembrasileira.com.br\/?cat=3\" rel=\"category\">S\u00e9ries<\/a> <a href=\"https:\/\/dublagembrasileira.com.br\/?cat=8\" rel=\"category\">Televis\u00e3o<\/a>","rttpg_excerpt":"Ator que a fez a voz do protagonista em Detona Ralph volta \u00e1 dublagem. Estreou ontem (20) no canal Disney Junior a s\u00e9rie Nivis, Amigos de Outro Mundo. O programa que foi ao ar \u00e0s 18h, ser\u00e1 na verdade apresentado de segunda a sexta, sempre nesse hor\u00e1rio. A s\u00e9rie \u00e9 o primeiro produto original do&hellip;","_links":{"self":[{"href":"https:\/\/dublagembrasileira.com.br\/index.php?rest_route=\/wp\/v2\/posts\/1043","targetHints":{"allow":["GET"]}}],"collection":[{"href":"https:\/\/dublagembrasileira.com.br\/index.php?rest_route=\/wp\/v2\/posts"}],"about":[{"href":"https:\/\/dublagembrasileira.com.br\/index.php?rest_route=\/wp\/v2\/types\/post"}],"author":[{"embeddable":true,"href":"https:\/\/dublagembrasileira.com.br\/index.php?rest_route=\/wp\/v2\/users\/1"}],"replies":[{"embeddable":true,"href":"https:\/\/dublagembrasileira.com.br\/index.php?rest_route=%2Fwp%2Fv2%2Fcomments&post=1043"}],"version-history":[{"count":3,"href":"https:\/\/dublagembrasileira.com.br\/index.php?rest_route=\/wp\/v2\/posts\/1043\/revisions"}],"predecessor-version":[{"id":1048,"href":"https:\/\/dublagembrasileira.com.br\/index.php?rest_route=\/wp\/v2\/posts\/1043\/revisions\/1048"}],"wp:featuredmedia":[{"embeddable":true,"href":"https:\/\/dublagembrasileira.com.br\/index.php?rest_route=\/wp\/v2\/media\/1045"}],"wp:attachment":[{"href":"https:\/\/dublagembrasileira.com.br\/index.php?rest_route=%2Fwp%2Fv2%2Fmedia&parent=1043"}],"wp:term":[{"taxonomy":"category","embeddable":true,"href":"https:\/\/dublagembrasileira.com.br\/index.php?rest_route=%2Fwp%2Fv2%2Fcategories&post=1043"},{"taxonomy":"post_tag","embeddable":true,"href":"https:\/\/dublagembrasileira.com.br\/index.php?rest_route=%2Fwp%2Fv2%2Ftags&post=1043"}],"curies":[{"name":"wp","href":"https:\/\/api.w.org\/{rel}","templated":true}]}}